{"id":3082,"date":"2018-06-06T12:15:30","date_gmt":"2018-06-06T12:15:30","guid":{"rendered":""},"modified":"2026-03-11T09:11:57","modified_gmt":"2026-03-11T14:11:57","slug":"caritas-el-peru-apoyo-a-mas-de-22-mil-familias-con-ayuda-humanitaria","status":"publish","type":"post","link":"https:\/\/ceas.org.pe\/index.php\/2018\/06\/06\/caritas-el-peru-apoyo-a-mas-de-22-mil-familias-con-ayuda-humanitaria\/","title":{"rendered":"C\u00e1ritas el Per\u00fa apoy\u00f3 a m\u00e1s de 22 mil familias con ayuda humanitaria"},"content":{"rendered":"<p><span style=\"color: rgb(51, 51, 51); font-family: Calibri, sans-serif; font-size: 11pt; background-color: rgb(246, 246, 246); text-align: justify;\">C\u00e1ritas del Per\u00fa, organizaci\u00f3n de la Iglesia Cat\u00f3lica que forma parte de la Conferencia Episcopal Peruana, presenta su Balance Social correspondiente al a\u00f1o 2017, elaborado en base a los nuevos est\u00e1ndares de la Global Reporting Initiative (GRI), de conformidad con la opci\u00f3n Esencial, en donde muestran los resultados de su gesti\u00f3n.<\/span><\/p>\n<p style=\"margin:0cm;margin-bottom:.0001pt;text-align:justify;background:#F6F6F6;\nbox-sizing: border-box;font-variant-ligatures: normal;font-variant-caps: normal;\norphans: 2;widows: 2;-webkit-text-stroke-width: 0px;text-decoration-style: initial;\ntext-decoration-color: initial;word-spacing:0px\"><span style=\"font-size:11.0pt;\nfont-family:\"Calibri\",sans-serif;mso-ascii-theme-font:minor-latin;mso-hansi-theme-font:\nminor-latin;mso-bidi-theme-font:minor-latin;color:#333333\"><o:p>\u00a0<\/o:p><\/span><\/p>\n<p style=\"margin:0cm;margin-bottom:.0001pt;text-align:justify;background:#F6F6F6\"><span style=\"font-size:11.0pt;font-family:\"Calibri\",sans-serif;mso-ascii-theme-font:\nminor-latin;mso-hansi-theme-font:minor-latin;mso-bidi-theme-font:minor-latin;\ncolor:#333333\">C\u00e1ritas est\u00e1\u00a0adherida desde el a\u00f1o 2005 al Pacto Mundial de las Naciones Unidas\u00a0y sus programas, proyectos e intervenciones se encuentran alineados a los Objetivos de Desarrollo Sostenibles (ODS): 1: Fin de la pobreza, 2: Hambre cero, 3: Salud y bienestar, 4: Educaci\u00f3n de calidad, 11: Ciudades y comunidades sostenibles y 17: Alianzas para lograr los objetivos.<o:p><\/o:p><\/span><\/p>\n<p style=\"margin:0cm;margin-bottom:.0001pt;text-align:justify;background:#F6F6F6;\nbox-sizing: border-box;font-variant-ligatures: normal;font-variant-caps: normal;\norphans: 2;widows: 2;-webkit-text-stroke-width: 0px;text-decoration-style: initial;\ntext-decoration-color: initial;word-spacing:0px\"><span style=\"font-size:11.0pt;\nfont-family:\"Calibri\",sans-serif;mso-ascii-theme-font:minor-latin;mso-hansi-theme-font:\nminor-latin;mso-bidi-theme-font:minor-latin;color:#333333\"><o:p>\u00a0<\/o:p><\/span><\/p>\n<p style=\"margin:0cm;margin-bottom:.0001pt;text-align:justify;background:#F6F6F6\"><span style=\"font-size:11.0pt;font-family:\"Calibri\",sans-serif;mso-ascii-theme-font:\nminor-latin;mso-hansi-theme-font:minor-latin;mso-bidi-theme-font:minor-latin;\ncolor:#333333\">Todo ello, ha significado que se concentren en mejorar su organizaci\u00f3n en t\u00e9rminos de eficiencia y austeridad, as\u00ed como fortalecer las capacidades de su Red de C\u00e1ritas Diocesanas en sus respectivos \u00e1mbitos de intervenci\u00f3n, de la mano con los Est\u00e1ndares de Gesti\u00f3n que propone la Confederaci\u00f3n de Caritas Internationalis, de la cual forman parte.<o:p><\/o:p><\/span><\/p>\n<p style=\"margin:0cm;margin-bottom:.0001pt;text-align:justify;background:#F6F6F6;\nbox-sizing: border-box;font-variant-ligatures: normal;font-variant-caps: normal;\norphans: 2;widows: 2;-webkit-text-stroke-width: 0px;text-decoration-style: initial;\ntext-decoration-color: initial;word-spacing:0px\"><span style=\"font-size:11.0pt;\nfont-family:\"Calibri\",sans-serif;mso-ascii-theme-font:minor-latin;mso-hansi-theme-font:\nminor-latin;mso-bidi-theme-font:minor-latin;color:#333333\"><o:p>\u00a0<\/o:p><\/span><\/p>\n<p style=\"margin:0cm;margin-bottom:.0001pt;text-align:justify;background:#F6F6F6\"><span style=\"font-size:11.0pt;font-family:\"Calibri\",sans-serif;mso-ascii-theme-font:\nminor-latin;mso-hansi-theme-font:minor-latin;mso-bidi-theme-font:minor-latin;\ncolor:#333333\">En este Balance Social, C\u00e1ritas comparte con sus grupos de inter\u00e9s su rendici\u00f3n de cuentas, desempe\u00f1o en los aspectos econ\u00f3mico, social y ambiental, as\u00ed como su compromiso por el desarrollo humano integral y los esfuerzos e iniciativas de personas e instituciones que buscan configurarse como una sola familia humana preocupada por el bienestar de los m\u00e1s pobres.<o:p><\/o:p><\/span><\/p>\n<p style=\"margin:0cm;margin-bottom:.0001pt;text-align:justify;background:#F6F6F6;\nbox-sizing: border-box;font-variant-ligatures: normal;font-variant-caps: normal;\norphans: 2;widows: 2;-webkit-text-stroke-width: 0px;text-decoration-style: initial;\ntext-decoration-color: initial;word-spacing:0px\"><span style=\"font-size:11.0pt;\nfont-family:\"Calibri\",sans-serif;mso-ascii-theme-font:minor-latin;mso-hansi-theme-font:\nminor-latin;mso-bidi-theme-font:minor-latin;color:#333333\"><o:p>\u00a0<\/o:p><\/span><\/p>\n<p style=\"margin:0cm;margin-bottom:.0001pt;text-align:justify;background:#F6F6F6\"><span style=\"font-size:11.0pt;font-family:\"Calibri\",sans-serif;mso-ascii-theme-font:\nminor-latin;mso-hansi-theme-font:minor-latin;mso-bidi-theme-font:minor-latin;\ncolor:#333333\">C\u00e1ritas del Per\u00fa durante el a\u00f1o 2017 ejecut\u00f3 40 proyectos implementados con el apoyo de 35 organizaciones aliadas, beneficiando a 29,500 familias. Mientras que, a trav\u00e9s de sus 2 Programas de Ayuda Social atendieron a 193,306 personas con medicamentos, equipo biom\u00e9dico y donaciones nacionales e internaciones.<o:p><\/o:p><\/span><\/p>\n<p style=\"margin:0cm;margin-bottom:.0001pt;text-align:justify;background:#F6F6F6;\nbox-sizing: border-box;font-variant-ligatures: normal;font-variant-caps: normal;\norphans: 2;widows: 2;-webkit-text-stroke-width: 0px;text-decoration-style: initial;\ntext-decoration-color: initial;word-spacing:0px\"><span style=\"font-size:11.0pt;\nfont-family:\"Calibri\",sans-serif;mso-ascii-theme-font:minor-latin;mso-hansi-theme-font:\nminor-latin;mso-bidi-theme-font:minor-latin;color:#333333\"><o:p>\u00a0<\/o:p><\/span><\/p>\n<p style=\"margin:0cm;margin-bottom:.0001pt;text-align:justify;background:#F6F6F6\"><span style=\"font-size:11.0pt;font-family:\"Calibri\",sans-serif;mso-ascii-theme-font:\nminor-latin;mso-hansi-theme-font:minor-latin;mso-bidi-theme-font:minor-latin;\ncolor:#333333\">Tambi\u00e9n hay que destacar la labor de C\u00e1ritas durante la emergencia por el Fen\u00f3meno de El Ni\u00f1o Costero, en donde logr\u00f3 distribuir 1500 toneladas de ayuda humanitaria atendiendo a 50 mil familias damnificadas con el apoyo de m\u00e1s de 400 instituciones, empresas y p\u00fablico en general, gracias a la Campa\u00f1a \u201cPer\u00fa Da La Mano\u201d en alianza con el Grupo RPP y La Municipalidad de San Isidro.<o:p><\/o:p><\/span><\/p>\n<p style=\"margin:0cm;margin-bottom:.0001pt;text-align:justify;background:#F6F6F6;\nbox-sizing: border-box;font-variant-ligatures: normal;font-variant-caps: normal;\norphans: 2;widows: 2;-webkit-text-stroke-width: 0px;text-decoration-style: initial;\ntext-decoration-color: initial;word-spacing:0px\"><span style=\"font-size:11.0pt;\nfont-family:\"Calibri\",sans-serif;mso-ascii-theme-font:minor-latin;mso-hansi-theme-font:\nminor-latin;mso-bidi-theme-font:minor-latin;color:#333333\"><o:p>\u00a0<\/o:p><\/span><\/p>\n<p style=\"margin:0cm;margin-bottom:.0001pt;text-align:justify;background:#F6F6F6\"><span style=\"font-size:11.0pt;font-family:\"Calibri\",sans-serif;mso-ascii-theme-font:\nminor-latin;mso-hansi-theme-font:minor-latin;mso-bidi-theme-font:minor-latin;\ncolor:#333333\">Este Balance Social incluye como anexo, los principales logros y experiencias exitosas de algunas C\u00e1ritas Diocesanas, con las cuales coordina C\u00e1ritas a nivel nacional.<o:p><\/o:p><\/span><\/p>\n<p style=\"margin:0cm;margin-bottom:.0001pt;text-align:justify;background:#F6F6F6;\nbox-sizing: border-box;font-variant-ligatures: normal;font-variant-caps: normal;\norphans: 2;widows: 2;-webkit-text-stroke-width: 0px;text-decoration-style: initial;\ntext-decoration-color: initial;word-spacing:0px\"><span style=\"font-size:11.0pt;\nfont-family:\"Calibri\",sans-serif;mso-ascii-theme-font:minor-latin;mso-hansi-theme-font:\nminor-latin;mso-bidi-theme-font:minor-latin;color:#333333\"><o:p>\u00a0<\/o:p><\/span><\/p>\n<p style=\"margin:0cm;margin-bottom:.0001pt;text-align:justify;background:#F6F6F6\"><span style=\"font-size:11.0pt;font-family:\"Calibri\",sans-serif;mso-ascii-theme-font:\nminor-latin;mso-hansi-theme-font:minor-latin;mso-bidi-theme-font:minor-latin;\ncolor:#333333\">C\u00e1ritas del Per\u00fa, entiende la responsabilidad social como un compromiso efectivo y verificable para lograr el \u00e9xito econ\u00f3mico y social, respetando la dignidad de las personas, la promoci\u00f3n del desarrollo humano integral y sostenible, as\u00ed como el trabajo concertado con los diferentes actores involucrados en cada uno de los procesos que realiza.<o:p><\/o:p><\/span><\/p>\n<p style=\"margin:0cm;margin-bottom:.0001pt;text-align:justify;background:#F6F6F6;\nbox-sizing: border-box;font-variant-ligatures: normal;font-variant-caps: normal;\norphans: 2;widows: 2;-webkit-text-stroke-width: 0px;text-decoration-style: initial;\ntext-decoration-color: initial;word-spacing:0px\"><span style=\"font-size:11.0pt;\nfont-family:\"Calibri\",sans-serif;mso-ascii-theme-font:minor-latin;mso-hansi-theme-font:\nminor-latin;mso-bidi-theme-font:minor-latin;color:#333333\"><o:p>\u00a0<\/o:p><\/span><\/p>\n<p style=\"margin:0cm;margin-bottom:.0001pt;text-align:justify;background:#F6F6F6\"><span style=\"font-size:11.0pt;font-family:\"Calibri\",sans-serif;mso-ascii-theme-font:\nminor-latin;mso-hansi-theme-font:minor-latin;mso-bidi-theme-font:minor-latin;\ncolor:#333333\">Pueden encontrar el Balance Social 2017 de C\u00e1ritas del Per\u00fa en\u00a0<a href=\"https:\/\/bit.ly\/2xn563o\" style=\"box-sizing: border-box;cursor:pointer\"><span style=\"color:#019CDE;text-decoration:none;text-underline:none\">https:\/\/bit.ly\/2xn563o<\/span><\/a><o:p><\/o:p><\/span><\/p>\n<p style=\"margin:0cm;margin-bottom:.0001pt;text-align:justify;background:#F6F6F6;\nbox-sizing: border-box;font-variant-ligatures: normal;font-variant-caps: normal;\norphans: 2;widows: 2;-webkit-text-stroke-width: 0px;text-decoration-style: initial;\ntext-decoration-color: initial;word-spacing:0px\"><strong style=\"box-sizing: border-box\"><i style=\"mso-bidi-font-style:normal\"><span style=\"font-size:11.0pt;font-family:\n\"Calibri\",sans-serif;mso-ascii-theme-font:minor-latin;mso-hansi-theme-font:\nminor-latin;mso-bidi-theme-font:minor-latin;color:#333333;font-weight:normal;\nmso-bidi-font-weight:bold\"><o:p>\u00a0<\/o:p><\/span><\/i><\/strong><\/p>\n<p style=\"margin:0cm;margin-bottom:.0001pt;text-align:justify;background:#F6F6F6\"><strong><i style=\"mso-bidi-font-style:normal\"><span style=\"font-size:11.0pt;font-family:\n\"Calibri\",sans-serif;mso-ascii-theme-font:minor-latin;mso-hansi-theme-font:\nminor-latin;mso-bidi-theme-font:minor-latin;color:#333333;font-weight:normal;\nmso-bidi-font-weight:bold\">Tomado de: C\u00e1ritas del Per\u00fa. 5 de junio de 2018.<\/span><\/i><\/strong><b style=\"mso-bidi-font-weight:normal\"><i style=\"mso-bidi-font-style:normal\"><span style=\"font-size:11.0pt;font-family:\"Calibri\",sans-serif;mso-ascii-theme-font:\nminor-latin;mso-hansi-theme-font:minor-latin;mso-bidi-theme-font:minor-latin;\ncolor:#333333\"><o:p><\/o:p><\/span><\/i><\/b><\/p>\n<p><a href=\"http:\/\/web.hilo.org.pe\/wp-content\/uploads\/EDUCACIONweb.jpg\" target=\"_blank\" rel=\"noopener\">Ver archivo adjunto<\/a><\/p>\n","protected":false},"excerpt":{"rendered":"<p>C\u00e1ritas del Per\u00fa, organizaci\u00f3n de la Iglesia Cat\u00f3lica que forma parte de la Conferencia Episcopal Peruana, presenta su Balance Social correspondiente al a\u00f1o 2017, elaborado en base a los nuevos est\u00e1ndares de la Global Reporting Initiative (GRI), de conformidad con la opci\u00f3n Esencial, en donde muestran los resultados de su gesti\u00f3n.<\/p>\n","protected":false},"author":1,"featured_media":7878,"comment_status":"closed","ping_status":"closed","sticky":false,"template":"","format":"standard","meta":{"footnotes":""},"categories":[9],"tags":[],"class_list":["post-3082","post","type-post","status-publish","format-standard","has-post-thumbnail","hentry","category-noticias"],"_links":{"self":[{"href":"https:\/\/ceas.org.pe\/index.php\/wp-json\/wp\/v2\/posts\/3082","targetHints":{"allow":["GET"]}}],"collection":[{"href":"https:\/\/ceas.org.pe\/index.php\/wp-json\/wp\/v2\/posts"}],"about":[{"href":"https:\/\/ceas.org.pe\/index.php\/wp-json\/wp\/v2\/types\/post"}],"author":[{"embeddable":true,"href":"https:\/\/ceas.org.pe\/index.php\/wp-json\/wp\/v2\/users\/1"}],"replies":[{"embeddable":true,"href":"https:\/\/ceas.org.pe\/index.php\/wp-json\/wp\/v2\/comments?post=3082"}],"version-history":[{"count":1,"href":"https:\/\/ceas.org.pe\/index.php\/wp-json\/wp\/v2\/posts\/3082\/revisions"}],"predecessor-version":[{"id":6136,"href":"https:\/\/ceas.org.pe\/index.php\/wp-json\/wp\/v2\/posts\/3082\/revisions\/6136"}],"wp:featuredmedia":[{"embeddable":true,"href":"https:\/\/ceas.org.pe\/index.php\/wp-json\/wp\/v2\/media\/7878"}],"wp:attachment":[{"href":"https:\/\/ceas.org.pe\/index.php\/wp-json\/wp\/v2\/media?parent=3082"}],"wp:term":[{"taxonomy":"category","embeddable":true,"href":"https:\/\/ceas.org.pe\/index.php\/wp-json\/wp\/v2\/categories?post=3082"},{"taxonomy":"post_tag","embeddable":true,"href":"https:\/\/ceas.org.pe\/index.php\/wp-json\/wp\/v2\/tags?post=3082"}],"curies":[{"name":"wp","href":"https:\/\/api.w.org\/{rel}","templated":true}]}}