{"id":3081,"date":"2018-06-02T13:20:22","date_gmt":"2018-06-02T13:20:22","guid":{"rendered":""},"modified":"2026-03-11T09:11:57","modified_gmt":"2026-03-11T14:11:57","slug":"la-trata-de-personas-es-una-forma-de-exclavitud-contemporanea","status":"publish","type":"post","link":"https:\/\/ceas.org.pe\/index.php\/2018\/06\/02\/la-trata-de-personas-es-una-forma-de-exclavitud-contemporanea\/","title":{"rendered":"La Trata de Personas es una forma de exclavitud contempor\u00e1nea"},"content":{"rendered":"<p class=\"MsoNormal\" style=\"text-align:justify;line-height:normal;background:\nwhite\"><span style=\"mso-fareast-font-family:\"Times New Roman\";mso-bidi-font-family:\nCalibri;mso-bidi-theme-font:minor-latin;color:#1D2129;mso-fareast-language:\nES-PE\">Este Foro Internacional, denominado <b>\u201cSe trata de personas\u201d,<\/b> abord\u00f3 la problem\u00e1tica de la Trata de Personas tanto a nivel nacional como internacional, siendo un delito que afecta gravemente los derechos humanos tuvo por finalidad sensibilizar a la poblaci\u00f3n as\u00ed como tambi\u00e9n fortalecer el compromiso de las instituciones que trabajan en este tema, para efectivizar acciones articuladas contando con la participaci\u00f3n activa de la sociedad civil. Entre los expositores estuvieron Julieta Fern\u00e1ndez y Rosi Orozco, de M\u00e9xico; George Zachary, de Reino Unido; Oscar Quintanilla, de Guatemala; Pilar Ram\u00edrez, de Brasil; F\u00e1tima Toche y Daniel Vega, representates peruanos.<o:p><\/o:p><\/span><\/p>\n<p class=\"MsoNormal\" style=\"text-align:justify;line-height:normal;background:\nwhite\"><span style=\"mso-fareast-font-family:\"Times New Roman\";mso-bidi-font-family:\nCalibri;mso-bidi-theme-font:minor-latin;color:#1D2129;mso-fareast-language:\nES-PE\">Se desarrollaron dos bloques, el primero: Acciones del Estado en la erradicaci\u00f3n de la Trata de Personas desde el Marco Legal, el Rol de los Operadores de Justicia, Protocolos en la atenci\u00f3n y recuperaci\u00f3n de las V\u00edctimas y el Rol del Poder Legislativo. Se vio en un segundo bloque: Prevenci\u00f3n y Atenci\u00f3n del Delito de Explotaci\u00f3n Sexual Comercial de Ni\u00f1os, Ni\u00f1as y Adolescentes desde la ciberdelincuencia como modalidad del delito, nuevos riesgos de las ni\u00f1as, ni\u00f1os y adolescentes el uso de las TIC, entre otros.<o:p><\/o:p><\/span><\/p>\n<p class=\"MsoNormal\" style=\"text-align:justify;line-height:normal;background:\nwhite\"><span style=\"mso-fareast-font-family:\"Times New Roman\";mso-bidi-font-family:\nCalibri;mso-bidi-theme-font:minor-latin;color:#1D2129;mso-fareast-language:\nES-PE\">Cabe destacar que se dio a conocer el <b>Plan Nacional de Acci\u00f3n contra la Trata de Personas 2017 \u2013 2021<\/b>, aprobado por Decreto Supremo N\u00b0 017-2017-IN y que fue elaborado con la participaci\u00f3n de diversos sectores del Estado y de la sociedad civil, por la Comisi\u00f3n Multisectorial de Naturaleza Permanente contra la Trata de Personas y Tr\u00e1fico Il\u00edcito de Migrantes, de la cual forma parte la Direcci\u00f3n General de Seguridad Democr\u00e1tica del Ministerio del Interior.<o:p><\/o:p><\/span><\/p>\n<p class=\"MsoNormal\" style=\"text-align:justify;line-height:normal;background:\nwhite\"><span style=\"mso-fareast-font-family:\"Times New Roman\";mso-bidi-font-family:\nCalibri;mso-bidi-theme-font:minor-latin;color:#1D2129;mso-fareast-language:\nES-PE\">Estuvimos presentes a trav\u00e9s de la Pastoral de Movilidad Humana y del Area de Comunicaci\u00f3n de CEAS.<o:p><\/o:p><\/span><\/p>\n<p class=\"MsoNormal\" style=\"text-align:justify;line-height:normal;background:\nwhite\"><span style=\"mso-fareast-font-family:\"Times New Roman\";mso-bidi-font-family:\nCalibri;mso-bidi-theme-font:minor-latin;color:#1D2129;mso-fareast-language:\nES-PE\">Este evento fue realizado el 31 de mayo, en el Hemiciclo Ra\u00fal Porras Barrenechea del Congreso de la Rep\u00fablica y fue organizado por el Congresista Juan Carlos Gonz\u00e1les Ardiles. <o:p><\/o:p><\/span><\/p>\n<p class=\"MsoNormal\" style=\"line-height:normal;background:white\"><i><span style=\"mso-fareast-font-family:\"Times New Roman\";mso-bidi-font-family:Calibri;\nmso-bidi-theme-font:minor-latin;color:#1D2129;mso-fareast-language:ES-PE\">CEAS, 1\u00b0 de junio de 2018<\/span><\/i><span style=\"mso-fareast-font-family:\"Times New Roman\";\nmso-bidi-font-family:Calibri;mso-bidi-theme-font:minor-latin;color:#1D2129;\nmso-fareast-language:ES-PE\"><o:p><\/o:p><\/span><\/p>\n<p><a href=\"http:\/\/web.hilo.org.pe\/wp-content\/uploads\/congresoweb.jpg\" target=\"_blank\" rel=\"noopener\">Ver archivo adjunto<\/a><\/p>\n","protected":false},"excerpt":{"rendered":"<p>Este Foro Internacional, denominado \u201cSe trata de personas\u201d, abord\u00f3 la problem\u00e1tica de la Trata de Personas tanto a nivel nacional como internacional, siendo un delito que afecta gravemente los derechos humanos tuvo por finalidad sensibilizar a la poblaci\u00f3n as\u00ed como tambi\u00e9n fortalecer el compromiso de las instituciones que trabajan en este tema, para efectivizar acciones articuladas contando con la participaci\u00f3n activa de la sociedad civil.<\/p>\n","protected":false},"author":1,"featured_media":7895,"comment_status":"closed","ping_status":"closed","sticky":false,"template":"","format":"standard","meta":{"footnotes":""},"categories":[9],"tags":[],"class_list":["post-3081","post","type-post","status-publish","format-standard","has-post-thumbnail","hentry","category-noticias"],"_links":{"self":[{"href":"https:\/\/ceas.org.pe\/index.php\/wp-json\/wp\/v2\/posts\/3081","targetHints":{"allow":["GET"]}}],"collection":[{"href":"https:\/\/ceas.org.pe\/index.php\/wp-json\/wp\/v2\/posts"}],"about":[{"href":"https:\/\/ceas.org.pe\/index.php\/wp-json\/wp\/v2\/types\/post"}],"author":[{"embeddable":true,"href":"https:\/\/ceas.org.pe\/index.php\/wp-json\/wp\/v2\/users\/1"}],"replies":[{"embeddable":true,"href":"https:\/\/ceas.org.pe\/index.php\/wp-json\/wp\/v2\/comments?post=3081"}],"version-history":[{"count":1,"href":"https:\/\/ceas.org.pe\/index.php\/wp-json\/wp\/v2\/posts\/3081\/revisions"}],"predecessor-version":[{"id":6137,"href":"https:\/\/ceas.org.pe\/index.php\/wp-json\/wp\/v2\/posts\/3081\/revisions\/6137"}],"wp:featuredmedia":[{"embeddable":true,"href":"https:\/\/ceas.org.pe\/index.php\/wp-json\/wp\/v2\/media\/7895"}],"wp:attachment":[{"href":"https:\/\/ceas.org.pe\/index.php\/wp-json\/wp\/v2\/media?parent=3081"}],"wp:term":[{"taxonomy":"category","embeddable":true,"href":"https:\/\/ceas.org.pe\/index.php\/wp-json\/wp\/v2\/categories?post=3081"},{"taxonomy":"post_tag","embeddable":true,"href":"https:\/\/ceas.org.pe\/index.php\/wp-json\/wp\/v2\/tags?post=3081"}],"curies":[{"name":"wp","href":"https:\/\/api.w.org\/{rel}","templated":true}]}}