{"id":3080,"date":"2018-06-02T13:10:40","date_gmt":"2018-06-02T13:10:40","guid":{"rendered":""},"modified":"2026-03-11T09:11:57","modified_gmt":"2026-03-11T14:11:57","slug":"conferencia-episcopal-peruana-informa-designacion-del-nuevo-cardenal-y-ayuda-al-pueblo-de-venezuela","status":"publish","type":"post","link":"https:\/\/ceas.org.pe\/index.php\/2018\/06\/02\/conferencia-episcopal-peruana-informa-designacion-del-nuevo-cardenal-y-ayuda-al-pueblo-de-venezuela\/","title":{"rendered":"Conferencia Episcopal Peruana informa designaci\u00f3n del nuevo Cardenal y ayuda al pueblo de Venezuela"},"content":{"rendered":"<p><span style=\"color: rgb(29, 33, 41); text-align: justify;\">La Conferencia Episcopal Peruana, dio a conocer la designaci\u00f3n del nuevo Cardenal, Monse\u00f1or Pedro Barreto Jimeno, SJ. qui\u00e9n manifest\u00f3 que ve esta elecci\u00f3n como una posibilidad de un mayor servicio a la Iglesia y a la humanidad. <\/span><span style=\"color: rgb(29, 33, 41); text-align: justify;\">\u00a0<\/span><\/p>\n<p class=\"MsoNormal\" style=\"text-align:justify\"><span style=\"mso-bidi-font-family:\nCalibri;mso-bidi-theme-font:minor-latin;color:#1D2129;background:white\">Dieron lectura al documento emitido por la Congregaci\u00f3n para los Institutos de Vida Consagrada y Sociedades de Vida Apost\u00f3lica (con sede en Roma) respecto del caso Sodalicio.<o:p><\/o:p><\/span><\/p>\n<p class=\"MsoNormal\" style=\"text-align:justify\"><span style=\"mso-bidi-font-family:\nCalibri;mso-bidi-theme-font:minor-latin;color:#1D2129;background:white\">Finalmente se presentaron las acciones de solidaridad que realizar\u00e1 la Iglesia Cat\u00f3lica Peruana para ayudar al hermano pueblo de Venezuela, inici\u00e1ndose ma\u00f1ana domingo 3 de junio con una colecta nacional en todas las parroquias de nuestro pa\u00eds.<o:p><\/o:p><\/span><\/p>\n<p class=\"MsoNormal\" style=\"text-align:justify\"><span style=\"mso-bidi-font-family:\nCalibri;mso-bidi-theme-font:minor-latin;color:#1D2129;background:white\">La conferencia de prensa fue realizada el d\u00eda de ayer, 1\u00b0 de junio en el Auditorio de la Conferencia Episcopal Peruana.<o:p><\/o:p><\/span><\/p>\n<p class=\"MsoNormal\"><i style=\"mso-bidi-font-style:normal\"><span style=\"mso-bidi-font-family:Calibri;mso-bidi-theme-font:minor-latin;color:#1D2129;\nbackground:white\">CEAS, 2\u00b0 de junio de 2018<\/span><\/i><i style=\"mso-bidi-font-style:\nnormal\"><span style=\"mso-bidi-font-family:Calibri;mso-bidi-theme-font:minor-latin\"><o:p><\/o:p><\/span><\/i><\/p>\n<p><a href=\"http:\/\/web.hilo.org.pe\/wp-content\/uploads\/CEP 1 junio.jpg\" target=\"_blank\" rel=\"noopener\">Ver archivo adjunto<\/a><\/p>\n","protected":false},"excerpt":{"rendered":"<p>Se da a conocer la designaci\u00f3n del nuevo Cardenal, Monse\u00f1or Pedro Barreto Jimeno, SJ. se da lectura del documento del Instituto de Vida Consagrada y Sociedades de Vida Apost\u00f3lica respecto del caso Sodalicio y se presentaron las acciones de solidaridad para ayudar al hermano pueblo de Venezuela.<\/p>\n","protected":false},"author":1,"featured_media":0,"comment_status":"closed","ping_status":"closed","sticky":false,"template":"","format":"standard","meta":{"footnotes":""},"categories":[9],"tags":[],"class_list":["post-3080","post","type-post","status-publish","format-standard","hentry","category-noticias"],"_links":{"self":[{"href":"https:\/\/ceas.org.pe\/index.php\/wp-json\/wp\/v2\/posts\/3080","targetHints":{"allow":["GET"]}}],"collection":[{"href":"https:\/\/ceas.org.pe\/index.php\/wp-json\/wp\/v2\/posts"}],"about":[{"href":"https:\/\/ceas.org.pe\/index.php\/wp-json\/wp\/v2\/types\/post"}],"author":[{"embeddable":true,"href":"https:\/\/ceas.org.pe\/index.php\/wp-json\/wp\/v2\/users\/1"}],"replies":[{"embeddable":true,"href":"https:\/\/ceas.org.pe\/index.php\/wp-json\/wp\/v2\/comments?post=3080"}],"version-history":[{"count":1,"href":"https:\/\/ceas.org.pe\/index.php\/wp-json\/wp\/v2\/posts\/3080\/revisions"}],"predecessor-version":[{"id":6138,"href":"https:\/\/ceas.org.pe\/index.php\/wp-json\/wp\/v2\/posts\/3080\/revisions\/6138"}],"wp:attachment":[{"href":"https:\/\/ceas.org.pe\/index.php\/wp-json\/wp\/v2\/media?parent=3080"}],"wp:term":[{"taxonomy":"category","embeddable":true,"href":"https:\/\/ceas.org.pe\/index.php\/wp-json\/wp\/v2\/categories?post=3080"},{"taxonomy":"post_tag","embeddable":true,"href":"https:\/\/ceas.org.pe\/index.php\/wp-json\/wp\/v2\/tags?post=3080"}],"curies":[{"name":"wp","href":"https:\/\/api.w.org\/{rel}","templated":true}]}}