{"id":3079,"date":"2018-05-26T14:34:12","date_gmt":"2018-05-26T14:34:12","guid":{"rendered":""},"modified":"2026-03-11T09:11:57","modified_gmt":"2026-03-11T14:11:57","slug":"el-papa-francisco-la-belleza-de-la-pareja-es-su-semejanza-con-dios","status":"publish","type":"post","link":"https:\/\/ceas.org.pe\/index.php\/2018\/05\/26\/el-papa-francisco-la-belleza-de-la-pareja-es-su-semejanza-con-dios\/","title":{"rendered":"El Papa Francisco: La belleza de la pareja es su semejanza con Dios"},"content":{"rendered":"<p class=\"MsoNormal\" style=\"margin-bottom:0cm;margin-bottom:.0001pt;line-height:\nnormal\"><span style=\"mso-fareast-font-family:\"Times New Roman\";mso-bidi-font-family:\nCalibri;mso-bidi-theme-font:minor-latin;color:black;mso-themecolor:text1;\nmso-fareast-language:ES-PE\">Es verdad que hay dificultades en la vida de pareja y en la familia, pero debemos ver la belleza del matrimonio. Es la invitaci\u00f3n que hizo el Papa Francisco esta ma\u00f1ana en su homil\u00eda de la Misa matutina celebrada en la capilla de la Casa de Santa Marta.<o:p><\/o:p><\/span><\/p>\n<p style=\"margin:0cm;margin-bottom:.0001pt;background:white\"><span style=\"font-size:11.0pt;font-family:\"Calibri\",\"sans-serif\";mso-ascii-theme-font:\nminor-latin;mso-hansi-theme-font:minor-latin;mso-bidi-theme-font:minor-latin;\ncolor:black;mso-themecolor:text1\"><o:p>\u00a0<\/o:p><\/span><\/p>\n<p style=\"margin:0cm;margin-bottom:.0001pt;background:white\"><span style=\"font-size:11.0pt;font-family:\"Calibri\",\"sans-serif\";mso-ascii-theme-font:\nminor-latin;mso-hansi-theme-font:minor-latin;mso-bidi-theme-font:minor-latin;\ncolor:black;mso-themecolor:text1\">La belleza del matrimonio fue el tema acerca del que reflexion\u00f3 el Papa en una celebraci\u00f3n eucar\u00edstica en la que participaron siete parejas que festejan algunas el 50\u00b0 otras y el 25\u00b0 aniversario de matrimonio.<o:p><\/o:p><\/span><\/p>\n<h2 style=\"margin-top:0cm;line-height:normal;background:white;box-sizing: border-box;\n-webkit-tap-highlight-color: rgba(0, 0, 0, 0);font-variant-ligatures: normal;\nfont-variant-caps: normal;orphans: 2;text-align:start;widows: 2;-webkit-text-stroke-width: 0px;\ntext-decoration-style: initial;text-decoration-color: initial;word-spacing:\n0px\"><span style=\"font-size:11.0pt;font-family:\"Calibri\",\"sans-serif\";\nmso-ascii-theme-font:minor-latin;mso-hansi-theme-font:minor-latin;mso-bidi-theme-font:\nminor-latin;color:black;mso-themecolor:text1\"><o:p>\u00a0<\/o:p><\/span><\/h2>\n<h2 style=\"margin-top:0cm;line-height:normal;background:white\"><span style=\"font-size:11.0pt;font-family:\"Calibri\",\"sans-serif\";mso-ascii-theme-font:\nminor-latin;mso-hansi-theme-font:minor-latin;mso-bidi-theme-font:minor-latin;\ncolor:black;mso-themecolor:text1\">Se puede o no se puede<\/span><span style=\"font-size:11.0pt;font-family:\"Calibri\",\"sans-serif\";mso-ascii-theme-font:\nminor-latin;mso-hansi-theme-font:minor-latin;mso-bidi-theme-font:minor-latin;\ncolor:black;mso-themecolor:text1;font-weight:normal\"><o:p><\/o:p><\/span><\/h2>\n<p style=\"margin:0cm;margin-bottom:.0001pt;background:white;box-sizing: border-box;\n-webkit-tap-highlight-color: rgba(0, 0, 0, 0);font-variant-ligatures: normal;\nfont-variant-caps: normal;orphans: 2;text-align:start;widows: 2;-webkit-text-stroke-width: 0px;\ntext-decoration-style: initial;text-decoration-color: initial;word-spacing:\n0px\"><span style=\"font-size:11.0pt;font-family:\"Calibri\",\"sans-serif\";\nmso-ascii-theme-font:minor-latin;mso-hansi-theme-font:minor-latin;mso-bidi-theme-font:\nminor-latin;color:black;mso-themecolor:text1\">El Papa coment\u00f3 el pasaje del Evangelio seg\u00fan San Marcos que se refiere a la intensi\u00f3n de los fariseos de poner a prueba a Jes\u00fas, haci\u00e9ndole una pregunta que Francisco defini\u00f3 \u201ccasu\u00edstica\u201d, es decir, ese tipo de preguntas de la fe \u2013 explic\u00f3 \u2013 que se pueden resumir en un \u201cse puede o no se puede\u201d y \u201cdonde la fe est\u00e1 reducida a un s\u00ed o a un no\u201d. Y precis\u00f3:<o:p><\/o:p><\/span><\/p>\n<p style=\"margin:0cm;margin-bottom:.0001pt;background:white;box-sizing: border-box;\n-webkit-tap-highlight-color: rgba(0, 0, 0, 0);font-variant-ligatures: normal;\nfont-variant-caps: normal;orphans: 2;text-align:start;widows: 2;-webkit-text-stroke-width: 0px;\ntext-decoration-style: initial;text-decoration-color: initial;word-spacing:\n0px\"><span style=\"font-size:11.0pt;font-family:\"Calibri\",\"sans-serif\";\nmso-ascii-theme-font:minor-latin;mso-hansi-theme-font:minor-latin;mso-bidi-theme-font:\nminor-latin;color:black;mso-themecolor:text1\">\u201cNo el gran \u2018s\u00ed\u2019 o el gran \u2018no\u2019 de los cuales hemos o\u00eddo hablar, que es Dios. No: se puede o no se puede. Y la vida cristiana, la vida seg\u00fan Dios, seg\u00fan esta gente, est\u00e1 siempre en el \u2018se puede\u2019 o \u2018no se puede\u201d.<o:p><\/o:p><\/span><\/p>\n<h2 style=\"margin-top:0cm;line-height:normal;background:white;box-sizing: border-box;\n-webkit-tap-highlight-color: rgba(0, 0, 0, 0);font-variant-ligatures: normal;\nfont-variant-caps: normal;orphans: 2;text-align:start;widows: 2;-webkit-text-stroke-width: 0px;\ntext-decoration-style: initial;text-decoration-color: initial;word-spacing:\n0px\"><span style=\"font-size:11.0pt;font-family:\"Calibri\",\"sans-serif\";\nmso-ascii-theme-font:minor-latin;mso-hansi-theme-font:minor-latin;mso-bidi-theme-font:\nminor-latin;color:black;mso-themecolor:text1\"><o:p>\u00a0<\/o:p><\/span><\/h2>\n<h2 style=\"margin-top:0cm;line-height:normal;background:white\"><span style=\"font-size:11.0pt;font-family:\"Calibri\",\"sans-serif\";mso-ascii-theme-font:\nminor-latin;mso-hansi-theme-font:minor-latin;mso-bidi-theme-font:minor-latin;\ncolor:black;mso-themecolor:text1\">Miremos la belleza del matrimonio<\/span><span style=\"font-size:11.0pt;font-family:\"Calibri\",\"sans-serif\";mso-ascii-theme-font:\nminor-latin;mso-hansi-theme-font:minor-latin;mso-bidi-theme-font:minor-latin;\ncolor:black;mso-themecolor:text1;font-weight:normal\"><o:p><\/o:p><\/span><\/h2>\n<p style=\"margin:0cm;margin-bottom:.0001pt;background:white;box-sizing: border-box;\n-webkit-tap-highlight-color: rgba(0, 0, 0, 0);font-variant-ligatures: normal;\nfont-variant-caps: normal;orphans: 2;text-align:start;widows: 2;-webkit-text-stroke-width: 0px;\ntext-decoration-style: initial;text-decoration-color: initial;word-spacing:\n0px\"><span style=\"font-size:11.0pt;font-family:\"Calibri\",\"sans-serif\";\nmso-ascii-theme-font:minor-latin;mso-hansi-theme-font:minor-latin;mso-bidi-theme-font:\nminor-latin;color:black;mso-themecolor:text1\">La preguntan que le plantean a Jes\u00fas se refiere al matrimonio, destac\u00f3 el\u00a0<b style=\"box-sizing: border-box;\n-webkit-tap-highlight-color: rgba(0, 0, 0, 0)\">Papa Bergoglio<\/b>. Quieren saber si es l\u00edcito o no a un marido repudiar a su propia esposa. Pero, dijo Francisco, el Se\u00f1or va m\u00e1s all\u00e1, y llega hasta la Creaci\u00f3n, y habla del matrimonio como algo de lo m\u00e1s bello que Dios ha creado en aquellos siete d\u00edas.<o:p><\/o:p><\/span><\/p>\n<p style=\"margin:0cm;margin-bottom:.0001pt;background:white;box-sizing: border-box;\n-webkit-tap-highlight-color: rgba(0, 0, 0, 0);font-variant-ligatures: normal;\nfont-variant-caps: normal;orphans: 2;text-align:start;widows: 2;-webkit-text-stroke-width: 0px;\ntext-decoration-style: initial;text-decoration-color: initial;word-spacing:\n0px\"><span style=\"font-size:11.0pt;font-family:\"Calibri\",\"sans-serif\";\nmso-ascii-theme-font:minor-latin;mso-hansi-theme-font:minor-latin;mso-bidi-theme-font:\nminor-latin;color:black;mso-themecolor:text1\">\u201cDesde el inicio de la creaci\u00f3n, Dios los hizo macho y hembra. Por esta raz\u00f3n el hombre dejar\u00e1 a su padre y a su madre y se unir\u00e1 a su mujer y los dos se convertir\u00e1n en una carne sola\u201d. \u201cEs fuerte lo que dice el Se\u00f1or\u201d, coment\u00f3 el\u00a0<b style=\"box-sizing: border-box;\n-webkit-tap-highlight-color: rgba(0, 0, 0, 0)\">Papa<\/b>. Habla de \u201cuna carne\u201d que no se puede dividir. Jes\u00fas \u201cdeja el problema de la separaci\u00f3n y va a la belleza de la pareja\u201d.<o:p><\/o:p><\/span><\/p>\n<p style=\"margin:0cm;margin-bottom:.0001pt;background:white;box-sizing: border-box;\n-webkit-tap-highlight-color: rgba(0, 0, 0, 0);font-variant-ligatures: normal;\nfont-variant-caps: normal;orphans: 2;text-align:start;widows: 2;-webkit-text-stroke-width: 0px;\ntext-decoration-style: initial;text-decoration-color: initial;word-spacing:\n0px\"><span style=\"font-size:11.0pt;font-family:\"Calibri\",\"sans-serif\";\nmso-ascii-theme-font:minor-latin;mso-hansi-theme-font:minor-latin;mso-bidi-theme-font:\nminor-latin;color:black;mso-themecolor:text1\">Y el Papa recomienda: \u201cNosotros no debemos detenernos, como estos Doctores, en \u2018se puede\u2019, o \u2018no se puede\u2019 dividir un matrimonio. A veces est\u00e1 la desgracia de que el matrimonio no funciona y es mejor separarse para evitar una guerra mundial \u2013 dijo \u2013 pero \u00e9sta es una desgracia. Vayamos a ver lo positivo\u201d.<o:p><\/o:p><\/span><\/p>\n<h2 style=\"margin-top:0cm;line-height:normal;background:white;box-sizing: border-box;\n-webkit-tap-highlight-color: rgba(0, 0, 0, 0);font-variant-ligatures: normal;\nfont-variant-caps: normal;orphans: 2;text-align:start;widows: 2;-webkit-text-stroke-width: 0px;\ntext-decoration-style: initial;text-decoration-color: initial;word-spacing:\n0px\"><span style=\"font-size:11.0pt;font-family:\"Calibri\",\"sans-serif\";\nmso-ascii-theme-font:minor-latin;mso-hansi-theme-font:minor-latin;mso-bidi-theme-font:\nminor-latin;color:black;mso-themecolor:text1\"><o:p>\u00a0<\/o:p><\/span><\/h2>\n<h2 style=\"margin-top:0cm;line-height:normal;background:white\"><span style=\"font-size:11.0pt;font-family:\"Calibri\",\"sans-serif\";mso-ascii-theme-font:\nminor-latin;mso-hansi-theme-font:minor-latin;mso-bidi-theme-font:minor-latin;\ncolor:black;mso-themecolor:text1\">Ir siempre adelante se puede<\/span><span style=\"font-size:11.0pt;font-family:\"Calibri\",\"sans-serif\";mso-ascii-theme-font:\nminor-latin;mso-hansi-theme-font:minor-latin;mso-bidi-theme-font:minor-latin;\ncolor:black;mso-themecolor:text1;font-weight:normal\"><o:p><\/o:p><\/span><\/h2>\n<p style=\"margin:0cm;margin-bottom:.0001pt;background:white;box-sizing: border-box;\n-webkit-tap-highlight-color: rgba(0, 0, 0, 0);font-variant-ligatures: normal;\nfont-variant-caps: normal;orphans: 2;text-align:start;widows: 2;-webkit-text-stroke-width: 0px;\ntext-decoration-style: initial;text-decoration-color: initial;word-spacing:\n0px\"><span style=\"font-size:11.0pt;font-family:\"Calibri\",\"sans-serif\";\nmso-ascii-theme-font:minor-latin;mso-hansi-theme-font:minor-latin;mso-bidi-theme-font:\nminor-latin;color:black;mso-themecolor:text1\">Adem\u00e1s, el\u00a0<b style=\"box-sizing: border-box;-webkit-tap-highlight-color: rgba(0, 0, 0, 0)\">Pont\u00edfice<\/b>\u00a0record\u00f3 que cuando se encontr\u00f3 con una pareja que\u00a0 festejaba sesenta a\u00f1os de matrimonio, ante su pregunta de: \u201c\u00bfSon felices?\u201d, los dos se miraron y sus ojos se llenaron de l\u00e1grimas por la conmoci\u00f3n y le respondieron: \u201c\u00a1Estamos enamorados!\u201d.<o:p><\/o:p><\/span><\/p>\n<p style=\"margin:0cm;margin-bottom:.0001pt;background:white;box-sizing: border-box;\n-webkit-tap-highlight-color: rgba(0, 0, 0, 0);font-variant-ligatures: normal;\nfont-variant-caps: normal;orphans: 2;text-align:start;widows: 2;-webkit-text-stroke-width: 0px;\ntext-decoration-style: initial;text-decoration-color: initial;word-spacing:\n0px\"><span style=\"font-size:11.0pt;font-family:\"Calibri\",\"sans-serif\";\nmso-ascii-theme-font:minor-latin;mso-hansi-theme-font:minor-latin;mso-bidi-theme-font:\nminor-latin;color:black;mso-themecolor:text1\">\u201cEs verdad que hay dificultades, hay problemas con los hijos o en la misma pareja, discusiones, peleas\u2026 pero lo importante es que la carne permanezca una y se superan, se superan, se superan. Y \u00e9ste no es s\u00f3lo un sacramento para ellos, sino tambi\u00e9n para la Iglesia, como si fuera un sacramento que che llama la atenci\u00f3n: \u2018Pero, \u00a1miren que el amor es posible!\u2019. Y el amor es capaz de hacer vivir enamorados durante toda una vida: en la alegr\u00eda y en el dolor, con el problema de los hijos y el problema propio\u2026 pero ir siempre adelante. En la salud y en la enfermedad, ir siempre adelante. \u00c9sta es la belleza.<o:p><\/o:p><\/span><\/p>\n<h2 style=\"margin-top:0cm;line-height:normal;background:white;box-sizing: border-box;\n-webkit-tap-highlight-color: rgba(0, 0, 0, 0);font-variant-ligatures: normal;\nfont-variant-caps: normal;orphans: 2;text-align:start;widows: 2;-webkit-text-stroke-width: 0px;\ntext-decoration-style: initial;text-decoration-color: initial;word-spacing:\n0px\"><span style=\"font-size:11.0pt;font-family:\"Calibri\",\"sans-serif\";\nmso-ascii-theme-font:minor-latin;mso-hansi-theme-font:minor-latin;mso-bidi-theme-font:\nminor-latin;color:black;mso-themecolor:text1\"><o:p>\u00a0<\/o:p><\/span><\/h2>\n<h2 style=\"margin-top:0cm;line-height:normal;background:white\"><span style=\"font-size:11.0pt;font-family:\"Calibri\",\"sans-serif\";mso-ascii-theme-font:\nminor-latin;mso-hansi-theme-font:minor-latin;mso-bidi-theme-font:minor-latin;\ncolor:black;mso-themecolor:text1\">La pareja a imagen y semejanza de Dios<\/span><span style=\"font-size:11.0pt;font-family:\"Calibri\",\"sans-serif\";mso-ascii-theme-font:\nminor-latin;mso-hansi-theme-font:minor-latin;mso-bidi-theme-font:minor-latin;\ncolor:black;mso-themecolor:text1;font-weight:normal\"><o:p><\/o:p><\/span><\/h2>\n<p style=\"margin:0cm;margin-bottom:.0001pt;background:white;box-sizing: border-box;\n-webkit-tap-highlight-color: rgba(0, 0, 0, 0);font-variant-ligatures: normal;\nfont-variant-caps: normal;orphans: 2;text-align:start;widows: 2;-webkit-text-stroke-width: 0px;\ntext-decoration-style: initial;text-decoration-color: initial;word-spacing:\n0px\"><span style=\"font-size:11.0pt;font-family:\"Calibri\",\"sans-serif\";\nmso-ascii-theme-font:minor-latin;mso-hansi-theme-font:minor-latin;mso-bidi-theme-font:\nminor-latin;color:black;mso-themecolor:text1\">El hombre y la mujer han sido creados a imagen y semejanza de Dios y el mismo matrimonio se convierte as\u00ed en su imagen. Por esta raz\u00f3n, dijo el\u00a0<b style=\"box-sizing: border-box;\n-webkit-tap-highlight-color: rgba(0, 0, 0, 0)\">Papa<\/b>, es tan bello: \u201cEl matrimonio es una predicaci\u00f3n silenciosa para todos los dem\u00e1s, una predicaci\u00f3n de todos los d\u00edas\u201d.<o:p><\/o:p><\/span><\/p>\n<p style=\"margin:0cm;margin-bottom:.0001pt;background:white;box-sizing: border-box;\n-webkit-tap-highlight-color: rgba(0, 0, 0, 0);font-variant-ligatures: normal;\nfont-variant-caps: normal;orphans: 2;text-align:start;widows: 2;-webkit-text-stroke-width: 0px;\ntext-decoration-style: initial;text-decoration-color: initial;word-spacing:\n0px\"><span style=\"font-size:11.0pt;font-family:\"Calibri\",\"sans-serif\";\nmso-ascii-theme-font:minor-latin;mso-hansi-theme-font:minor-latin;mso-bidi-theme-font:\nminor-latin;color:black;mso-themecolor:text1\">\u201cEs doloroso cuando esto no es noticia: los peri\u00f3dicos, los telediarios, no toman esto como noticia. Esta pareja, tantos a\u00f1os juntos, no es noticia. S\u00ed es noticia el esc\u00e1ndalo, el divorcio, o estos que se separan. A veces se deben separar, como he dicho, para evitar un mal mayor. Pero la imagen de Dios no es noticia. Y \u00e9sta es la belleza del matrimonio. Est\u00e1n hechos a imagen y semejanza de Dios. Y \u00e9sta es nuestra noticia, la noticia cristiana\u201d.<o:p><\/o:p><\/span><\/p>\n<h2 style=\"margin-top:0cm;line-height:normal;background:white;box-sizing: border-box;\n-webkit-tap-highlight-color: rgba(0, 0, 0, 0);font-variant-ligatures: normal;\nfont-variant-caps: normal;orphans: 2;text-align:start;widows: 2;-webkit-text-stroke-width: 0px;\ntext-decoration-style: initial;text-decoration-color: initial;word-spacing:\n0px\"><span style=\"font-size:11.0pt;font-family:\"Calibri\",\"sans-serif\";\nmso-ascii-theme-font:minor-latin;mso-hansi-theme-font:minor-latin;mso-bidi-theme-font:\nminor-latin;color:black;mso-themecolor:text1\"><o:p>\u00a0<\/o:p><\/span><\/h2>\n<h2 style=\"margin-top:0cm;line-height:normal;background:white\"><span style=\"font-size:11.0pt;font-family:\"Calibri\",\"sans-serif\";mso-ascii-theme-font:\nminor-latin;mso-hansi-theme-font:minor-latin;mso-bidi-theme-font:minor-latin;\ncolor:black;mso-themecolor:text1\">La paciencia es la virtud m\u00e1s importante<\/span><span style=\"font-size:11.0pt;font-family:\"Calibri\",\"sans-serif\";mso-ascii-theme-font:\nminor-latin;mso-hansi-theme-font:minor-latin;mso-bidi-theme-font:minor-latin;\ncolor:black;mso-themecolor:text1;font-weight:normal\"><o:p><\/o:p><\/span><\/h2>\n<p style=\"margin:0cm;margin-bottom:.0001pt;background:white;box-sizing: border-box;\n-webkit-tap-highlight-color: rgba(0, 0, 0, 0);font-variant-ligatures: normal;\nfont-variant-caps: normal;orphans: 2;text-align:start;widows: 2;-webkit-text-stroke-width: 0px;\ntext-decoration-style: initial;text-decoration-color: initial;word-spacing:\n0px\"><span style=\"font-size:11.0pt;font-family:\"Calibri\",\"sans-serif\";\nmso-ascii-theme-font:minor-latin;mso-hansi-theme-font:minor-latin;mso-bidi-theme-font:\nminor-latin;color:black;mso-themecolor:text1\">Francisco repiti\u00f3 que la vida matrimonial y la familia no son f\u00e1ciles, y cit\u00f3 la Primera Lectura tomada de la Carta del Ap\u00f3stol Santiago, que se refiere a la paciencia. Dice que es \u201cquiz\u00e1s la virtud m\u00e1s importante en la pareja \u2013 tanto del hombre como de la mujer\u201d. Y concluy\u00f3 con una oraci\u00f3n al Se\u00f1or \u201cpara que d\u00e9 a la Iglesia y a la sociedad una conciencia m\u00e1s profunda y m\u00e1s bella del matrimonio y que todos nosotros logremos comprenderlo, para contemplar que en el matrimonio est\u00e1 la imagen y semejanza de Dios\u201d.<o:p><\/o:p><\/span><\/p>\n<p class=\"MsoNormal\" style=\"margin-bottom:0cm;margin-bottom:.0001pt;line-height:\nnormal\"><span style=\"mso-bidi-font-family:Calibri;mso-bidi-theme-font:minor-latin;\ncolor:black;mso-themecolor:text1\"><o:p>\u00a0<\/o:p><\/span><\/p>\n<p class=\"MsoNormal\" style=\"margin-bottom:0cm;margin-bottom:.0001pt;line-height:\nnormal\"><i style=\"mso-bidi-font-style:normal\"><span style=\"mso-bidi-font-family:\nCalibri;mso-bidi-theme-font:minor-latin;color:black;mso-themecolor:text1\">Tomado de <a href=\"https:\/\/www.facebook.com\/vaticannews.es\/?hc_ref=ART97VUFv2UFHvLlSiudO-N0Y0yCTT7r67pZ91ojmxcAMJXJ1jW7YqRYvGy-nz8DO2U&#038;fref=nf\"><span style=\"color:black;mso-themecolor:text1;background:white;mso-bidi-font-weight:\nbold;text-decoration:none;text-underline:none\">Vatican News<\/span><\/a><span style=\"mso-bidi-font-weight:bold\">. Por: Adriana Masotti. 25 de mayo de 2018<\/span><o:p><\/o:p><\/span><\/i><\/p>\n<p class=\"MsoNormal\" style=\"margin-bottom:0cm;margin-bottom:.0001pt;line-height:\nnormal\"><span style=\"mso-bidi-font-family:Calibri;mso-bidi-theme-font:minor-latin;\ncolor:black;mso-themecolor:text1\"><o:p>\u00a0<\/o:p><\/span><\/p>\n<p><a href=\"http:\/\/web.hilo.org.pe\/wp-content\/uploads\/Papa Matrimonio web.jpg\" target=\"_blank\" rel=\"noopener\">Ver archivo adjunto<\/a><\/p>\n","protected":false},"excerpt":{"rendered":"<p>Es verdad que hay dificultades en la vida de pareja y en la familia, pero debemos ver la belleza del matrimonio. Es la invitaci\u00f3n que hizo el Papa Francisco esta ma\u00f1ana en su homil\u00eda de la Misa matutina celebrada en la capilla de la Casa de Santa Marta.<\/p>\n","protected":false},"author":1,"featured_media":7855,"comment_status":"closed","ping_status":"closed","sticky":false,"template":"","format":"standard","meta":{"footnotes":""},"categories":[9],"tags":[],"class_list":["post-3079","post","type-post","status-publish","format-standard","has-post-thumbnail","hentry","category-noticias"],"_links":{"self":[{"href":"https:\/\/ceas.org.pe\/index.php\/wp-json\/wp\/v2\/posts\/3079","targetHints":{"allow":["GET"]}}],"collection":[{"href":"https:\/\/ceas.org.pe\/index.php\/wp-json\/wp\/v2\/posts"}],"about":[{"href":"https:\/\/ceas.org.pe\/index.php\/wp-json\/wp\/v2\/types\/post"}],"author":[{"embeddable":true,"href":"https:\/\/ceas.org.pe\/index.php\/wp-json\/wp\/v2\/users\/1"}],"replies":[{"embeddable":true,"href":"https:\/\/ceas.org.pe\/index.php\/wp-json\/wp\/v2\/comments?post=3079"}],"version-history":[{"count":1,"href":"https:\/\/ceas.org.pe\/index.php\/wp-json\/wp\/v2\/posts\/3079\/revisions"}],"predecessor-version":[{"id":6139,"href":"https:\/\/ceas.org.pe\/index.php\/wp-json\/wp\/v2\/posts\/3079\/revisions\/6139"}],"wp:featuredmedia":[{"embeddable":true,"href":"https:\/\/ceas.org.pe\/index.php\/wp-json\/wp\/v2\/media\/7855"}],"wp:attachment":[{"href":"https:\/\/ceas.org.pe\/index.php\/wp-json\/wp\/v2\/media?parent=3079"}],"wp:term":[{"taxonomy":"category","embeddable":true,"href":"https:\/\/ceas.org.pe\/index.php\/wp-json\/wp\/v2\/categories?post=3079"},{"taxonomy":"post_tag","embeddable":true,"href":"https:\/\/ceas.org.pe\/index.php\/wp-json\/wp\/v2\/tags?post=3079"}],"curies":[{"name":"wp","href":"https:\/\/api.w.org\/{rel}","templated":true}]}}