{"id":3077,"date":"2018-05-21T17:18:58","date_gmt":"2018-05-21T17:18:58","guid":{"rendered":""},"modified":"2026-03-11T09:11:57","modified_gmt":"2026-03-11T14:11:57","slug":"monsenor-pedro-barreto-sj-ha-sido-designado-cardenal-por-el-papa-francisco","status":"publish","type":"post","link":"https:\/\/ceas.org.pe\/index.php\/2018\/05\/21\/monsenor-pedro-barreto-sj-ha-sido-designado-cardenal-por-el-papa-francisco\/","title":{"rendered":"Monse\u00f1or Pedro Barreto, SJ ha sido designado Cardenal, por el Papa Francisco"},"content":{"rendered":"<p class=\"MsoNormal\" style=\"margin-bottom:10.0pt;text-align:justify\"><span lang=\"ES\" style=\"font-size:11.0pt;font-family:\"Calibri\",sans-serif;mso-ascii-theme-font:\nminor-latin;mso-hansi-theme-font:minor-latin;mso-bidi-theme-font:minor-latin;\nmso-ansi-language:ES\">La Iglesia Cat\u00f3lica en el Per\u00fa quiere manifestar su inmensa alegr\u00eda al conocer que en la creaci\u00f3n de los nuevos cardenales, el Santo Padre el Papa Francisco, ha designado Cardenal al Excmo. Monse\u00f1or Pedro Ricardo Barreto Jimeno SJ, Arzobispo Metropolitano de Huancayo.<\/span><span style=\"font-size: 11pt; font-family: Calibri, sans-serif;\"><o:p><\/o:p><\/span><\/p>\n<p class=\"MsoNormal\" style=\"margin-bottom:10.0pt;text-align:justify\"><span lang=\"ES\" style=\"font-size:11.0pt;font-family:\"Calibri\",sans-serif;mso-ascii-theme-font:\nminor-latin;mso-hansi-theme-font:minor-latin;mso-bidi-theme-font:minor-latin;\nmso-ansi-language:ES\">Monse\u00f1or Pedro Barreto, un obispo muy identificado con el cuidado de la tierra, naci\u00f3 en Lima en 1944 e ingres\u00f3 a la Compa\u00f1\u00eda de Jes\u00fas en 1961. Fue ordenado Sacerdote el 18 de diciembre de 1971. Fue Ordenado Obispo del Vicariato Apost\u00f3lico de Ja\u00e9n el 1\u00ba de enero del 2002. El 17 de julio del 2004 fue nombrado Arzobispo de Huancayo y hoy designado Cardenal.<\/span><span style=\"font-size: 11pt; font-family: Calibri, sans-serif;\"><o:p><\/o:p><\/span><\/p>\n<p class=\"MsoNormal\" style=\"margin-bottom:10.0pt;text-align:justify\"><span lang=\"ES\" style=\"font-size:11.0pt;font-family:\"Calibri\",sans-serif;mso-ascii-theme-font:\nminor-latin;mso-hansi-theme-font:minor-latin;mso-bidi-theme-font:minor-latin;\nmso-ansi-language:ES\">La Conferencia Episcopal Peruana-CEP, expresa con fraternal j\u00fabilo sus sinceras felicitaciones a Monse\u00f1or Pedro Barreto, actualmente Primer Vicepresidente de la CEP, y le asegura sus oraciones y su apoyo en la tarea que como Cardenal ha de realizar en la Iglesia Universal.<\/span><span style=\"font-size: 11pt; font-family: Calibri, sans-serif;\"><o:p><\/o:p><\/span><\/p>\n<p class=\"MsoNormal\" style=\"margin-bottom:10.0pt;text-align:justify\"><span lang=\"ES\" style=\"font-size:11.0pt;font-family:\"Calibri\",sans-serif;mso-ascii-theme-font:\nminor-latin;mso-hansi-theme-font:minor-latin;mso-bidi-theme-font:minor-latin;\nmso-ansi-language:ES\">Para la Iglesia Cat\u00f3lica en el Per\u00fa hoy es un d\u00eda hist\u00f3rico y de honda significaci\u00f3n, el Papa le ha concedido un segundo Cardenal. Los cat\u00f3licos y el Per\u00fa hemos sido particularmente bendecidos.<\/span><span style=\"font-size: 11pt; font-family: Calibri, sans-serif;\"><o:p><\/o:p><\/span><\/p>\n<p class=\"MsoNormal\" style=\"margin-bottom:10.0pt\"><span lang=\"ES\" style=\"font-size:\n11.0pt;font-family:\"Calibri\",sans-serif;mso-ascii-theme-font:minor-latin;\nmso-hansi-theme-font:minor-latin;mso-bidi-theme-font:minor-latin;mso-ansi-language:\nES\">Lima, 20 de mayo del 2018<\/span><span style=\"font-size: 11pt; font-family: Calibri, sans-serif;\"><o:p><\/o:p><\/span><\/p>\n<p class=\"MsoNormal\" style=\"margin-bottom:10.0pt\"><span lang=\"ES\" style=\"font-size:\n11.0pt;font-family:\"Calibri\",sans-serif;mso-ascii-theme-font:minor-latin;\nmso-hansi-theme-font:minor-latin;mso-bidi-theme-font:minor-latin;mso-ansi-language:\nES\">\u00a0<\/span><span style=\"font-size: 11pt; font-family: Calibri, sans-serif;\"><o:p><\/o:p><\/span><\/p>\n<p class=\"MsoNormal\" style=\"margin-bottom:10.0pt\"><b><span lang=\"ES\" style=\"font-size: 11pt; font-family: Calibri, sans-serif; font-variant-numeric: normal; font-variant-east-asian: normal; font-variant-caps: small-caps;\">+<\/span><\/b><span lang=\"ES\" style=\"font-size: 11pt; font-family: Calibri, sans-serif;\"> <b>Miguel Cabrejos Vidarte, O.F.M<br \/>\n<\/b><span style=\"font-size: 14.6667px;\">Arzobispo Metropolitano de Trujillo<br \/>\n<\/span><span style=\"font-size: 14.6667px;\">Presidente de la\u00a0<\/span><\/span><span style=\"font-family: Calibri, sans-serif; font-size: 14.6667px;\">Conferencia Episcopal Peruana<\/span><\/p>\n<p class=\"MsoNormal\"><span lang=\"ES\" style=\"font-size:11.0pt;font-family:\"Calibri\",sans-serif;mso-ascii-theme-font:\nminor-latin;mso-hansi-theme-font:minor-latin;mso-bidi-theme-font:minor-latin;\nmso-ansi-language:ES\"><b><span style=\"font-variant-numeric: normal; font-variant-east-asian: normal; font-variant-caps: small-caps;\">+<\/span> Norberto Strotmann MSC<br \/>\n<\/b><\/span><span style=\"font-family: Calibri, sans-serif; font-size: 11pt;\">Obispo de Chosica<br \/>\n<\/span><span style=\"font-family: Calibri, sans-serif; font-size: 14.6667px;\">Secretario General de la\u00a0<\/span><span style=\"font-family: Calibri, sans-serif; font-size: 11pt;\">Conferencia Episcopal Peruana<\/span>\u00a0<\/p>\n<p class=\"MsoNormal\"><span style=\"font-size: 11pt; font-family: Calibri, sans-serif;\">\u00a0\u00a0\u00a0\u00a0\u00a0\u00a0\u00a0\u00a0\u00a0\u00a0\u00a0\u00a0\u00a0\u00a0\u00a0\u00a0\u00a0\u00a0\u00a0\u00a0 <\/span><span style=\"font-size:11.0pt;font-family:\"Calibri\",sans-serif;mso-ascii-theme-font:\nminor-latin;mso-hansi-theme-font:minor-latin;mso-bidi-theme-font:minor-latin\">\u00a0 \u00a0 \u00a0 \u00a0 \u00a0 \u00a0 \u00a0 \u00a0 \u00a0 \u00a0 \u00a0 \u00a0 \u00a0 \u00a0 \u00a0 \u00a0 \u00a0 \u00a0 \u00a0 \u00a0 \u00a0 \u00a0 \u00a0 \u00a0 \u00a0 \u00a0 \u00a0 \u00a0 \u00a0 \u00a0 \u00a0 \u00a0 \u00a0 \u00a0 \u00a0 \u00a0 \u00a0<o:p><\/o:p><\/span><\/p>\n<p><span style=\"font-family: Calibri, sans-serif; font-size: 11pt;\">\u00a0 \u00a0 \u00a0 \u00a0<\/span><span style=\"font-family: Calibri, sans-serif; font-size: 11pt;\">\u00a0 \u00a0 \u00a0 \u00a0 \u00a0 \u00a0 \u00a0 \u00a0 \u00a0 \u00a0 \u00a0 \u00a0 \u00a0 \u00a0 \u00a0 \u00a0 \u00a0 \u00a0 \u00a0 \u00a0 \u00a0 \u00a0 \u00a0 \u00a0 \u00a0 \u00a0<\/span><\/p>\n<p><a href=\"http:\/\/web.hilo.org.pe\/wp-content\/uploads\/Monse\u00c3\u00b1or Pedro Barretoweb.jpg\" target=\"_blank\" rel=\"noopener\">Ver archivo adjunto<\/a><\/p>\n","protected":false},"excerpt":{"rendered":"<p>La Iglesia Cat\u00f3lica en el Per\u00fa quiere manifestar su inmensa alegr\u00eda al conocer que en la creaci\u00f3n de los nuevos cardenales, el Santo Padre el Papa Francisco, ha designado Cardenal al Excmo. Monse\u00f1or Pedro Ricardo Barreto Jimeno SJ, Arzobispo Metropolitano de Huancayo.<\/p>\n","protected":false},"author":1,"featured_media":7855,"comment_status":"closed","ping_status":"closed","sticky":false,"template":"","format":"standard","meta":{"footnotes":""},"categories":[9],"tags":[],"class_list":["post-3077","post","type-post","status-publish","format-standard","has-post-thumbnail","hentry","category-noticias"],"_links":{"self":[{"href":"https:\/\/ceas.org.pe\/index.php\/wp-json\/wp\/v2\/posts\/3077","targetHints":{"allow":["GET"]}}],"collection":[{"href":"https:\/\/ceas.org.pe\/index.php\/wp-json\/wp\/v2\/posts"}],"about":[{"href":"https:\/\/ceas.org.pe\/index.php\/wp-json\/wp\/v2\/types\/post"}],"author":[{"embeddable":true,"href":"https:\/\/ceas.org.pe\/index.php\/wp-json\/wp\/v2\/users\/1"}],"replies":[{"embeddable":true,"href":"https:\/\/ceas.org.pe\/index.php\/wp-json\/wp\/v2\/comments?post=3077"}],"version-history":[{"count":1,"href":"https:\/\/ceas.org.pe\/index.php\/wp-json\/wp\/v2\/posts\/3077\/revisions"}],"predecessor-version":[{"id":6141,"href":"https:\/\/ceas.org.pe\/index.php\/wp-json\/wp\/v2\/posts\/3077\/revisions\/6141"}],"wp:featuredmedia":[{"embeddable":true,"href":"https:\/\/ceas.org.pe\/index.php\/wp-json\/wp\/v2\/media\/7855"}],"wp:attachment":[{"href":"https:\/\/ceas.org.pe\/index.php\/wp-json\/wp\/v2\/media?parent=3077"}],"wp:term":[{"taxonomy":"category","embeddable":true,"href":"https:\/\/ceas.org.pe\/index.php\/wp-json\/wp\/v2\/categories?post=3077"},{"taxonomy":"post_tag","embeddable":true,"href":"https:\/\/ceas.org.pe\/index.php\/wp-json\/wp\/v2\/tags?post=3077"}],"curies":[{"name":"wp","href":"https:\/\/api.w.org\/{rel}","templated":true}]}}