{"id":3076,"date":"2018-05-20T14:13:10","date_gmt":"2018-05-20T14:13:10","guid":{"rendered":""},"modified":"2026-03-11T09:11:58","modified_gmt":"2026-03-11T14:11:58","slug":"monsenor-pedro-barreto-es-nuevo-cardenal","status":"publish","type":"post","link":"https:\/\/ceas.org.pe\/index.php\/2018\/05\/20\/monsenor-pedro-barreto-es-nuevo-cardenal\/","title":{"rendered":"Monse\u00f1or Pedro Barreto es nuevo Cardenal"},"content":{"rendered":"<p style=\"margin: 0cm 0cm 0.0001pt; text-align: justify; background-image: initial; background-position: initial; background-size: initial; background-repeat: initial; background-attachment: initial; background-origin: initial; background-clip: initial;\"><span style=\"font-size: 11pt; font-family: Calibri, sans-serif;\">El\u00a0<\/span><a href=\"https:\/\/larepublica.pe\/tag\/papa-francisco\" style=\"box-sizing: border-box; border-top-style: initial; border-right-style: initial; border-left-style: initial; border-top-color: initial; border-right-color: initial; border-bottom-color: rgba(51, 51, 64, 0.62); border-left-color: initial; border-image: initial; font-variant-numeric: inherit; font-variant-east-asian: inherit; font-stretch: inherit; line-height: 2.3rem; text-align: start;\"><span style=\"color: black; text-decoration-line: none;\">Papa Francisco<\/span><\/a><span style=\"text-align: start;\">,\u00a0tras el Rezo del Regina Coeli en la fiesta de Pentecost\u00e9s, anunci\u00f3 la designaci\u00f3n de catorce nuevos\u00a0<\/span><a href=\"https:\/\/larepublica.pe\/tag\/iglesia-catolica\" style=\"box-sizing: border-box; border-top-style: initial; border-right-style: initial; border-left-style: initial; border-top-color: initial; border-right-color: initial; border-bottom-color: rgba(51, 51, 64, 0.62); border-left-color: initial; border-image: initial; font-variant-numeric: inherit; font-variant-east-asian: inherit; font-stretch: inherit; line-height: 2.3rem; text-align: start;\"><span style=\"color: black; text-decoration-line: none;\">cardenales<\/span><\/a><span style=\"text-align: start;\">, entre los que se encuentra nuestro Arzobispo de Huancayo, Pedro Barreto Jimeno. Su nombramiento ser\u00e1 oficial el pr\u00f3ximo 29 de junio.<o:p><\/o:p><\/span><\/p>\n<p style=\"margin: 0cm 0cm 0.0001pt; text-align: justify; background-image: initial; background-position: initial; background-size: initial; background-repeat: initial; background-attachment: initial; background-origin: initial; background-clip: initial;\"><span style=\"font-size: 11pt; font-family: Calibri, sans-serif;\">Monse\u00f1or Pedro Ricardo Barreto Jimeno, SJ. es actualmente, Arzobispo de Huancayo, Primer Vicepresidente de la Conferencia Episcopal Peruana y Vicepresidente de la Red Eclesial PanAmaz\u00f3nica; cabe mencionar que fue Presidente de CEAS durante los a\u00f1os 2006 al 2010, as\u00ed como tambi\u00e9n fue Director del Departamento de Justicia y Paz en el Consejo Episcopal Latinoamericano (CELAM).<o:p><\/o:p><\/span><\/p>\n<p style=\"margin: 0cm 0cm 0.0001pt; text-align: justify; background-image: initial; background-position: initial; background-size: initial; background-repeat: initial; background-attachment: initial; background-origin: initial; background-clip: initial;\"><span style=\"font-size: 11pt; font-family: Calibri, sans-serif;\">Gran pastor que lucha por una Iglesia comprometida con los m\u00e1s pobres y necesitados, tiene una destacada labor en propuestas sobre la urgencia de construir una Iglesia con rostro amaz\u00f3nico, que acompa\u00f1e la vida, la fe, la cultura y las luchas de los pueblos.<o:p><\/o:p><\/span><\/p>\n<p style=\"margin: 0cm 0cm 0.0001pt; text-align: justify; background-image: initial; background-position: initial; background-size: initial; background-repeat: initial; background-attachment: initial; background-origin: initial; background-clip: initial;\"><span style=\"font-size: 11pt; font-family: Calibri, sans-serif;\">Monse\u00f1or Pedro fue ordenado sacerdote en Lima, el 18 de diciembre en 1971 y realiz\u00f3 su profesi\u00f3n perpetua el 3 de octubre de 1976.<o:p><\/o:p><\/span><\/p>\n<p style=\"margin: 0cm 0cm 0.0001pt; text-align: justify; background-image: initial; background-position: initial; background-size: initial; background-repeat: initial; background-attachment: initial; background-origin: initial; background-clip: initial;\"><span style=\"font-size: 11pt; font-family: Calibri, sans-serif;\">\u00a0<\/span><\/p>\n<p style=\"margin: 0cm 0cm 0.0001pt; text-align: justify; background-image: initial; background-position: initial; background-size: initial; background-repeat: initial; background-attachment: initial; background-origin: initial; background-clip: initial;\"><span style=\"font-size: 11pt; font-family: Calibri, sans-serif;\">El 17 de julio de 2004, el Papa Juan II lo nombr\u00f3 Arzobispo Metropolitano de Huancayo y tom\u00f3 posesi\u00f3n de la Arquidi\u00f3cesis el 5 de setiembre de 2004.<o:p><\/o:p><\/span><\/p>\n<p style=\"margin: 0cm 0cm 0.0001pt; text-align: justify; background-image: initial; background-position: initial; background-size: initial; background-repeat: initial; background-attachment: initial; background-origin: initial; background-clip: initial;\"><span style=\"font-size: 11pt; font-family: Calibri, sans-serif;\">\u00a0<o:p><\/o:p><\/span><\/p>\n<p style=\"margin: 0cm 0cm 0.0001pt; text-align: justify; background-image: initial; background-position: initial; background-size: initial; background-repeat: initial; background-attachment: initial; background-origin: initial; background-clip: initial;\"><i><span style=\"font-size: 11pt; font-family: Calibri, sans-serif;\">CEAS, 20 de mayo de 2018.<o:p><\/o:p><\/span><\/i><\/p>\n<p class=\"MsoNormal\" style=\"text-align:justify\">\u00a0<\/p>\n<p><a href=\"http:\/\/web.hilo.org.pe\/wp-content\/uploads\/Monse\u00c3\u00b1or Pedroweb.jpg\" target=\"_blank\" rel=\"noopener\">Ver archivo adjunto<\/a><\/p>\n","protected":false},"excerpt":{"rendered":"<p>El Papa Francisco, tras el Rezo del Regina Coeli en la fiesta de Pentecost\u00e9s, anunci\u00f3 la designaci\u00f3n de catorce nuevos cardenales, entre los que se encuentra nuestro Arzobispo de Huancayo, Pedro Barreto Jimeno. Su nombramiento ser\u00e1 oficial el pr\u00f3ximo 29 de junio.<\/p>\n","protected":false},"author":1,"featured_media":0,"comment_status":"closed","ping_status":"closed","sticky":false,"template":"","format":"standard","meta":{"footnotes":""},"categories":[9],"tags":[],"class_list":["post-3076","post","type-post","status-publish","format-standard","hentry","category-noticias"],"_links":{"self":[{"href":"https:\/\/ceas.org.pe\/index.php\/wp-json\/wp\/v2\/posts\/3076","targetHints":{"allow":["GET"]}}],"collection":[{"href":"https:\/\/ceas.org.pe\/index.php\/wp-json\/wp\/v2\/posts"}],"about":[{"href":"https:\/\/ceas.org.pe\/index.php\/wp-json\/wp\/v2\/types\/post"}],"author":[{"embeddable":true,"href":"https:\/\/ceas.org.pe\/index.php\/wp-json\/wp\/v2\/users\/1"}],"replies":[{"embeddable":true,"href":"https:\/\/ceas.org.pe\/index.php\/wp-json\/wp\/v2\/comments?post=3076"}],"version-history":[{"count":1,"href":"https:\/\/ceas.org.pe\/index.php\/wp-json\/wp\/v2\/posts\/3076\/revisions"}],"predecessor-version":[{"id":6142,"href":"https:\/\/ceas.org.pe\/index.php\/wp-json\/wp\/v2\/posts\/3076\/revisions\/6142"}],"wp:attachment":[{"href":"https:\/\/ceas.org.pe\/index.php\/wp-json\/wp\/v2\/media?parent=3076"}],"wp:term":[{"taxonomy":"category","embeddable":true,"href":"https:\/\/ceas.org.pe\/index.php\/wp-json\/wp\/v2\/categories?post=3076"},{"taxonomy":"post_tag","embeddable":true,"href":"https:\/\/ceas.org.pe\/index.php\/wp-json\/wp\/v2\/tags?post=3076"}],"curies":[{"name":"wp","href":"https:\/\/api.w.org\/{rel}","templated":true}]}}