{"id":3075,"date":"2018-05-17T12:56:29","date_gmt":"2018-05-17T12:56:29","guid":{"rendered":""},"modified":"2026-03-11T09:11:58","modified_gmt":"2026-03-11T14:11:58","slug":"iglesia-catolica-peruana-realizara-colecta-para-ayudar-a-pueblo-venezolano","status":"publish","type":"post","link":"https:\/\/ceas.org.pe\/index.php\/2018\/05\/17\/iglesia-catolica-peruana-realizara-colecta-para-ayudar-a-pueblo-venezolano\/","title":{"rendered":"Iglesia cat\u00f3lica peruana realizar\u00e1 colecta para ayudar a pueblo venezolano"},"content":{"rendered":"<p class=\"MsoNormal\" align=\"center\" style=\"text-align:center;tab-stops:18.0pt\">\u00a0<\/p>\n<p class=\"MsoListParagraph\" style=\"margin-left:36.0pt;text-indent:-18.0pt;\nmso-list:l0 level1 lfo1;tab-stops:18.0pt\"><!--[if !supportLists]--><span style=\"font-family:Symbol;mso-fareast-font-family:Symbol;mso-bidi-font-family:\nSymbol;mso-ansi-language:ES-PE\"><span style=\"mso-list:Ignore\">\u00b7<span style=\"font:7.0pt \"Times New Roman\"\">\u00a0\u00a0\u00a0\u00a0\u00a0\u00a0\u00a0\u00a0 <\/span><\/span><\/span><!--[endif]--><span style=\"font-family:\"Calibri\",sans-serif;\nmso-ascii-theme-font:minor-latin;mso-hansi-theme-font:minor-latin;mso-bidi-theme-font:\nminor-latin;mso-ansi-language:ES-PE\">Colecta solidaria se realizar\u00e1 en iglesias y parroquias a nivel nacional<o:p><\/o:p><\/span><\/p>\n<p class=\"MsoListParagraph\" style=\"margin-left:36.0pt;text-indent:-18.0pt;\nmso-list:l0 level1 lfo1;tab-stops:18.0pt\"><!--[if !supportLists]--><span style=\"font-family:Symbol;mso-fareast-font-family:Symbol;mso-bidi-font-family:\nSymbol;mso-ansi-language:ES-PE\"><span style=\"mso-list:Ignore\">\u00b7<span style=\"font:7.0pt \"Times New Roman\"\">\u00a0\u00a0\u00a0\u00a0\u00a0\u00a0\u00a0\u00a0 <\/span><\/span><\/span><!--[endif]--><span style=\"font-family:\"Calibri\",sans-serif;\nmso-ascii-theme-font:minor-latin;mso-hansi-theme-font:minor-latin;mso-bidi-theme-font:\nminor-latin;mso-ansi-language:ES-PE\">Los fondos servir\u00e1n para aliviar el hambre y necesidades b\u00e1sicas de ni\u00f1os, mujeres y ancianos de Venezuela. <o:p><\/o:p><\/span><\/p>\n<p class=\"MsoNormal\" style=\"tab-stops:18.0pt\">\n<span lang=\"ES\" style=\"font-family:\n\"Calibri\",sans-serif;mso-ascii-theme-font:minor-latin;mso-hansi-theme-font:\nminor-latin;mso-bidi-theme-font:minor-latin\">La Conferencia Episcopal Peruana-CEP, en su tarea de responder de manera solidaria y concreta, frente a la crisis humanitaria que actualmente vive el pueblo hermano de Venezuela, realizar\u00e1 el pr\u00f3ximo domingo 3 de junio una colecta nacional para recolectar fondos para este fin, en las iglesias y parroquias de todo el pa\u00eds.<o:p><\/o:p><\/span><\/p>\n<p class=\"MsoNormal\" style=\"text-align:justify\"><span lang=\"ES\" style=\"font-family:\n\"Calibri\",sans-serif;mso-ascii-theme-font:minor-latin;mso-hansi-theme-font:\nminor-latin;mso-bidi-theme-font:minor-latin\">Esta campa\u00f1a solidaria se desarrollar\u00e1 el primer domingo de junio y se realizar\u00e1 en esta \u00fanica fecha durante la celebraci\u00f3n de la Santa Misa, en sus diversos horarios. A trav\u00e9s de esta colecta cualquier persona puede hacer su donaci\u00f3n (en dinero) de manera voluntaria.<span style=\"mso-spacerun:yes\">\u00a0 <\/span><o:p><\/o:p><\/span><\/p>\n<p class=\"MsoNormal\" style=\"text-align:justify\"><span lang=\"ES\" style=\"font-family:\n\"Calibri\",sans-serif;mso-ascii-theme-font:minor-latin;mso-hansi-theme-font:\nminor-latin;mso-bidi-theme-font:minor-latin\">De igual manera, la CEP, ha determinado dos cuentas bancarias para que toda persona pueda participar haciendo su donativo:<o:p><\/o:p><\/span><\/p>\n<p class=\"MsoNormal\" style=\"text-align:justify;mso-pagination:widow-orphan;\ntext-autospace:ideograph-numeric ideograph-other\"><b><span lang=\"ES\" style=\"font-family:\"Calibri\",sans-serif;mso-ascii-theme-font:minor-latin;\nmso-fareast-font-family:\"Times New Roman\";mso-hansi-theme-font:minor-latin;\nmso-bidi-theme-font:minor-latin;color:#222222\">Banco de Cr\u00e9dito del Per\u00fa: Conferencia Episcopal Peruana<\/span><\/b><span style=\"font-family:\"Calibri\",sans-serif;\nmso-ascii-theme-font:minor-latin;mso-fareast-font-family:\"Times New Roman\";\nmso-hansi-theme-font:minor-latin;mso-bidi-theme-font:minor-latin;color:#222222;\nmso-ansi-language:ES-PE\"><o:p><\/o:p><\/span><br \/>\n<b><span lang=\"ES\" style=\"font-family:\"Calibri\",sans-serif;mso-ascii-theme-font:minor-latin;\nmso-fareast-font-family:\"Times New Roman\";mso-hansi-theme-font:minor-latin;\nmso-bidi-theme-font:minor-latin;color:#222222\">Cuenta ahorro Soles:\u00a0\u00a0\u00a0\u00a0\u00a0193- 34854865-0-32<\/span><\/b><span style=\"font-family:\"Calibri\",sans-serif;mso-ascii-theme-font:minor-latin;\nmso-fareast-font-family:\"Times New Roman\";mso-hansi-theme-font:minor-latin;\nmso-bidi-theme-font:minor-latin;color:#222222;mso-ansi-language:ES-PE\"><o:p><\/o:p><\/span><br \/>\n<b><span lang=\"ES\" style=\"font-family:\"Calibri\",sans-serif;mso-ascii-theme-font:minor-latin;\nmso-fareast-font-family:\"Times New Roman\";mso-hansi-theme-font:minor-latin;\nmso-bidi-theme-font:minor-latin;color:#222222\">Cuenta ahorro D\u00f3lares: 193- 34854869-1-36<\/span><\/b><span style=\"font-family:\"Calibri\",sans-serif;\nmso-ascii-theme-font:minor-latin;mso-fareast-font-family:\"Times New Roman\";\nmso-hansi-theme-font:minor-latin;mso-bidi-theme-font:minor-latin;color:#222222;\nmso-ansi-language:ES-PE\"><o:p><\/o:p><\/span><\/p>\n<p class=\"MsoNormal\" style=\"text-align:justify\"><span lang=\"ES\" style=\"font-family:\n\"Calibri\",sans-serif;mso-ascii-theme-font:minor-latin;mso-hansi-theme-font:\nminor-latin;mso-bidi-theme-font:minor-latin\">Es importante se\u00f1alar, que<b style=\"mso-bidi-font-weight:normal\"> <\/b>los Obispos de las diversas jurisdicciones eclesi\u00e1sticas ser\u00e1n los encargados de supervisar el desarrollo de esta colecta extraordinaria.<b style=\"mso-bidi-font-weight:normal\"><o:p><\/o:p><\/b><\/span><\/p>\n<p class=\"MsoNormal\" style=\"text-align:justify\">\n<span lang=\"ES\" style=\"font-family:\"Calibri\",sans-serif;mso-ascii-theme-font:minor-latin;\nmso-hansi-theme-font:minor-latin;mso-bidi-theme-font:minor-latin\">Lima, 17 de mayo de 2018<o:p><\/o:p><\/span><\/p>\n<p class=\"MsoNormal\" style=\"text-align:justify\"><span lang=\"ES\" style=\"font-family:\n\"Calibri\",sans-serif;mso-ascii-theme-font:minor-latin;mso-hansi-theme-font:\nminor-latin;mso-bidi-theme-font:minor-latin\"><o:p>\u00a0<\/o:p><\/span><\/p>\n<p class=\"MsoNormal\" style=\"text-align:justify\"><i style=\"mso-bidi-font-style:\nnormal\"><span lang=\"ES\" style=\"font-family:\"Calibri\",sans-serif;mso-ascii-theme-font:\nminor-latin;mso-hansi-theme-font:minor-latin;mso-bidi-theme-font:minor-latin\">Oficina de Comunicaciones<o:p><\/o:p><\/span><\/i><br \/>\n<i style=\"mso-bidi-font-style:\nnormal\"><span lang=\"ES\" style=\"font-family:\"Calibri\",sans-serif;mso-ascii-theme-font:\nminor-latin;mso-hansi-theme-font:minor-latin;mso-bidi-theme-font:minor-latin\">Conferencia Episcopal Peruana<o:p><\/o:p><\/span><\/i><br \/>\n<i style=\"mso-bidi-font-style:\nnormal\"><span lang=\"ES\" style=\"font-family:\"Calibri\",sans-serif;mso-ascii-theme-font:\nminor-latin;mso-hansi-theme-font:minor-latin;mso-bidi-theme-font:minor-latin\">4631010 anexo 248<o:p><\/o:p><\/span><\/i><\/p>\n<p><a href=\"http:\/\/web.hilo.org.pe\/wp-content\/uploads\/CEP.jpg\" target=\"_blank\" rel=\"noopener\">Ver archivo adjunto<\/a><\/p>\n","protected":false},"excerpt":{"rendered":"<p>La Conferencia Episcopal Peruana-CEP, en su tarea de responder de manera solidaria y concreta, frente a la crisis humanitaria que actualmente vive el pueblo hermano de Venezuela, realizar\u00e1 el pr\u00f3ximo domingo 3 de junio una colecta nacional para recolectar fondos para este fin, en las iglesias y parroquias de todo el pa\u00eds.<\/p>\n","protected":false},"author":1,"featured_media":7857,"comment_status":"closed","ping_status":"closed","sticky":false,"template":"","format":"standard","meta":{"footnotes":""},"categories":[9],"tags":[],"class_list":["post-3075","post","type-post","status-publish","format-standard","has-post-thumbnail","hentry","category-noticias"],"_links":{"self":[{"href":"https:\/\/ceas.org.pe\/index.php\/wp-json\/wp\/v2\/posts\/3075","targetHints":{"allow":["GET"]}}],"collection":[{"href":"https:\/\/ceas.org.pe\/index.php\/wp-json\/wp\/v2\/posts"}],"about":[{"href":"https:\/\/ceas.org.pe\/index.php\/wp-json\/wp\/v2\/types\/post"}],"author":[{"embeddable":true,"href":"https:\/\/ceas.org.pe\/index.php\/wp-json\/wp\/v2\/users\/1"}],"replies":[{"embeddable":true,"href":"https:\/\/ceas.org.pe\/index.php\/wp-json\/wp\/v2\/comments?post=3075"}],"version-history":[{"count":1,"href":"https:\/\/ceas.org.pe\/index.php\/wp-json\/wp\/v2\/posts\/3075\/revisions"}],"predecessor-version":[{"id":6144,"href":"https:\/\/ceas.org.pe\/index.php\/wp-json\/wp\/v2\/posts\/3075\/revisions\/6144"}],"wp:featuredmedia":[{"embeddable":true,"href":"https:\/\/ceas.org.pe\/index.php\/wp-json\/wp\/v2\/media\/7857"}],"wp:attachment":[{"href":"https:\/\/ceas.org.pe\/index.php\/wp-json\/wp\/v2\/media?parent=3075"}],"wp:term":[{"taxonomy":"category","embeddable":true,"href":"https:\/\/ceas.org.pe\/index.php\/wp-json\/wp\/v2\/categories?post=3075"},{"taxonomy":"post_tag","embeddable":true,"href":"https:\/\/ceas.org.pe\/index.php\/wp-json\/wp\/v2\/tags?post=3075"}],"curies":[{"name":"wp","href":"https:\/\/api.w.org\/{rel}","templated":true}]}}