{"id":3074,"date":"2018-05-26T13:49:32","date_gmt":"2018-05-26T13:49:32","guid":{"rendered":""},"modified":"2026-03-11T09:11:57","modified_gmt":"2026-03-11T14:11:57","slug":"el-papa-francisco-recibe-a-la-presidencia-de-la-conferencia-episcopal-peruana","status":"publish","type":"post","link":"https:\/\/ceas.org.pe\/index.php\/2018\/05\/26\/el-papa-francisco-recibe-a-la-presidencia-de-la-conferencia-episcopal-peruana\/","title":{"rendered":"El Papa Francisco recibe a la Presidencia de la Conferencia Episcopal Peruana"},"content":{"rendered":"<p class=\"MsoNormal\" style=\"margin-bottom:0cm;margin-bottom:.0001pt;line-height:\nnormal;background:white\"><span style=\"mso-fareast-font-family:\"Times New Roman\";\nmso-bidi-font-family:Calibri;mso-bidi-theme-font:minor-latin;color:#222222;\nmso-fareast-language:ES-PE\">El Santo Padre recibi\u00f3 hoy a la Presidencia de la Conferencia Episcopal Peruana (CEP) en un encuentro marcado por la cordialidad y la mutua preocupaci\u00f3n por la Evangelizaci\u00f3n del Per\u00fa. La actual Presidencia, elegida en marzo del presente a\u00f1o, est\u00e1 conformada por Monse\u00f1or Miguel Cabrejos, Arzobispo de Trujillo y Presidente de la CEP; Mons. Pedro Barreto, Arzobispo de Huancayo, Primer Vicepresidente y Nuevo Cardenal de la Iglesia; Mons. Robert Prevost, Obispo de Chiclayo, Segundo Vicepresidente y Mons. Norberto Strotmann, Secretario General de la CEP.<o:p><\/o:p><\/span><\/p>\n<p class=\"MsoNormal\" style=\"margin-bottom:0cm;margin-bottom:.0001pt;line-height:\nnormal;background:white\"><span style=\"mso-fareast-font-family:\"Times New Roman\";\nmso-bidi-font-family:Calibri;mso-bidi-theme-font:minor-latin;color:#222222;\nmso-fareast-language:ES-PE\">El encuentro de la Presidencia de la CEP con el Papa Francisco tuvo como principal objetivo, llevarle el cari\u00f1o, el respeto y la gratitud del pueblo peruano luego de la significativa visita pastoral que realiz\u00f3 el Santo Padre al pa\u00eds en enero pasado. \u00a0<o:p><\/o:p><\/span><\/p>\n<p class=\"MsoNormal\" style=\"margin-bottom:0cm;margin-bottom:.0001pt;line-height:\nnormal;background:white\"><i style=\"mso-bidi-font-style:normal\"><span style=\"mso-fareast-font-family:\"Times New Roman\";mso-bidi-font-family:Calibri;\nmso-bidi-theme-font:minor-latin;color:#222222;mso-fareast-language:ES-PE\">\u201cLa alegr\u00eda y la renovaci\u00f3n de la esperanza que nos dej\u00f3 la visita del Santo Padre ha significado un nuevo impulso para que la Iglesia Cat\u00f3lica Peruana asuma nuevos retos. \u00a0 Debemos mirar con atenci\u00f3n los problemas abordados por el Papa, como la trata de personas, las formas de violencia contra la mujer, la contaminaci\u00f3n ambiental, entre otros\u201d<\/span><\/i><span style=\"mso-fareast-font-family:\n\"Times New Roman\";mso-bidi-font-family:Calibri;mso-bidi-theme-font:minor-latin;\ncolor:#222222;mso-fareast-language:ES-PE\"> manifest\u00f3 Monse\u00f1or Cabrejos en relaci\u00f3n a la audiencia sostenida con el Papa, desde Roma.\u00a0<o:p><\/o:p><\/span><\/p>\n<p class=\"MsoNormal\" style=\"margin-bottom:0cm;margin-bottom:.0001pt;line-height:\nnormal;background:white\"><span style=\"mso-fareast-font-family:\"Times New Roman\";\nmso-bidi-font-family:Calibri;mso-bidi-theme-font:minor-latin;color:#222222;\nmso-fareast-language:ES-PE\">El Pont\u00edfice recibi\u00f3 a los Obispos en su Despacho ubicado en la Plaza San Pedro, en la ciudad de El Vaticano.<o:p><\/o:p><\/span><\/p>\n<p class=\"MsoNormal\" style=\"margin-bottom:0cm;margin-bottom:.0001pt;line-height:\nnormal;background:white\"><span style=\"mso-fareast-font-family:\"Times New Roman\";\nmso-bidi-font-family:Calibri;mso-bidi-theme-font:minor-latin;color:#222222;\nmso-fareast-language:ES-PE\">Los obispos de la Presidencia de la CEP han culminado una semana de arduo trabajo que incluy\u00f3 con las visitas a los m\u00e1s importantes Dicasterios de la Curia Romana. En algunos de ellos como en el Dicasterio de Desarrollo Humano Integral la visita gir\u00f3 en torno a la ayuda solidaria que el Per\u00fa est\u00e1 ofreciendo al hermano pueblo de Venezuela.<o:p><\/o:p><\/span><\/p>\n<p class=\"MsoNormal\" style=\"margin-bottom:0cm;margin-bottom:.0001pt;line-height:\nnormal;background:white\"><i style=\"mso-bidi-font-style:normal\"><span style=\"mso-fareast-font-family:\"Times New Roman\";mso-bidi-font-family:Calibri;\nmso-bidi-theme-font:minor-latin;color:#222222;mso-fareast-language:ES-PE\">Oficina de Comunicaciones<o:p><\/o:p><\/span><\/i><br \/>\n<i style=\"mso-bidi-font-style:normal\"><span style=\"mso-fareast-font-family:\"Times New Roman\";mso-bidi-font-family:Calibri;\nmso-bidi-theme-font:minor-latin;color:#222222;mso-fareast-language:ES-PE\">Conferencia Episcopal Peruana-CEP<o:p><\/o:p><\/span><\/i><br \/>\n<i style=\"mso-bidi-font-style:normal\"><span style=\"mso-fareast-font-family:\"Times New Roman\";mso-bidi-font-family:Calibri;\nmso-bidi-theme-font:minor-latin;color:#222222;mso-fareast-language:ES-PE\">26 de mayo de 2018<\/span><\/i><i style=\"mso-bidi-font-style:normal\"><span style=\"mso-bidi-font-family:Calibri;mso-bidi-theme-font:minor-latin\"><o:p><\/o:p><\/span><\/i><\/p>\n<p><a href=\"http:\/\/web.hilo.org.pe\/wp-content\/uploads\/VISITA CEP AL PAPAweb.jpg\" target=\"_blank\" rel=\"noopener\">Ver archivo adjunto<\/a><\/p>\n","protected":false},"excerpt":{"rendered":"<p>El encuentro de la Presidencia de la CEP con el Papa Francisco tuvo como principal objetivo, llevarle el cari\u00f1o, el respeto y la gratitud del pueblo peruano luego de la significativa visita pastoral que realiz\u00f3 el Santo Padre al pa\u00eds en enero pasado.<\/p>\n","protected":false},"author":1,"featured_media":7855,"comment_status":"closed","ping_status":"closed","sticky":false,"template":"","format":"standard","meta":{"footnotes":""},"categories":[9],"tags":[],"class_list":["post-3074","post","type-post","status-publish","format-standard","has-post-thumbnail","hentry","category-noticias"],"_links":{"self":[{"href":"https:\/\/ceas.org.pe\/index.php\/wp-json\/wp\/v2\/posts\/3074","targetHints":{"allow":["GET"]}}],"collection":[{"href":"https:\/\/ceas.org.pe\/index.php\/wp-json\/wp\/v2\/posts"}],"about":[{"href":"https:\/\/ceas.org.pe\/index.php\/wp-json\/wp\/v2\/types\/post"}],"author":[{"embeddable":true,"href":"https:\/\/ceas.org.pe\/index.php\/wp-json\/wp\/v2\/users\/1"}],"replies":[{"embeddable":true,"href":"https:\/\/ceas.org.pe\/index.php\/wp-json\/wp\/v2\/comments?post=3074"}],"version-history":[{"count":1,"href":"https:\/\/ceas.org.pe\/index.php\/wp-json\/wp\/v2\/posts\/3074\/revisions"}],"predecessor-version":[{"id":6140,"href":"https:\/\/ceas.org.pe\/index.php\/wp-json\/wp\/v2\/posts\/3074\/revisions\/6140"}],"wp:featuredmedia":[{"embeddable":true,"href":"https:\/\/ceas.org.pe\/index.php\/wp-json\/wp\/v2\/media\/7855"}],"wp:attachment":[{"href":"https:\/\/ceas.org.pe\/index.php\/wp-json\/wp\/v2\/media?parent=3074"}],"wp:term":[{"taxonomy":"category","embeddable":true,"href":"https:\/\/ceas.org.pe\/index.php\/wp-json\/wp\/v2\/categories?post=3074"},{"taxonomy":"post_tag","embeddable":true,"href":"https:\/\/ceas.org.pe\/index.php\/wp-json\/wp\/v2\/tags?post=3074"}],"curies":[{"name":"wp","href":"https:\/\/api.w.org\/{rel}","templated":true}]}}