{"id":3073,"date":"2018-05-11T16:38:22","date_gmt":"2018-05-11T16:38:22","guid":{"rendered":""},"modified":"2026-03-11T09:11:58","modified_gmt":"2026-03-11T14:11:58","slug":"red-clamor-llama-a-construir-puentes-y-a-reconocer-el-aporte-de-los-emigrantes","status":"publish","type":"post","link":"https:\/\/ceas.org.pe\/index.php\/2018\/05\/11\/red-clamor-llama-a-construir-puentes-y-a-reconocer-el-aporte-de-los-emigrantes\/","title":{"rendered":"Red Clamor llama a construir puentes y a reconocer el aporte de los emigrantes"},"content":{"rendered":"<p><span style=\"font-family: Calibri, sans-serif; font-size: 11pt; text-align: justify;\">Reunidos en Santiago entre el 7 y el 10 de mayo, participantes de Latinoam\u00e9rica y el Caribe, convocados por DEJUSOL- CELAM, INCAMI y Caritas de Chile, revisaron los grandes temas que enfrenta la migraci\u00f3n mundial y el trabajo que estamos llamados a realizar siguiendo el llamado del Papa Francisco para acoger, proteger, promover e integrar a los hermanos emigrantes.\u00a0<\/span><\/p>\n<p style=\"margin-top:0cm;margin-right:0cm;margin-bottom:11.25pt;margin-left:\n0cm;text-align:justify;background:white;font-variant-ligatures: normal;\nfont-variant-caps: normal;orphans: 2;text-align:start;widows: 2;-webkit-text-stroke-width: 0px;\ntext-decoration-style: initial;text-decoration-color: initial;word-spacing:\n0px\"><span style=\"font-size:11.0pt;font-family:\"Calibri\",sans-serif;mso-ascii-theme-font:\nminor-latin;mso-hansi-theme-font:minor-latin;mso-bidi-theme-font:minor-latin\">El encuentro, se llev\u00f3 a cabo en Casa Francisco Javier y cont\u00f3 con la participaci\u00f3n de m\u00e1s de cien personas entre miembros de la Red Clamor, Obispos, directores de Caritas y representantes de las diferentes di\u00f3cesis del pa\u00eds.\u00a0<o:p><\/o:p><\/span><\/p>\n<p style=\"margin-top:0cm;margin-right:0cm;margin-bottom:11.25pt;margin-left:\n0cm;text-align:justify;background:white;font-variant-ligatures: normal;\nfont-variant-caps: normal;orphans: 2;text-align:start;widows: 2;-webkit-text-stroke-width: 0px;\ntext-decoration-style: initial;text-decoration-color: initial;word-spacing:\n0px\"><span style=\"font-size:11.0pt;font-family:\"Calibri\",sans-serif;mso-ascii-theme-font:\nminor-latin;mso-hansi-theme-font:minor-latin;mso-bidi-theme-font:minor-latin\">Sobre el trabajo realizado en el evento, el P. Leonir Chiarello, Director Ejecutivo de la red Scalabriniana, se\u00f1al\u00f3: \u00abComo iglesia somos los primeros en responder y si los migrantes est\u00e1n saliendo, nosotros queremos salir con ellos, trabajar en conjunto con la Red Clamor, Caritas, parroquias, comunidades. Hoy la migraci\u00f3n se ha convertido en uno de los temas centrales de la agenda global, por motivos humanitarios, econ\u00f3micos y pol\u00edticos, por primera vez despu\u00e9s de la Segunda Guerra Mundial superamos los 70 millones de personas que se desplazaron de su pa\u00eds de origen y frente a esa crisis humanitaria tenemos reacciones distintas, pa\u00edses que se cierran viendo esa llegada como una amenaza, pero tambi\u00e9n hay otros, entre ellos la iglesia, que trabajamos por reconstruir su dignidad. El migrante viene a enriquecer nuestro pa\u00eds, a sumar elementos que nos hacen crecer como sociedad. Lo que buscamos es que los pa\u00edses reconozcan a los migrantes como un aporte a su desarrollo\u00bb.<o:p><\/o:p><\/span><\/p>\n<p style=\"margin-top:0cm;margin-right:0cm;margin-bottom:11.25pt;margin-left:\n0cm;text-align:justify;background:white;font-variant-ligatures: normal;\nfont-variant-caps: normal;orphans: 2;text-align:start;widows: 2;-webkit-text-stroke-width: 0px;\ntext-decoration-style: initial;text-decoration-color: initial;word-spacing:\n0px\"><strong><span style=\"font-size:11.0pt;font-family:\"Calibri\",sans-serif;\nmso-ascii-theme-font:minor-latin;mso-hansi-theme-font:minor-latin;mso-bidi-theme-font:\nminor-latin\"><br \/>\nPonerse en los zapatos del otro\u00a0<\/span><\/strong><span style=\"font-size:\n11.0pt;font-family:\"Calibri\",sans-serif;mso-ascii-theme-font:minor-latin;\nmso-hansi-theme-font:minor-latin;mso-bidi-theme-font:minor-latin\"><o:p><\/o:p><\/span><\/p>\n<p style=\"margin-top:0cm;margin-right:0cm;margin-bottom:11.25pt;margin-left:\n0cm;text-align:justify;background:white;font-variant-ligatures: normal;\nfont-variant-caps: normal;orphans: 2;text-align:start;widows: 2;-webkit-text-stroke-width: 0px;\ntext-decoration-style: initial;text-decoration-color: initial;word-spacing:\n0px\"><span style=\"font-size:11.0pt;font-family:\"Calibri\",sans-serif;mso-ascii-theme-font:\nminor-latin;mso-hansi-theme-font:minor-latin;mso-bidi-theme-font:minor-latin\">Para Mons. Jos\u00e9 Luis Azuaje, Presidente de Caritas Am\u00e9rica Latina y el Caribe, \u00abEl tema de la migraci\u00f3n ha sido siempre muy especial para la Iglesia y ahora, con mayor fuerza debido a la situaci\u00f3n especial que est\u00e1n sufriendo los hermanos venezolanos. Hay un llamado de atenci\u00f3n al mundo entero para revisar lo que est\u00e1n viviendo los emigrantes en cuanto a su situaci\u00f3n legal, humanitaria, cultural, es decir, en todo el campo de atenci\u00f3n que requieren. En el marco de Clamor estamos integrando todo esto dentro de un gran plan motivados a la protecci\u00f3n, acogida, solidaridad con todos los hermanos que se movilizan por distintas situaciones. Especialmente con los m\u00e1s vulnerables que no tienen redes y precisan una mayor atenci\u00f3n. En la iglesia decimos que nadie es ilegal, todos tenemos dignidad humana y eso nos da la potencialidad de ser recibidos como seres humanos y que sus derechos sean respetados. Lo que nosotros buscamos es el reconocimiento de toda persona humana con su dignidad y que sea acogida con todo derecho. En suma, llamamos a ponerse en los zapatos del otro\u00bb.<o:p><\/o:p><\/span><\/p>\n<p style=\"margin-top:0cm;margin-right:0cm;margin-bottom:11.25pt;margin-left:\n0cm;text-align:justify;background:white;font-variant-ligatures: normal;\nfont-variant-caps: normal;orphans: 2;text-align:start;widows: 2;-webkit-text-stroke-width: 0px;\ntext-decoration-style: initial;text-decoration-color: initial;word-spacing:\n0px\"><span style=\"font-size:11.0pt;font-family:\"Calibri\",sans-serif;mso-ascii-theme-font:\nminor-latin;mso-hansi-theme-font:minor-latin;mso-bidi-theme-font:minor-latin\">En tanto, el Director de Caritas Chile, Lorenzo Figueroa, manifest\u00f3 que: \u00bb Es importante entender que la migraci\u00f3n no es un problema, es una realidad propia de este mundo globalizado y es tambi\u00e9n una posibilidad de enriquecernos, una valoraci\u00f3n positiva en la medida que tengamos una cultura de acogida. No podemos quedar indiferentes a la explosi\u00f3n que ha habido en Chile como parte de un fen\u00f3meno global de las migraciones, que corresponde a personas que sufren desde sus pa\u00edses de origen y siguen en su llegada ac\u00e1, sufriendo situaciones extremadamente graves de discriminaci\u00f3n y pobreza y eso nos interpela a responder a esta urgencia.\u00a0<o:p><\/o:p><\/span><\/p>\n<p style=\"margin-top:0cm;margin-right:0cm;margin-bottom:11.25pt;margin-left:\n0cm;text-align:justify;background:white;font-variant-ligatures: normal;\nfont-variant-caps: normal;orphans: 2;text-align:start;widows: 2;-webkit-text-stroke-width: 0px;\ntext-decoration-style: initial;text-decoration-color: initial;word-spacing:\n0px\"><strong><span style=\"font-size:11.0pt;font-family:\"Calibri\",sans-serif;\nmso-ascii-theme-font:minor-latin;mso-hansi-theme-font:minor-latin;mso-bidi-theme-font:\nminor-latin\"><br \/>\nUn llamado a construir puentes<\/span><\/strong><span style=\"font-size:11.0pt;\nfont-family:\"Calibri\",sans-serif;mso-ascii-theme-font:minor-latin;mso-hansi-theme-font:\nminor-latin;mso-bidi-theme-font:minor-latin\"><o:p><\/o:p><\/span><\/p>\n<p style=\"margin-top:0cm;margin-right:0cm;margin-bottom:11.25pt;margin-left:\n0cm;text-align:justify;background:white;font-variant-ligatures: normal;\nfont-variant-caps: normal;orphans: 2;text-align:start;widows: 2;-webkit-text-stroke-width: 0px;\ntext-decoration-style: initial;text-decoration-color: initial;word-spacing:\n0px\"><span style=\"font-size:11.0pt;font-family:\"Calibri\",sans-serif;mso-ascii-theme-font:\nminor-latin;mso-hansi-theme-font:minor-latin;mso-bidi-theme-font:minor-latin\">\u201cMientras unos hablan de muros al sentir que los emigrantes son una amenaza, otros como la Red Clamor vemos en cada migrante una persona un potencial, un ser humano que puede aportar y por tanto, llamamos a construir puentes\u201d, se\u00f1ala Elvy Monzant, secretario Ejecutivo de la Red Clamor.\u00a0<o:p><\/o:p><\/span><\/p>\n<p style=\"margin-top:0cm;margin-right:0cm;margin-bottom:11.25pt;margin-left:\n0cm;text-align:justify;background:white;font-variant-ligatures: normal;\nfont-variant-caps: normal;orphans: 2;text-align:start;widows: 2;-webkit-text-stroke-width: 0px;\ntext-decoration-style: initial;text-decoration-color: initial;word-spacing:\n0px\"><span style=\"font-size:11.0pt;font-family:\"Calibri\",sans-serif;mso-ascii-theme-font:\nminor-latin;mso-hansi-theme-font:minor-latin;mso-bidi-theme-font:minor-latin\">Como Red Clamor, expresa Monzant: \u201cExigimos el cumplimiento de sus derechos, alimentaci\u00f3n, salud, trabajo, vivienda digna, independientemente de d\u00f3nde haya nacido y del color de su piel. So\u00f1amos con que todos puedan tener una vida plena y en abundancia. Trabajamos para construir una sociedad justa, solidaria y fraterna\u201d.\u00a0<o:p><\/o:p><\/span><\/p>\n<p style=\"margin-top:0cm;margin-right:0cm;margin-bottom:11.25pt;margin-left:\n0cm;text-align:justify;background:white;font-variant-ligatures: normal;\nfont-variant-caps: normal;orphans: 2;text-align:start;widows: 2;-webkit-text-stroke-width: 0px;\ntext-decoration-style: initial;text-decoration-color: initial;word-spacing:\n0px\"><span style=\"font-size:11.0pt;font-family:\"Calibri\",sans-serif;mso-ascii-theme-font:\nminor-latin;mso-hansi-theme-font:minor-latin;mso-bidi-theme-font:minor-latin\">Al t\u00e9rmino del Encuentro Latinoamericano y caribe\u00f1o sobre migraci\u00f3n, refugio y trata, los participantes de la Red Clamor acordaron trabajar a la brevedad un mapeo con todos los servicios que la iglesia est\u00e1 prestando en la Regi\u00f3n, concretar una aplicaci\u00f3n m\u00f3vil para todos los emigrantes que entregue informaci\u00f3n b\u00e1sica sobre las leyes y servicios a los que pueden acceder a su arribo a los distintos pa\u00edses, mejorar la articulaci\u00f3n de redes a nivel nacional, continuar con el proceso de incidencia en los Pactos Globales, sum\u00e1ndose a los esfuerzos de Caritas Internacional, del SELACC, entre otros y\u00a0contribuir con espacios formativos a las personas que trabajan en la tem\u00e1tica de la migraci\u00f3n.\u00a0<o:p><\/o:p><\/span><\/p>\n<p style=\"margin-top:0cm;margin-right:0cm;margin-bottom:11.25pt;margin-left:\n0cm;text-align:justify;background:white;font-variant-ligatures: normal;\nfont-variant-caps: normal;orphans: 2;text-align:start;widows: 2;-webkit-text-stroke-width: 0px;\ntext-decoration-style: initial;text-decoration-color: initial;word-spacing:\n0px\"><span style=\"font-size:11.0pt;font-family:\"Calibri\",sans-serif;mso-ascii-theme-font:\nminor-latin;mso-hansi-theme-font:minor-latin;mso-bidi-theme-font:minor-latin\">Los participantes evento, tuvieron la oportunidad de participar en las XX Jornadas Migratorias de INCAMI, en la cual se convers\u00f3 sobre los Pactos Globales, pol\u00edticas p\u00fablicas, las modificaciones a la ley de migraci\u00f3n que se requiere en Chile, entre otros.\u00a0<o:p><\/o:p><\/span><\/p>\n<p style=\"margin-top:0cm;margin-right:0cm;margin-bottom:11.25pt;margin-left:\n0cm;text-align:justify;background:white;font-variant-ligatures: normal;\nfont-variant-caps: normal;orphans: 2;text-align:start;widows: 2;-webkit-text-stroke-width: 0px;\ntext-decoration-style: initial;text-decoration-color: initial;word-spacing:\n0px\"><span style=\"font-size:11.0pt;font-family:\"Calibri\",sans-serif;mso-ascii-theme-font:\nminor-latin;mso-hansi-theme-font:minor-latin;mso-bidi-theme-font:minor-latin\">La despedida de este fruct\u00edfero encuentro se cerr\u00f3 con una \u00abComida compartida\u00bb, siguiendo el llamado que hace Caritas Internacional a sumarse a la Semana de Acci\u00f3n Global, en el mes de junio, en el marco de la campa\u00f1a sobre migraci\u00f3n y refugio\u00a0<o:p><\/o:p><\/span><\/p>\n<p style=\"margin-top:0cm;margin-right:0cm;margin-bottom:11.25pt;margin-left:\n0cm;text-align:justify;background:white;font-variant-ligatures: normal;\nfont-variant-caps: normal;orphans: 2;text-align:start;widows: 2;-webkit-text-stroke-width: 0px;\ntext-decoration-style: initial;text-decoration-color: initial;word-spacing:\n0px\"><span style=\"font-size:11.0pt;font-family:\"Calibri\",sans-serif;mso-ascii-theme-font:\nminor-latin;mso-hansi-theme-font:minor-latin;mso-bidi-theme-font:minor-latin\">\u00abCompartiendo el viaje\u00bb, en la cual la invitaci\u00f3n es a compartir la mesa con nuestros hermanos migrantes, reconocerlos, integrarlos y acogerlos.<o:p><\/o:p><\/span><\/p>\n<p class=\"MsoNormal\" style=\"text-align:justify\"><i style=\"mso-bidi-font-style:\nnormal\"><span style=\"mso-bidi-font-family:Calibri;mso-bidi-theme-font:minor-latin;\nbackground:white\">C\u00e1ritas Am\u00e9rica Latina y el Caribe<\/span>. 11 de mayo de 2018<\/i><i style=\"mso-bidi-font-style:normal\"><span style=\"mso-bidi-font-family:Calibri;\nmso-bidi-theme-font:minor-latin\"><o:p><\/o:p><\/span><\/i><\/p>\n<p><a href=\"http:\/\/web.hilo.org.pe\/wp-content\/uploads\/clamorfinalweb.jpg\" target=\"_blank\" rel=\"noopener\">Ver archivo adjunto<\/a><\/p>\n","protected":false},"excerpt":{"rendered":"<p>Reunidos en Santiago entre el 7 y el 10 de mayo, participantes de Latinoam\u00e9rica y el Caribe, convocados por DEJUSOL- CELAM, INCAMI y Caritas de Chile, revisaron los grandes temas que enfrenta la migraci\u00f3n mundial y el trabajo que estamos llamados a realizar siguiendo el llamado del Papa Francisco para acoger, proteger, promover e integrar a los hermanos emigrantes.<\/p>\n","protected":false},"author":1,"featured_media":7898,"comment_status":"closed","ping_status":"closed","sticky":false,"template":"","format":"standard","meta":{"footnotes":""},"categories":[9],"tags":[],"class_list":["post-3073","post","type-post","status-publish","format-standard","has-post-thumbnail","hentry","category-noticias"],"_links":{"self":[{"href":"https:\/\/ceas.org.pe\/index.php\/wp-json\/wp\/v2\/posts\/3073","targetHints":{"allow":["GET"]}}],"collection":[{"href":"https:\/\/ceas.org.pe\/index.php\/wp-json\/wp\/v2\/posts"}],"about":[{"href":"https:\/\/ceas.org.pe\/index.php\/wp-json\/wp\/v2\/types\/post"}],"author":[{"embeddable":true,"href":"https:\/\/ceas.org.pe\/index.php\/wp-json\/wp\/v2\/users\/1"}],"replies":[{"embeddable":true,"href":"https:\/\/ceas.org.pe\/index.php\/wp-json\/wp\/v2\/comments?post=3073"}],"version-history":[{"count":1,"href":"https:\/\/ceas.org.pe\/index.php\/wp-json\/wp\/v2\/posts\/3073\/revisions"}],"predecessor-version":[{"id":6145,"href":"https:\/\/ceas.org.pe\/index.php\/wp-json\/wp\/v2\/posts\/3073\/revisions\/6145"}],"wp:featuredmedia":[{"embeddable":true,"href":"https:\/\/ceas.org.pe\/index.php\/wp-json\/wp\/v2\/media\/7898"}],"wp:attachment":[{"href":"https:\/\/ceas.org.pe\/index.php\/wp-json\/wp\/v2\/media?parent=3073"}],"wp:term":[{"taxonomy":"category","embeddable":true,"href":"https:\/\/ceas.org.pe\/index.php\/wp-json\/wp\/v2\/categories?post=3073"},{"taxonomy":"post_tag","embeddable":true,"href":"https:\/\/ceas.org.pe\/index.php\/wp-json\/wp\/v2\/tags?post=3073"}],"curies":[{"name":"wp","href":"https:\/\/api.w.org\/{rel}","templated":true}]}}