{"id":3072,"date":"2018-05-09T10:45:21","date_gmt":"2018-05-09T10:45:21","guid":{"rendered":""},"modified":"2026-03-11T09:11:58","modified_gmt":"2026-03-11T14:11:58","slug":"pronunciamiento-sobre-el-proceso-de-incautacion-de-la-vivienda-de-familia-humala","status":"publish","type":"post","link":"https:\/\/ceas.org.pe\/index.php\/2018\/05\/09\/pronunciamiento-sobre-el-proceso-de-incautacion-de-la-vivienda-de-familia-humala\/","title":{"rendered":"Pronunciamiento sobre el proceso de incautaci\u00f3n de la vivienda de familia Humala"},"content":{"rendered":"<p class=\"MsoNormal\" align=\"center\" style=\"margin-bottom:0cm;margin-bottom:.0001pt;\ntext-align:center;line-height:normal\"><b>COMUNICADO<\/b><o:p><\/o:p><\/p>\n<p class=\"MsoNormal\" style=\"margin-bottom:0cm;margin-bottom:.0001pt;line-height:\nnormal\">La sorprendente incautaci\u00f3n de los bienes y la vivienda de la familia Humala por parte del Poder Judicial y el Ministerio P\u00fablico, ha tenido una faceta de exceso y desproporcionalidad. Es parte del debido proceso, respetar los derechos humanos de las personas y en especial de la familia y de los ni\u00f1os. Estos ni\u00f1os han sido afectados\u00a0nuevamente con secuelas en sus sentimientos que permanecer\u00e1n en el tiempo.<o:p><\/o:p><\/p>\n<p class=\"MsoNormal\" style=\"margin-bottom:0cm;margin-bottom:.0001pt;line-height:\nnormal\">Dec\u00eda Santo Tomas de Aquino que la <i>\u201cjusticia sin misericordia es una crueldad\u201d<\/i>. Consideramos que la clara lucha anticorrupci\u00f3n que debe seguir la Justicia, respecto a\u00a0todos los implicados en<b>\u00a0<\/b>estos delitos, sin distinciones ni privilegios, debe hacerse respetando siempre los derechos humanos elementales y el derecho a la propia defensa.\u00a0 <o:p><\/o:p><\/p>\n<p class=\"MsoNormal\" style=\"margin-bottom:0cm;margin-bottom:.0001pt;line-height:\nnormal\">Hoy la fiscal\u00eda ha retrocedido en la medida respecto a la casa habitaci\u00f3n de la familia Humala, lo que justamente demuestra que la medida inicial fue excesiva. Si los administradores de la justicia, no priorizan el supremo inter\u00e9s de los hijos, hay que poner en duda la eficacia de sus decisiones. <o:p><\/o:p><\/p>\n<p class=\"MsoNormal\" style=\"margin-bottom:0cm;margin-bottom:.0001pt;line-height:\nnormal\">Invocamos al Poder Judicial y al Ministerio P\u00fablico a no olvidar que en el ejercicio de la justicia debe estar presente la objetividad, la veracidad y equidad, el sentido com\u00fan, pues se debe ser consciente \u201cque el impacto de sus decisiones trasciende el caso concreto\u201d (Cfr. Dec\u00e1logo del Juez).<o:p><\/o:p><\/p>\n<p class=\"MsoNormal\" style=\"margin-bottom:0cm;margin-bottom:.0001pt;line-height:\nnormal\">En un estado de derecho, el ejercicio de la justicia no es justa cuando los derechos fundamentales a la vida, la vivienda, la salud emocional y f\u00edsica de menores de edad se vulneran y generan desamparo. Esto no puede volver a repetirse en ning\u00fan caso, el derecho humano, en especial de los ni\u00f1os, no puede ser vulnerado.<b><span style=\"background-image: initial; background-position: initial; background-size: initial; background-repeat: initial; background-attachment: initial; background-origin: initial; background-clip: initial;\"> <\/span><\/b><span style=\"background-image: initial; background-position: initial; background-size: initial; background-repeat: initial; background-attachment: initial; background-origin: initial; background-clip: initial;\">\u00abVer sufrir a los ni\u00f1os hace mal al alma.\u201d (Papa Francisco).<\/span>\u00a0<\/p>\n<p class=\"MsoNormal\" align=\"right\" style=\"margin-bottom:0cm;margin-bottom:.0001pt;\ntext-align:right;line-height:normal\">Lima, 8 de mayo de 2018<o:p><\/o:p><\/p>\n<p class=\"MsoNormal\" style=\"margin-bottom:12.0pt;line-height:normal\"><o:p>\u00a0<\/o:p><\/p>\n<p class=\"MsoNormal\" align=\"center\" style=\"margin-bottom:0cm;margin-bottom:.0001pt;\ntext-align:center;line-height:normal\">Presidencia<br \/>\nConferencia Episcopal Peruana\u00a0<\/p>\n<p><a href=\"http:\/\/web.hilo.org.pe\/wp-content\/uploads\/CEP.jpg\" target=\"_blank\" rel=\"noopener\">Ver archivo adjunto<\/a><\/p>\n","protected":false},"excerpt":{"rendered":"<p>La sorprendente incautaci\u00f3n de los bienes y la vivienda de la familia Humala por parte del Poder Judicial y el Ministerio P\u00fablico, ha tenido una faceta de exceso y desproporcionalidad. Es parte del debido proceso, respetar los derechos humanos de las personas y en especial de la familia y de los ni\u00f1os. Estos ni\u00f1os han sido afectados nuevamente con secuelas en sus sentimientos que permanecer\u00e1n en el tiempo.<\/p>\n","protected":false},"author":1,"featured_media":7893,"comment_status":"closed","ping_status":"closed","sticky":false,"template":"","format":"standard","meta":{"footnotes":""},"categories":[9],"tags":[],"class_list":["post-3072","post","type-post","status-publish","format-standard","has-post-thumbnail","hentry","category-noticias"],"_links":{"self":[{"href":"https:\/\/ceas.org.pe\/index.php\/wp-json\/wp\/v2\/posts\/3072","targetHints":{"allow":["GET"]}}],"collection":[{"href":"https:\/\/ceas.org.pe\/index.php\/wp-json\/wp\/v2\/posts"}],"about":[{"href":"https:\/\/ceas.org.pe\/index.php\/wp-json\/wp\/v2\/types\/post"}],"author":[{"embeddable":true,"href":"https:\/\/ceas.org.pe\/index.php\/wp-json\/wp\/v2\/users\/1"}],"replies":[{"embeddable":true,"href":"https:\/\/ceas.org.pe\/index.php\/wp-json\/wp\/v2\/comments?post=3072"}],"version-history":[{"count":1,"href":"https:\/\/ceas.org.pe\/index.php\/wp-json\/wp\/v2\/posts\/3072\/revisions"}],"predecessor-version":[{"id":6146,"href":"https:\/\/ceas.org.pe\/index.php\/wp-json\/wp\/v2\/posts\/3072\/revisions\/6146"}],"wp:featuredmedia":[{"embeddable":true,"href":"https:\/\/ceas.org.pe\/index.php\/wp-json\/wp\/v2\/media\/7893"}],"wp:attachment":[{"href":"https:\/\/ceas.org.pe\/index.php\/wp-json\/wp\/v2\/media?parent=3072"}],"wp:term":[{"taxonomy":"category","embeddable":true,"href":"https:\/\/ceas.org.pe\/index.php\/wp-json\/wp\/v2\/categories?post=3072"},{"taxonomy":"post_tag","embeddable":true,"href":"https:\/\/ceas.org.pe\/index.php\/wp-json\/wp\/v2\/tags?post=3072"}],"curies":[{"name":"wp","href":"https:\/\/api.w.org\/{rel}","templated":true}]}}