{"id":3068,"date":"2018-04-30T17:07:24","date_gmt":"2018-04-30T17:07:24","guid":{"rendered":""},"modified":"2026-03-11T09:11:58","modified_gmt":"2026-03-11T14:11:58","slug":"coparte-misereor-en-ceas","status":"publish","type":"post","link":"https:\/\/ceas.org.pe\/index.php\/2018\/04\/30\/coparte-misereor-en-ceas\/","title":{"rendered":"Coparte Misereor en CEAS"},"content":{"rendered":"<p class=\"MsoNormal\" style=\"text-align: justify; line-height: normal; background-image: initial; background-position: initial; background-size: initial; background-repeat: initial; background-attachment: initial; background-origin: initial; background-clip: initial;\"><span style=\"mso-fareast-font-family:\"Times New Roman\";mso-bidi-font-family:\nCalibri;mso-bidi-theme-font:minor-latin;color:#1D2129;mso-fareast-language:\nES-PE\">Recibimos la visita de Dieter Richarz, Responsable Programa Per\u00fa y Erwin Alvarado, Asesor en Per\u00fa de Misereor, estuvo presente Monse\u00f1or Jorge Izaguirre, Presidente de CEAS junto con el equipo de Responsables de los Programas de nuestra instituci\u00f3n, quienes presentaron los avances en su segundo a\u00f1o del proyecto denominado <i>\u201cPromoci\u00f3n del cuidado de la casa com\u00fan, la \u00e9tica en la gesti\u00f3n p\u00fablica y la construcci\u00f3n de paz en un contexto de cambio clim\u00e1tico, inseguridad y vulnerabilidad social en el Per\u00fa\u201d <\/i>cuyo objetivo es que las personas y comunidades, con mayores capacidades y conciencia de derechos y responsabilidades ampl\u00edan la defensa de sus derechos, el cuidado de los bienes de la creaci\u00f3n, la inclusi\u00f3n social de poblaciones marginadas, y la construcci\u00f3n de paz, especialmente en las zonas m\u00e1s afectadas, profundizando la participaci\u00f3n ciudadana, en aplicaci\u00f3n de la Doctrina social de la Iglesia.<o:p><\/o:p><\/span><\/p>\n<p><span style=\"color: rgb(29, 33, 41);\">CEAS, 23 de abril de 2018.<\/span>\u00a0<\/p>\n<p><a href=\"http:\/\/web.hilo.org.pe\/wp-content\/uploads\/Foto 02 web.jpg\" target=\"_blank\" rel=\"noopener\">Ver archivo adjunto<\/a><\/p>\n","protected":false},"excerpt":{"rendered":"<p>Recibimos la visita de Dieter Richarz, Responsable Programa Per\u00fa y Erwin Alvarado, Asesor en Per\u00fa de Misereor, estuvo presente Monse\u00f1or Jorge Izaguirre, Presidente de CEAS junto con el equipo de Responsables de los Programas de nuestra instituci\u00f3n.<\/p>\n","protected":false},"author":1,"featured_media":7992,"comment_status":"closed","ping_status":"closed","sticky":false,"template":"","format":"standard","meta":{"footnotes":""},"categories":[9],"tags":[],"class_list":["post-3068","post","type-post","status-publish","format-standard","has-post-thumbnail","hentry","category-noticias"],"_links":{"self":[{"href":"https:\/\/ceas.org.pe\/index.php\/wp-json\/wp\/v2\/posts\/3068","targetHints":{"allow":["GET"]}}],"collection":[{"href":"https:\/\/ceas.org.pe\/index.php\/wp-json\/wp\/v2\/posts"}],"about":[{"href":"https:\/\/ceas.org.pe\/index.php\/wp-json\/wp\/v2\/types\/post"}],"author":[{"embeddable":true,"href":"https:\/\/ceas.org.pe\/index.php\/wp-json\/wp\/v2\/users\/1"}],"replies":[{"embeddable":true,"href":"https:\/\/ceas.org.pe\/index.php\/wp-json\/wp\/v2\/comments?post=3068"}],"version-history":[{"count":1,"href":"https:\/\/ceas.org.pe\/index.php\/wp-json\/wp\/v2\/posts\/3068\/revisions"}],"predecessor-version":[{"id":6150,"href":"https:\/\/ceas.org.pe\/index.php\/wp-json\/wp\/v2\/posts\/3068\/revisions\/6150"}],"wp:featuredmedia":[{"embeddable":true,"href":"https:\/\/ceas.org.pe\/index.php\/wp-json\/wp\/v2\/media\/7992"}],"wp:attachment":[{"href":"https:\/\/ceas.org.pe\/index.php\/wp-json\/wp\/v2\/media?parent=3068"}],"wp:term":[{"taxonomy":"category","embeddable":true,"href":"https:\/\/ceas.org.pe\/index.php\/wp-json\/wp\/v2\/categories?post=3068"},{"taxonomy":"post_tag","embeddable":true,"href":"https:\/\/ceas.org.pe\/index.php\/wp-json\/wp\/v2\/tags?post=3068"}],"curies":[{"name":"wp","href":"https:\/\/api.w.org\/{rel}","templated":true}]}}