{"id":3067,"date":"2018-04-30T13:10:50","date_gmt":"2018-04-30T13:10:50","guid":{"rendered":""},"modified":"2026-03-11T09:11:58","modified_gmt":"2026-03-11T14:11:58","slug":"saludo-por-el-dia-del-trabajo","status":"publish","type":"post","link":"https:\/\/ceas.org.pe\/index.php\/2018\/04\/30\/saludo-por-el-dia-del-trabajo\/","title":{"rendered":"Saludo por el D\u00eda del Trabajo"},"content":{"rendered":"<p class=\"MsoNoSpacing\" style=\"text-align:justify;line-height:17.0pt;mso-line-height-rule:\nexactly\">Al saludarlos con ocasi\u00f3n del d\u00eda del Trabajador, evoco las palabras de Jes\u00fas, el carpintero de Nazaret, que nos dice:<span style=\"background-image: initial; background-position: initial; background-size: initial; background-repeat: initial; background-attachment: initial; background-origin: initial; background-clip: initial;\"> \u00ab<i>Mi Padre trabaja siempre, y yo tambi\u00e9n trabajo<\/i>\u00bb (Jn5, 17), y con ellas quiero saludar y reconocer a todos Ustedes hombres y mujeres del Per\u00fa que, como la Sagrada Familia en el taller de Nazaret, viven del trabajo cotidiano en la f\u00e1bricas y empresas del pa\u00eds<\/span>.\u00a0<\/p>\n<p class=\"MsoNoSpacing\" style=\"text-align:justify;line-height:17.0pt;mso-line-height-rule:\nexactly\">Dice nuestra Constituci\u00f3n Pol\u00edtica: \u201cel trabajo es un deber y un derecho. Es base del bienestar social y un medio de realizaci\u00f3n de la persona\u201d. (Art. 22\u00ba). Este derecho se fortalece con el compromiso de nuestros empresarios a crear puestos de trabajo y con la responsabilidad de los trabajadores para producir y engrandecer sus lugares de trabajo y con ello la grandeza del Pa\u00eds.<o:p><\/o:p><\/p>\n<p class=\"MsoNoSpacing\" style=\"text-align:justify;line-height:17.0pt;mso-line-height-rule:\nexactly\">La dimensi\u00f3n espiritual del trabajo humano lo ha explicado con profundidad la Iglesia, que considera una extensi\u00f3n en la creatura del poder creador de Dios. El trabajo nos da dignidad y nos hace semejantes a Dios; a trav\u00e9s del trabajo participamos de la obra de la creaci\u00f3n; por eso el trabajo es un valor que contribuye a la dignidad de la persona humana. Por tanto, estamos llamados a buscar mecanismos y acciones concretas que promuevan el empleo y la remuneraci\u00f3n digna a todos sin discriminaci\u00f3n; pues su privaci\u00f3n es un atentado contra la dignidad, no solo de la persona que trabaja sino tambi\u00e9n de su propia familia. (Cf. Catecismo de la Iglesia Cat\u00f3lica N\u00ba 2433).<o:p><\/o:p><\/p>\n<p class=\"MsoNoSpacing\" style=\"text-align:justify;line-height:17.0pt;mso-line-height-rule:\nexactly\">A todos Ustedes que con su esfuerzo construyen un Per\u00fa en prosperidad,<b> \u00a1Feliz d\u00eda del Trabajador!<\/b>\u00a0 \u00a0 \u00a0 \u00a0 \u00a0 \u00a0 \u00a0 \u00a0 \u00a0 \u00a0 \u00a0 \u00a0 \u00a0 \u00a0 \u00a0 \u00a0 \u00a0 \u00a0 \u00a0 \u00a0 \u00a0 \u00a0 \u00a0 \u00a0 \u00a0 \u00a0 \u00a0 \u00a0 \u00a0 \u00a0 \u00a0 \u00a0 \u00a0 \u00a0 \u00a0 \u00a0 \u00a0 \u00a0 \u00a0 \u00a0 \u00a0 \u00a0 \u00a0 \u00a0 \u00a0 \u00a0 \u00a0\u00a0<\/p>\n<p class=\"MsoNoSpacing\" style=\"text-align:justify\"><o:p><\/o:p><\/p>\n<p class=\"MsoNoSpacing\" align=\"right\" style=\"text-align:right\">\u00a0\u00a0\u00a0\u00a0\u00a0\u00a0\u00a0\u00a0\u00a0\u00a0\u00a0\u00a0\u00a0\u00a0\u00a0 Lima, 30 de abril de 2018<o:p><\/o:p><\/p>\n<p class=\"MsoNoSpacing\" align=\"right\" style=\"text-align:right\">\u00a0<\/p>\n<p class=\"MsoNoSpacing\" align=\"center\" style=\"text-align:center\"><span lang=\"ES-TRAD\" style=\"font-variant-numeric: normal; font-variant-east-asian: normal; font-variant-caps: small-caps;\">+ <\/span><span lang=\"ES-TRAD\">MIGUEL CABREJOS VIDARTE, O.F.M<\/span><span lang=\"ES-TRAD\" style=\"font-variant-numeric: normal; font-variant-east-asian: normal; font-variant-caps: small-caps;\">.<o:p><\/o:p><\/span><\/p>\n<p class=\"MsoNoSpacing\" align=\"center\" style=\"text-align:center\"><span lang=\"ES-TRAD\">Arzobispo Metropolitano de Trujillo<\/span><\/p>\n<p class=\"MsoNoSpacing\" align=\"center\" style=\"text-align:center\">Presidente de la Conferencia Episcopal Peruana\u00a0<\/p>\n<p><a href=\"http:\/\/web.hilo.org.pe\/wp-content\/uploads\/CEP.jpg\" target=\"_blank\" rel=\"noopener\">Ver archivo adjunto<\/a><\/p>\n","protected":false},"excerpt":{"rendered":"<p>Monse\u00f1or Miguel Cabrejos, Presidente de la Conferencia Episcopal Peruana, saluda a todos los trabajadores del Per\u00fa en su d\u00eda.<\/p>\n<p>\u00abA todos Ustedes que con su esfuerzo construyen un Per\u00fa en prosperidad\u00bb<\/p>\n<p>\u00a1Feliz d\u00eda del Trabajador!<\/p>\n","protected":false},"author":1,"featured_media":0,"comment_status":"closed","ping_status":"closed","sticky":false,"template":"","format":"standard","meta":{"footnotes":""},"categories":[9],"tags":[],"class_list":["post-3067","post","type-post","status-publish","format-standard","hentry","category-noticias"],"_links":{"self":[{"href":"https:\/\/ceas.org.pe\/index.php\/wp-json\/wp\/v2\/posts\/3067","targetHints":{"allow":["GET"]}}],"collection":[{"href":"https:\/\/ceas.org.pe\/index.php\/wp-json\/wp\/v2\/posts"}],"about":[{"href":"https:\/\/ceas.org.pe\/index.php\/wp-json\/wp\/v2\/types\/post"}],"author":[{"embeddable":true,"href":"https:\/\/ceas.org.pe\/index.php\/wp-json\/wp\/v2\/users\/1"}],"replies":[{"embeddable":true,"href":"https:\/\/ceas.org.pe\/index.php\/wp-json\/wp\/v2\/comments?post=3067"}],"version-history":[{"count":1,"href":"https:\/\/ceas.org.pe\/index.php\/wp-json\/wp\/v2\/posts\/3067\/revisions"}],"predecessor-version":[{"id":6151,"href":"https:\/\/ceas.org.pe\/index.php\/wp-json\/wp\/v2\/posts\/3067\/revisions\/6151"}],"wp:attachment":[{"href":"https:\/\/ceas.org.pe\/index.php\/wp-json\/wp\/v2\/media?parent=3067"}],"wp:term":[{"taxonomy":"category","embeddable":true,"href":"https:\/\/ceas.org.pe\/index.php\/wp-json\/wp\/v2\/categories?post=3067"},{"taxonomy":"post_tag","embeddable":true,"href":"https:\/\/ceas.org.pe\/index.php\/wp-json\/wp\/v2\/tags?post=3067"}],"curies":[{"name":"wp","href":"https:\/\/api.w.org\/{rel}","templated":true}]}}