{"id":3066,"date":"2018-04-29T14:12:40","date_gmt":"2018-04-29T14:12:40","guid":{"rendered":""},"modified":"2026-03-11T09:11:58","modified_gmt":"2026-03-11T14:11:58","slug":"effata-hermanos-jesuitas-abranse","status":"publish","type":"post","link":"https:\/\/ceas.org.pe\/index.php\/2018\/04\/29\/effata-hermanos-jesuitas-abranse\/","title":{"rendered":"\u00c9FFATA, HERMANOS JESUITAS, \u00c1BRANSE"},"content":{"rendered":"<p class=\"MsoNormal\"><b style=\"mso-bidi-font-weight:normal\"><span style=\"font-size:11.0pt;font-family:\"Calibri\",\"sans-serif\";mso-ascii-theme-font:\nminor-latin;mso-hansi-theme-font:minor-latin;mso-bidi-theme-font:minor-latin\">Homil\u00eda del Nuncio Apost\u00f3lico del Per\u00fa<o:p><\/o:p><\/span><\/b><\/p>\n<p style=\"margin-top:12.0pt;margin-right:0cm;margin-bottom:12.0pt;margin-left:\n0cm;background:white\"><span style=\"font-size:11.0pt;font-family:\"Calibri\",\"sans-serif\";\nmso-ascii-theme-font:minor-latin;mso-hansi-theme-font:minor-latin;mso-bidi-theme-font:\nminor-latin\">El domingo 22 de abril del 2018 se realiz\u00f3 en Lima, Per\u00fa la misa central en conmemoraci\u00f3n a los 450 a\u00f1os de llegada de los jesuitas al Per\u00fa. La ceremonia religiosa se llev\u00f3 a cabo en\u00a0Iglesia de San Pedro, en donde, en representaci\u00f3n de la Conferencia de Provinciales Jesuitas de Am\u00e9rica Latina y el Caribe (CPAL), estuvo presente el P. Luiz Fernando Klein, S.J. Secretario.<o:p><\/o:p><\/span><\/p>\n<p style=\"margin-top:12.0pt;margin-right:0cm;margin-bottom:12.0pt;margin-left:\n0cm;background:white;box-sizing: inherit;color:rgba(0, 0, 0, 0.87);-webkit-margin-before: 1em;\n-webkit-margin-after: 1em;-webkit-margin-start: 0px;-webkit-margin-end: 0px;\nfont-variant-ligatures: normal;font-variant-caps: normal;orphans: 2;text-align:\nstart;widows: 2;-webkit-text-stroke-width: 0px;text-decoration-style: initial;\ntext-decoration-color: initial;word-spacing:0px\"><span style=\"font-size:11.0pt;\nfont-family:\"Calibri\",\"sans-serif\";mso-ascii-theme-font:minor-latin;mso-hansi-theme-font:\nminor-latin;mso-bidi-theme-font:minor-latin\">Compartimos con ustedes la Homil\u00eda de Mons. Nicola Girasoli, Nuncio Apost\u00f3lico\u00a0en ocasi\u00f3n al Aniversario de los Jesuitas al Per\u00fa; un mensaje que invita a los jesuitas a seguir trabajando en continuar y fortalecer la misi\u00f3n de la Compa\u00f1\u00eda de Jes\u00fas para el servicio y la entrega a los dem\u00e1s:<o:p><\/o:p><\/span><\/p>\n<p style=\"margin-top:12.0pt;margin-right:0cm;margin-bottom:12.0pt;margin-left:\n0cm;background:white;box-sizing: inherit;color:rgba(0, 0, 0, 0.87);-webkit-margin-before: 1em;\n-webkit-margin-after: 1em;-webkit-margin-start: 0px;-webkit-margin-end: 0px;\nfont-variant-ligatures: normal;font-variant-caps: normal;orphans: 2;text-align:\nstart;widows: 2;-webkit-text-stroke-width: 0px;text-decoration-style: initial;\ntext-decoration-color: initial;word-spacing:0px\"><em><b><span style=\"font-size:\n11.0pt;font-family:\"Calibri\",\"sans-serif\";mso-ascii-theme-font:minor-latin;\nmso-hansi-theme-font:minor-latin;mso-bidi-theme-font:minor-latin\">Introducci\u00f3n de la Misa<\/span><\/b><\/em><span style=\"font-size:11.0pt;font-family:\"Calibri\",\"sans-serif\";\nmso-ascii-theme-font:minor-latin;mso-hansi-theme-font:minor-latin;mso-bidi-theme-font:\nminor-latin\"><o:p><\/o:p><\/span><\/p>\n<p style=\"margin-top:12.0pt;margin-right:0cm;margin-bottom:12.0pt;margin-left:\n0cm;background:white;box-sizing: inherit;color:rgba(0, 0, 0, 0.87);-webkit-margin-before: 1em;\n-webkit-margin-after: 1em;-webkit-margin-start: 0px;-webkit-margin-end: 0px;\nfont-variant-ligatures: normal;font-variant-caps: normal;orphans: 2;text-align:\nstart;widows: 2;-webkit-text-stroke-width: 0px;text-decoration-style: initial;\ntext-decoration-color: initial;word-spacing:0px\"><span style=\"font-size:11.0pt;\nfont-family:\"Calibri\",\"sans-serif\";mso-ascii-theme-font:minor-latin;mso-hansi-theme-font:\nminor-latin;mso-bidi-theme-font:minor-latin\">Queridos Hermanos y Hermanas, las celebraciones de los 450 a\u00f1os de la llegada de los Jesuitas al Per\u00fa comenzaron de manera sublime con el encuentro que ustedes, los Jesuitas, tuvieron en esta Iglesia de San Pedro el 19 de enero de este a\u00f1o con el Papa Francisco. Hoy \u00e9l se hace presente con un lindo mensaje donde nos transmite el\u00a0<strong style=\"box-sizing: inherit\"><span style=\"font-family:\"Calibri\",\"sans-serif\";\nmso-ascii-theme-font:minor-latin;mso-hansi-theme-font:minor-latin;mso-bidi-theme-font:\nminor-latin;font-weight:normal\">vivo recuerdo de su encuentro con la Provincia Jesu\u00edtica del Per\u00fa\u00a0<\/span><\/strong>y\u00a0<strong style=\"box-sizing: inherit\"><span style=\"font-family:\"Calibri\",\"sans-serif\";mso-ascii-theme-font:minor-latin;\nmso-hansi-theme-font:minor-latin;mso-bidi-theme-font:minor-latin;font-weight:\nnormal\">le recomienda que, siendo\u00a0<\/span><\/strong>fieles a su carisma fundacional,\u00a0<strong style=\"box-sizing: inherit\"><span style=\"font-family:\n\"Calibri\",\"sans-serif\";mso-ascii-theme-font:minor-latin;mso-hansi-theme-font:\nminor-latin;mso-bidi-theme-font:minor-latin;font-weight:normal\">contin\u00faen con j\u00fabilo y renovada energ\u00eda la misi\u00f3n de Cristo, sosteniendo la fe y promoviendo la realizaci\u00f3n de la justicia.<\/span><\/strong><o:p><\/o:p><\/span><\/p>\n<p style=\"margin-top:12.0pt;margin-right:0cm;margin-bottom:12.0pt;margin-left:\n0cm;background:white;box-sizing: inherit;color:rgba(0, 0, 0, 0.87);-webkit-margin-before: 1em;\n-webkit-margin-after: 1em;-webkit-margin-start: 0px;-webkit-margin-end: 0px;\nfont-variant-ligatures: normal;font-variant-caps: normal;orphans: 2;text-align:\nstart;widows: 2;-webkit-text-stroke-width: 0px;text-decoration-style: initial;\ntext-decoration-color: initial;word-spacing:0px\"><span style=\"font-size:11.0pt;\nfont-family:\"Calibri\",\"sans-serif\";mso-ascii-theme-font:minor-latin;mso-hansi-theme-font:\nminor-latin;mso-bidi-theme-font:minor-latin\">J\u00fabilo y Renovada Energ\u00eda son los sentimientos que corren hoy en nuestros corazones.<o:p><\/o:p><\/span><\/p>\n<p style=\"margin-top:12.0pt;margin-right:0cm;margin-bottom:12.0pt;margin-left:\n0cm;background:white;box-sizing: inherit;color:rgba(0, 0, 0, 0.87);-webkit-margin-before: 1em;\n-webkit-margin-after: 1em;-webkit-margin-start: 0px;-webkit-margin-end: 0px;\nfont-variant-ligatures: normal;font-variant-caps: normal;orphans: 2;text-align:\nstart;widows: 2;-webkit-text-stroke-width: 0px;text-decoration-style: initial;\ntext-decoration-color: initial;word-spacing:0px\"><span style=\"font-size:11.0pt;\nfont-family:\"Calibri\",\"sans-serif\";mso-ascii-theme-font:minor-latin;mso-hansi-theme-font:\nminor-latin;mso-bidi-theme-font:minor-latin\">Con este auspicio y con la alegr\u00eda del tiempo pascual empezamos esta celebraci\u00f3n Eucar\u00edstica reconociendo nuestros pecados.<br \/>\n<\/span><\/p>\n<p style=\"margin-top:12.0pt;margin-right:0cm;margin-bottom:12.0pt;margin-left:\n0cm;background:white;box-sizing: inherit;color:rgba(0, 0, 0, 0.87);-webkit-margin-before: 1em;\n-webkit-margin-after: 1em;-webkit-margin-start: 0px;-webkit-margin-end: 0px;\nfont-variant-ligatures: normal;font-variant-caps: normal;orphans: 2;text-align:\nstart;widows: 2;-webkit-text-stroke-width: 0px;text-decoration-style: initial;\ntext-decoration-color: initial;word-spacing:0px\"><span style=\"font-size:11.0pt;\nfont-family:\"Calibri\",\"sans-serif\";mso-ascii-theme-font:minor-latin;mso-hansi-theme-font:\nminor-latin;mso-bidi-theme-font:minor-latin\"><br \/>\nHOMIL\u00cdA<o:p><\/o:p><\/span><\/p>\n<h4 style=\"line-height:22.75pt;background:white;box-sizing: inherit;font-size:\n2.28rem;margin:1.14rem 0px 0.912rem;color:rgba(0, 0, 0, 0.87);font-variant-ligatures: normal;\nfont-variant-caps: normal;orphans: 2;text-align:start;widows: 2;-webkit-text-stroke-width: 0px;\ntext-decoration-style: initial;text-decoration-color: initial;word-spacing:\n0px\"><span style=\"font-size:11.0pt;\nfont-family:\"Calibri\",\"sans-serif\";mso-ascii-theme-font:minor-latin;mso-hansi-theme-font:\nminor-latin;mso-bidi-theme-font:minor-latin\">Eminent\u00edsimo Se\u00f1or Cardenal Juan Luis Cipriani, Arzobispo de Lima y Primado del Per\u00fa<o:p><\/o:p><\/span><\/h4>\n<p style=\"margin-top:12.0pt;margin-right:0cm;margin-bottom:12.0pt;margin-left:\n0cm;background:white;box-sizing: inherit;color:rgba(0, 0, 0, 0.87);-webkit-margin-before: 1em;\n-webkit-margin-after: 1em;-webkit-margin-start: 0px;-webkit-margin-end: 0px;\nfont-variant-ligatures: normal;font-variant-caps: normal;orphans: 2;text-align:\nstart;widows: 2;-webkit-text-stroke-width: 0px;text-decoration-style: initial;\ntext-decoration-color: initial;word-spacing:0px\"><span style=\"font-size:11.0pt;\nfont-family:\"Calibri\",\"sans-serif\";mso-ascii-theme-font:minor-latin;mso-hansi-theme-font:\nminor-latin;mso-bidi-theme-font:minor-latin\">Se\u00f1or Arzobispo Miguel Cabrejos, Arzobispo de Trujillo y Presidente de la Conferencia Episcopal del Per\u00fa.<o:p><\/o:p><\/span><\/p>\n<p style=\"margin-top:12.0pt;margin-right:0cm;margin-bottom:12.0pt;margin-left:\n0cm;background:white;box-sizing: inherit;color:rgba(0, 0, 0, 0.87);-webkit-margin-before: 1em;\n-webkit-margin-after: 1em;-webkit-margin-start: 0px;-webkit-margin-end: 0px;\nfont-variant-ligatures: normal;font-variant-caps: normal;orphans: 2;text-align:\nstart;widows: 2;-webkit-text-stroke-width: 0px;text-decoration-style: initial;\ntext-decoration-color: initial;word-spacing:0px\"><span style=\"font-size:11.0pt;\nfont-family:\"Calibri\",\"sans-serif\";mso-ascii-theme-font:minor-latin;mso-hansi-theme-font:\nminor-latin;mso-bidi-theme-font:minor-latin\">Queridos Hermanos Obispos (saludo de manera especial a los tres Obispos Jesuitas).<o:p><\/o:p><\/span><\/p>\n<p style=\"margin-top:12.0pt;margin-right:0cm;margin-bottom:12.0pt;margin-left:\n0cm;background:white;box-sizing: inherit;color:rgba(0, 0, 0, 0.87);-webkit-margin-before: 1em;\n-webkit-margin-after: 1em;-webkit-margin-start: 0px;-webkit-margin-end: 0px;\nfont-variant-ligatures: normal;font-variant-caps: normal;orphans: 2;text-align:\nstart;widows: 2;-webkit-text-stroke-width: 0px;text-decoration-style: initial;\ntext-decoration-color: initial;word-spacing:0px\"><span style=\"font-size:11.0pt;\nfont-family:\"Calibri\",\"sans-serif\";mso-ascii-theme-font:minor-latin;mso-hansi-theme-font:\nminor-latin;mso-bidi-theme-font:minor-latin\">Reverendo Padre Juan Carlos Morante, Superior Provincial de los Jesuitas del Per\u00fa.<o:p><\/o:p><\/span><\/p>\n<p style=\"margin-top:12.0pt;margin-right:0cm;margin-bottom:12.0pt;margin-left:\n0cm;background:white;box-sizing: inherit;color:rgba(0, 0, 0, 0.87);-webkit-margin-before: 1em;\n-webkit-margin-after: 1em;-webkit-margin-start: 0px;-webkit-margin-end: 0px;\nfont-variant-ligatures: normal;font-variant-caps: normal;orphans: 2;text-align:\nstart;widows: 2;-webkit-text-stroke-width: 0px;text-decoration-style: initial;\ntext-decoration-color: initial;word-spacing:0px\"><span style=\"font-size:11.0pt;\nfont-family:\"Calibri\",\"sans-serif\";mso-ascii-theme-font:minor-latin;mso-hansi-theme-font:\nminor-latin;mso-bidi-theme-font:minor-latin\">Miembros Sacerdotes, Hermanos y Laicos de la familia de los Jesuitas, Sacerdotes, Distinguidas Autoridades, Hermanos y Hermanas.<o:p><\/o:p><\/span><\/p>\n<p style=\"margin-top:12.0pt;margin-right:0cm;margin-bottom:12.0pt;margin-left:\n0cm;background:white\"><strong><span style=\"font-size:11.0pt;font-family:\"Calibri\",\"sans-serif\";\nmso-ascii-theme-font:minor-latin;mso-hansi-theme-font:minor-latin;mso-bidi-theme-font:\nminor-latin;font-weight:normal\">Resuenan todav\u00eda las palabras y el sonido de los pasos del Papa Francisco en esta Iglesia de San Pedro.<\/span><\/strong><span style=\"font-size:11.0pt;font-family:\"Calibri\",\"sans-serif\";mso-ascii-theme-font:\nminor-latin;mso-hansi-theme-font:minor-latin;mso-bidi-theme-font:minor-latin\"><o:p><\/o:p><\/span><\/p>\n<p style=\"margin-top:12.0pt;margin-right:0cm;margin-bottom:12.0pt;margin-left:\n0cm;background:white;box-sizing: inherit;color:rgba(0, 0, 0, 0.87);-webkit-margin-before: 1em;\n-webkit-margin-after: 1em;-webkit-margin-start: 0px;-webkit-margin-end: 0px;\nfont-variant-ligatures: normal;font-variant-caps: normal;orphans: 2;text-align:\nstart;widows: 2;-webkit-text-stroke-width: 0px;text-decoration-style: initial;\ntext-decoration-color: initial;word-spacing:0px\"><span style=\"font-size:11.0pt;\nfont-family:\"Calibri\",\"sans-serif\";mso-ascii-theme-font:minor-latin;mso-hansi-theme-font:\nminor-latin;mso-bidi-theme-font:minor-latin\">Estamos celebrando un aniversario muy especial: 450 a\u00f1os de la llegada y de la presencia de los Jesuitas en el Per\u00fa. Y el primer profundo sentimiento que sale de nuestros corazones es el agradecimiento. Muchas gracias, Hermanos Jesuitas, han sido 450 a\u00f1os de amor y de servicio al Pa\u00eds. La presencia de los Jesuitas en la historia de nuestro querid\u00edsimo Pa\u00eds ha sido fundamental para el desarrollo cultural, c\u00edvico y social del Per\u00fa. Much\u00edsimas generaciones de hombres y de mujeres creyentes y no creyentes, cat\u00f3licos u de otras denominaciones religiosas del Per\u00fa repiten hoy de manera especial muchas gracias.\u00a0<strong style=\"box-sizing: inherit\"><span style=\"font-family:\"Calibri\",\"sans-serif\";mso-ascii-theme-font:minor-latin;\nmso-hansi-theme-font:minor-latin;mso-bidi-theme-font:minor-latin;font-weight:\nnormal\">Y todos, todos estamos de acuerdo y convencidos que los Jesuitas en el Per\u00fa han hecho siempre las cosas bien, por esto le repetimos gracias. \u00a1Bravo! Gracias por su compromiso en el sector de la educaci\u00f3n y de la evangelizaci\u00f3n llevadas adelante en el curso de los siglos siempre con el respeto de las culturas locales y originarias de nuestro Pa\u00eds, promoviendo la justicia social.<\/span><\/strong><o:p><\/o:p><\/span><\/p>\n<p style=\"margin-top:12.0pt;margin-right:0cm;margin-bottom:12.0pt;margin-left:\n0cm;background:white;box-sizing: inherit;color:rgba(0, 0, 0, 0.87);-webkit-margin-before: 1em;\n-webkit-margin-after: 1em;-webkit-margin-start: 0px;-webkit-margin-end: 0px;\nfont-variant-ligatures: normal;font-variant-caps: normal;orphans: 2;text-align:\nstart;widows: 2;-webkit-text-stroke-width: 0px;text-decoration-style: initial;\ntext-decoration-color: initial;word-spacing:0px\"><span style=\"font-size:11.0pt;\nfont-family:\"Calibri\",\"sans-serif\";mso-ascii-theme-font:minor-latin;mso-hansi-theme-font:\nminor-latin;mso-bidi-theme-font:minor-latin\">Este aniversario no es solamente memoria hist\u00f3rica y reconocimiento de un glorioso pasado, es tambi\u00e9n una herencia que nos invita en el presente a despertar un nuevo entusiasmo y un renovado dinamismo apost\u00f3lico bien expresado en el lema que han elegido para este aniversario\u00a0<em style=\"box-sizing: inherit\"><span style=\"font-family:\n\"Calibri\",\"sans-serif\";mso-ascii-theme-font:minor-latin;mso-hansi-theme-font:\nminor-latin;mso-bidi-theme-font:minor-latin\">La Fe que transforma,<\/span><\/em>\u00a0la Fe que nos empuja a recorrer nuevos caminos para el futuro. Y el Papa Francisco, en la reciente Exhortaci\u00f3n Apost\u00f3lica\u00a0<em style=\"box-sizing: inherit\"><span style=\"font-family:\"Calibri\",\"sans-serif\";mso-ascii-theme-font:minor-latin;\nmso-hansi-theme-font:minor-latin;mso-bidi-theme-font:minor-latin\">Gaudete et Exsultate<\/span><\/em>en el p\u00e1rrafo 135 nos dice que\u00a0<em style=\"box-sizing: inherit\"><span style=\"font-family:\"Calibri\",\"sans-serif\";mso-ascii-theme-font:minor-latin;\nmso-hansi-theme-font:minor-latin;mso-bidi-theme-font:minor-latin\">Dios siempre es novedad, que siempre nos empuja a partir una y otra vez y a desplazarnos para ir m\u00e1s all\u00e1 de lo conocido, hacia las periferias y las fronteras<\/span><\/em>.<o:p><\/o:p><\/span><\/p>\n<p style=\"margin-top:12.0pt;margin-right:0cm;margin-bottom:12.0pt;margin-left:\n0cm;background:white;box-sizing: inherit;color:rgba(0, 0, 0, 0.87);-webkit-margin-before: 1em;\n-webkit-margin-after: 1em;-webkit-margin-start: 0px;-webkit-margin-end: 0px;\nfont-variant-ligatures: normal;font-variant-caps: normal;orphans: 2;text-align:\nstart;widows: 2;-webkit-text-stroke-width: 0px;text-decoration-style: initial;\ntext-decoration-color: initial;word-spacing:0px\"><span style=\"font-size:11.0pt;\nfont-family:\"Calibri\",\"sans-serif\";mso-ascii-theme-font:minor-latin;mso-hansi-theme-font:\nminor-latin;mso-bidi-theme-font:minor-latin\">Mirar al pasado con agradecimiento, vivir el presente con entusiasmo y caminar hacia el futuro con esperanza. Y el Camino es el llamado del Papa Francisco para una Iglesia en salida misionera hacia las periferias del mundo, hacia los m\u00e1s pobres, hacia los que no tienen voz, hacia los m\u00e1s necesitados. Y el Papa Francisco nos dice que Jes\u00fas est\u00e1 en las periferias y nos est\u00e1 esperando en el coraz\u00f3n de nuestros hermanos heridos, en los hermanos que tienen su vida oprimida y sus almas oscurecidas (GE 135).<o:p><\/o:p><\/span><\/p>\n<p style=\"margin-top:12.0pt;margin-right:0cm;margin-bottom:12.0pt;margin-left:\n0cm;background:white;box-sizing: inherit;color:rgba(0, 0, 0, 0.87);-webkit-margin-before: 1em;\n-webkit-margin-after: 1em;-webkit-margin-start: 0px;-webkit-margin-end: 0px;\nfont-variant-ligatures: normal;font-variant-caps: normal;orphans: 2;text-align:\nstart;widows: 2;-webkit-text-stroke-width: 0px;text-decoration-style: initial;\ntext-decoration-color: initial;word-spacing:0px\"><strong style=\"box-sizing: inherit\"><span style=\"font-size:11.0pt;font-family:\"Calibri\",\"sans-serif\";mso-ascii-theme-font:\nminor-latin;mso-hansi-theme-font:minor-latin;mso-bidi-theme-font:minor-latin;\nfont-weight:normal\">La fe que es el ox\u00edgeno de la vida<\/span><\/strong><span style=\"font-size:11.0pt;font-family:\"Calibri\",\"sans-serif\";mso-ascii-theme-font:\nminor-latin;mso-hansi-theme-font:minor-latin;mso-bidi-theme-font:minor-latin\">, no podemos vivir sin fe, necesitamos este oxigeno que salva. En la primera lectura hemos proclamado que solamente en Cristo podemos salvarnos (Hch 4,12) y la fe nos transforma cuando nos entregamos generosamente a los hermanos y hermanas m\u00e1s necesitados.<o:p><\/o:p><\/span><\/p>\n<p style=\"margin-top:12.0pt;margin-right:0cm;margin-bottom:12.0pt;margin-left:\n0cm;background:white;box-sizing: inherit;color:rgba(0, 0, 0, 0.87);-webkit-margin-before: 1em;\n-webkit-margin-after: 1em;-webkit-margin-start: 0px;-webkit-margin-end: 0px;\nfont-variant-ligatures: normal;font-variant-caps: normal;orphans: 2;text-align:\nstart;widows: 2;-webkit-text-stroke-width: 0px;text-decoration-style: initial;\ntext-decoration-color: initial;word-spacing:0px\"><span style=\"font-size:11.0pt;\nfont-family:\"Calibri\",\"sans-serif\";mso-ascii-theme-font:minor-latin;mso-hansi-theme-font:\nminor-latin;mso-bidi-theme-font:minor-latin\">Y ustedes queridos hermanos Jesuitas del Per\u00fa tienen en su Historia un \u00edcono que los invita a salir al encuentro de los pobres\u2026\u00a0<strong style=\"box-sizing: inherit\"><span style=\"font-family:\"Calibri\",\"sans-serif\";mso-ascii-theme-font:minor-latin;\nmso-hansi-theme-font:minor-latin;mso-bidi-theme-font:minor-latin;font-weight:\nnormal\">es el ilustre Padre Antonio Ruiz de Montoya,<\/span><\/strong>\u00a0un gran precursor de una Iglesia en salida misionera. \u00c9l, al final del siglo XVI, se puso en camino hacia Paraguay y junto a otros jesuitas fund\u00f3 las reducciones del Paraguay siendo el ling\u00fcista y autor de obras de teolog\u00eda m\u00edstica. Antonio Ruiz de Montoya viaj\u00f3 mucho y sabemos que cuando muri\u00f3 en Lima en el 1652 un grupo de ind\u00edgenas guaran\u00ed vinieron desde Paraguay a Lima a recoger sus restos para depositarlos y enterrarlos en las tierras donde \u00e9l hab\u00eda sido misionero.<o:p><\/o:p><\/span><\/p>\n<p style=\"margin-top:12.0pt;margin-right:0cm;margin-bottom:12.0pt;margin-left:\n0cm;background:white\"><span style=\"font-size:11.0pt;font-family:\"Calibri\",\"sans-serif\";\nmso-ascii-theme-font:minor-latin;mso-hansi-theme-font:minor-latin;mso-bidi-theme-font:\nminor-latin\">Nos ayuda en el camino de una Iglesia en salida misionera, una terapia que lamentablemente no practicamos mucho en nuestra Iglesia\u2026 necesitamos poner en marcha\u00a0<strong style=\"box-sizing: inherit\"><span style=\"font-family:\"Calibri\",\"sans-serif\";mso-ascii-theme-font:minor-latin;\nmso-hansi-theme-font:minor-latin;mso-bidi-theme-font:minor-latin;font-weight:\nnormal\">la terapia de la escucha<\/span><\/strong>. Necesitamos escuchar a todos, a todos, especialmente aquellos que tienen heridas profundas y se sienten marginados. La terapia de la escucha es una actitud de humildad y de servicio.<o:p><\/o:p><\/span><\/p>\n<p style=\"margin-top:12.0pt;margin-right:0cm;margin-bottom:12.0pt;margin-left:\n0cm;background:white;box-sizing: inherit;color:rgba(0, 0, 0, 0.87);-webkit-margin-before: 1em;\n-webkit-margin-after: 1em;-webkit-margin-start: 0px;-webkit-margin-end: 0px;\nfont-variant-ligatures: normal;font-variant-caps: normal;orphans: 2;text-align:\nstart;widows: 2;-webkit-text-stroke-width: 0px;text-decoration-style: initial;\ntext-decoration-color: initial;word-spacing:0px\"><span style=\"font-size:11.0pt;\nfont-family:\"Calibri\",\"sans-serif\";mso-ascii-theme-font:minor-latin;mso-hansi-theme-font:\nminor-latin;mso-bidi-theme-font:minor-latin\">El Papa Francisco, en esta gloriosa Iglesia de San Pedro el 19 de Enero, contestando a la pregunta de un padre Jesuita ha dicho que escuchar nos ayuda a luchar contra de\u00a0<strong style=\"box-sizing: inherit\"><span style=\"font-family:\"Calibri\",\"sans-serif\";\nmso-ascii-theme-font:minor-latin;mso-hansi-theme-font:minor-latin;mso-bidi-theme-font:\nminor-latin;font-weight:normal\">la tentaci\u00f3n de la mundanidad<\/span><\/strong>. Refiri\u00e9ndose tambi\u00e9n a los Ejercicios Espirituales de San Ignacio de Loyola, el Papa Francisco nos dec\u00eda, en esta iglesia de San Pedro, que la mundanidad no es solamente llevar una vida demasiado relajada y fr\u00edvola. Esas son solamente las consecuencias de la mundanidad. La mundanidad es elegir y seguir los criterios del mundo, es usar el poder por s\u00ed mismo, olvid\u00e1ndose del servicio a los dem\u00e1s; olvid\u00e1ndose que para la Iglesia la autoridad no es sin\u00f3nimo de poder\u00a0<strong style=\"box-sizing: inherit\"><span style=\"font-family:\"Calibri\",\"sans-serif\";\nmso-ascii-theme-font:minor-latin;mso-hansi-theme-font:minor-latin;mso-bidi-theme-font:\nminor-latin;font-weight:normal\">sino de servicio\u00a0<\/span><\/strong><em style=\"box-sizing: inherit\"><span style=\"font-family:\"Calibri\",\"sans-serif\";\nmso-ascii-theme-font:minor-latin;mso-hansi-theme-font:minor-latin;mso-bidi-theme-font:\nminor-latin\">(Osservatore Romano, Ed. Espa\u00f1ola, no. 9\/2018 \u2013 2 de marzo 2018 pp. 6\/7)<\/span><\/em>. La mundanidad nos hace perder la identidad propia evang\u00e9lica de nuestras instituciones y de nuestra misi\u00f3n evangelizadora.<o:p><\/o:p><\/span><\/p>\n<p style=\"margin-top:12.0pt;margin-right:0cm;margin-bottom:12.0pt;margin-left:\n0cm;background:white;box-sizing: inherit;color:rgba(0, 0, 0, 0.87);-webkit-margin-before: 1em;\n-webkit-margin-after: 1em;-webkit-margin-start: 0px;-webkit-margin-end: 0px;\nfont-variant-ligatures: normal;font-variant-caps: normal;orphans: 2;text-align:\nstart;widows: 2;-webkit-text-stroke-width: 0px;text-decoration-style: initial;\ntext-decoration-color: initial;word-spacing:0px\"><span style=\"font-size:11.0pt;\nfont-family:\"Calibri\",\"sans-serif\";mso-ascii-theme-font:minor-latin;mso-hansi-theme-font:\nminor-latin;mso-bidi-theme-font:minor-latin\">La terapia de la escucha, al contrario, fortalece la identidad y el camino de la unidad expresada en el Evangelio de hoy con la imagen\u00a0<em style=\"box-sizing: inherit\"><span style=\"font-family:\"Calibri\",\"sans-serif\";mso-ascii-theme-font:minor-latin;\nmso-hansi-theme-font:minor-latin;mso-bidi-theme-font:minor-latin\">de un solo Pastor y un solo Reba\u00f1o<\/span><\/em>\u00a0(Juan 10,16).<o:p><\/o:p><\/span><\/p>\n<p style=\"margin-top:12.0pt;margin-right:0cm;margin-bottom:12.0pt;margin-left:\n0cm;background:white;box-sizing: inherit;color:rgba(0, 0, 0, 0.87);-webkit-margin-before: 1em;\n-webkit-margin-after: 1em;-webkit-margin-start: 0px;-webkit-margin-end: 0px;\nfont-variant-ligatures: normal;font-variant-caps: normal;orphans: 2;text-align:\nstart;widows: 2;-webkit-text-stroke-width: 0px;text-decoration-style: initial;\ntext-decoration-color: initial;word-spacing:0px\"><strong style=\"box-sizing: inherit\"><span style=\"font-size:11.0pt;font-family:\"Calibri\",\"sans-serif\";mso-ascii-theme-font:\nminor-latin;mso-hansi-theme-font:minor-latin;mso-bidi-theme-font:minor-latin;\nfont-weight:normal\">Hermanos y Hermanas, queremos que la Fe transforme, y la transformaci\u00f3n pasa tambi\u00e9n a trav\u00e9s del don de nuevas vocaciones para continuar y fortalecer la misi\u00f3n de los Jesuitas para el servicio y la entrega a los dem\u00e1s.<\/span><\/strong><span style=\"font-size:11.0pt;font-family:\"Calibri\",\"sans-serif\";\nmso-ascii-theme-font:minor-latin;mso-hansi-theme-font:minor-latin;mso-bidi-theme-font:\nminor-latin\"><o:p><\/o:p><\/span><\/p>\n<p style=\"margin-top:12.0pt;margin-right:0cm;margin-bottom:12.0pt;margin-left:\n0cm;background:white;box-sizing: inherit;color:rgba(0, 0, 0, 0.87);-webkit-margin-before: 1em;\n-webkit-margin-after: 1em;-webkit-margin-start: 0px;-webkit-margin-end: 0px;\nfont-variant-ligatures: normal;font-variant-caps: normal;orphans: 2;text-align:\nstart;widows: 2;-webkit-text-stroke-width: 0px;text-decoration-style: initial;\ntext-decoration-color: initial;word-spacing:0px\"><span style=\"font-size:11.0pt;\nfont-family:\"Calibri\",\"sans-serif\";mso-ascii-theme-font:minor-latin;mso-hansi-theme-font:\nminor-latin;mso-bidi-theme-font:minor-latin\">Este domingo que se celebra la Jornada Mundial de las Vocaciones estamos llamados a rezar de manera especial por las vocaciones. El Papa Francisco, en el Mensaje de esta Jornada Mundial Vocacional, nos habla de las tres etapas del camino vocacional: escucha, discernimiento y vida.<o:p><\/o:p><\/span><\/p>\n<p style=\"margin-top:12.0pt;margin-right:0cm;margin-bottom:12.0pt;margin-left:\n0cm;background:white;box-sizing: inherit;color:rgba(0, 0, 0, 0.87);-webkit-margin-before: 1em;\n-webkit-margin-after: 1em;-webkit-margin-start: 0px;-webkit-margin-end: 0px;\nfont-variant-ligatures: normal;font-variant-caps: normal;orphans: 2;text-align:\nstart;widows: 2;-webkit-text-stroke-width: 0px;text-decoration-style: initial;\ntext-decoration-color: initial;word-spacing:0px\"><span style=\"font-size:11.0pt;\nfont-family:\"Calibri\",\"sans-serif\";mso-ascii-theme-font:minor-latin;mso-hansi-theme-font:\nminor-latin;mso-bidi-theme-font:minor-latin\">Como el faro que con su luz ilumina y orienta hacia el puerto, una autentica pastoral vocacional debe acompa\u00f1ar al llamado de Dios con la luz del ejemplo y de un testimonio entusiasta de la vida religiosa.<o:p><\/o:p><\/span><\/p>\n<p style=\"margin-top:12.0pt;margin-right:0cm;margin-bottom:12.0pt;margin-left:\n0cm;background:white;box-sizing: inherit;color:rgba(0, 0, 0, 0.87);-webkit-margin-before: 1em;\n-webkit-margin-after: 1em;-webkit-margin-start: 0px;-webkit-margin-end: 0px;\nfont-variant-ligatures: normal;font-variant-caps: normal;orphans: 2;text-align:\nstart;widows: 2;-webkit-text-stroke-width: 0px;text-decoration-style: initial;\ntext-decoration-color: initial;word-spacing:0px\"><strong style=\"box-sizing: inherit\"><span style=\"font-size:11.0pt;font-family:\"Calibri\",\"sans-serif\";mso-ascii-theme-font:\nminor-latin;mso-hansi-theme-font:minor-latin;mso-bidi-theme-font:minor-latin;\nfont-weight:normal\">Hermanos y Hermanas, hay una palabra en el Evangelio que en su sentido profundo resume todo el mensaje y toda la obra de Cristo. Esta palabra es tan importante que el evangelista San Marcos la menciona en la misma lengua de Jes\u00fas (Mc 7,33). Un d\u00eda mientras Jes\u00fas estaba caminando cerca del Mar de Galilea le presentaron un sordo que adem\u00e1s hablaba con dificultad y Jes\u00fas toc\u00e1ndolo le dijo:\u00a0<\/span><\/strong><em style=\"box-sizing: inherit\"><span style=\"font-size:11.0pt;font-family:\"Calibri\",\"sans-serif\";mso-ascii-theme-font:\nminor-latin;mso-hansi-theme-font:minor-latin;mso-bidi-theme-font:minor-latin\">\u00c9FFATA<\/span><\/em><strong><span style=\"font-size:11.0pt;font-family:\"Calibri\",\"sans-serif\";mso-ascii-theme-font:\nminor-latin;mso-hansi-theme-font:minor-latin;mso-bidi-theme-font:minor-latin;\nfont-weight:normal\">\u2026\u00c1BRETE!<\/span><\/strong><span style=\"font-size:11.0pt;\nfont-family:\"Calibri\",\"sans-serif\";mso-ascii-theme-font:minor-latin;mso-hansi-theme-font:\nminor-latin;mso-bidi-theme-font:minor-latin\"><o:p><\/o:p><\/span><\/p>\n<p style=\"margin-top:12.0pt;margin-right:0cm;margin-bottom:12.0pt;margin-left:\n0cm;background:white;box-sizing: inherit;color:rgba(0, 0, 0, 0.87);-webkit-margin-before: 1em;\n-webkit-margin-after: 1em;-webkit-margin-start: 0px;-webkit-margin-end: 0px;\nfont-variant-ligatures: normal;font-variant-caps: normal;orphans: 2;text-align:\nstart;widows: 2;-webkit-text-stroke-width: 0px;text-decoration-style: initial;\ntext-decoration-color: initial;word-spacing:0px\"><span style=\"font-size:11.0pt;\nfont-family:\"Calibri\",\"sans-serif\";mso-ascii-theme-font:minor-latin;mso-hansi-theme-font:\nminor-latin;mso-bidi-theme-font:minor-latin\">Hoy Jes\u00fas, en medio de nosotros, toca el coraz\u00f3n de cada uno y nos dice:\u00a0<em style=\"box-sizing: inherit\"><span style=\"font-family:\"Calibri\",\"sans-serif\";mso-ascii-theme-font:minor-latin;\nmso-hansi-theme-font:minor-latin;mso-bidi-theme-font:minor-latin\">\u00c9FFATA<\/span><\/em>&#8211; \u00c1BRETE, Iglesia del PER\u00da\u2026 !\u00c1brete a la escucha, Iglesia del Per\u00fa! \u00c1brete al encuentro con los pobres y con lo que la sociedad considera descartable.<o:p><\/o:p><\/span><\/p>\n<p style=\"margin-top:12.0pt;margin-right:0cm;margin-bottom:12.0pt;margin-left:\n0cm;background:white;box-sizing: inherit;color:rgba(0, 0, 0, 0.87);-webkit-margin-before: 1em;\n-webkit-margin-after: 1em;-webkit-margin-start: 0px;-webkit-margin-end: 0px;\nfont-variant-ligatures: normal;font-variant-caps: normal;orphans: 2;text-align:\nstart;widows: 2;-webkit-text-stroke-width: 0px;text-decoration-style: initial;\ntext-decoration-color: initial;word-spacing:0px\"><em style=\"box-sizing: inherit\"><span style=\"font-size:11.0pt;font-family:\"Calibri\",\"sans-serif\";mso-ascii-theme-font:\nminor-latin;mso-hansi-theme-font:minor-latin;mso-bidi-theme-font:minor-latin\">\u00c9FFATA<\/span><\/em><span style=\"font-size:11.0pt;font-family:\"Calibri\",\"sans-serif\";mso-ascii-theme-font:\nminor-latin;mso-hansi-theme-font:minor-latin;mso-bidi-theme-font:minor-latin\">, \u00c1BRANSE no nos\u00a0<em style=\"box-sizing: inherit\"><span style=\"font-family:\n\"Calibri\",\"sans-serif\";mso-ascii-theme-font:minor-latin;mso-hansi-theme-font:\nminor-latin;mso-bidi-theme-font:minor-latin\">quedemos<\/span><\/em>\u00a0encerrados en nuestras instituciones, entre los muros que nos alejan de las necesidades del pueblo de Dios.<o:p><\/o:p><\/span><\/p>\n<p style=\"margin-top:12.0pt;margin-right:0cm;margin-bottom:12.0pt;margin-left:\n0cm;background:white;box-sizing: inherit;color:rgba(0, 0, 0, 0.87);-webkit-margin-before: 1em;\n-webkit-margin-after: 1em;-webkit-margin-start: 0px;-webkit-margin-end: 0px;\nfont-variant-ligatures: normal;font-variant-caps: normal;orphans: 2;text-align:\nstart;widows: 2;-webkit-text-stroke-width: 0px;text-decoration-style: initial;\ntext-decoration-color: initial;word-spacing:0px\"><em style=\"box-sizing: inherit\"><span style=\"font-size:11.0pt;font-family:\"Calibri\",\"sans-serif\";mso-ascii-theme-font:\nminor-latin;mso-hansi-theme-font:minor-latin;mso-bidi-theme-font:minor-latin\">\u00c9FFATA<\/span><\/em><span style=\"font-size:11.0pt;font-family:\"Calibri\",\"sans-serif\";mso-ascii-theme-font:\nminor-latin;mso-hansi-theme-font:minor-latin;mso-bidi-theme-font:minor-latin\">, \u00c1BRANSE, queridos Hermanos Obispos\u2026 Abran sus corazones, rompiendo todos los signos de poder para remplazarlos con los signos del servicio al pueblo de Dios. \u00c1BRANSE, Hermanos Obispos, para un aut\u00e9ntico camino de perd\u00f3n y reconciliaci\u00f3n.<o:p><\/o:p><\/span><\/p>\n<p style=\"margin-top:12.0pt;margin-right:0cm;margin-bottom:12.0pt;margin-left:\n0cm;background:white;box-sizing: inherit;color:rgba(0, 0, 0, 0.87);-webkit-margin-before: 1em;\n-webkit-margin-after: 1em;-webkit-margin-start: 0px;-webkit-margin-end: 0px;\nfont-variant-ligatures: normal;font-variant-caps: normal;orphans: 2;text-align:\nstart;widows: 2;-webkit-text-stroke-width: 0px;text-decoration-style: initial;\ntext-decoration-color: initial;word-spacing:0px\"><em style=\"box-sizing: inherit\"><span style=\"font-size:11.0pt;font-family:\"Calibri\",\"sans-serif\";mso-ascii-theme-font:\nminor-latin;mso-hansi-theme-font:minor-latin;mso-bidi-theme-font:minor-latin\">\u00c9FFATTA<\/span><\/em><span style=\"font-size:11.0pt;font-family:\"Calibri\",\"sans-serif\";mso-ascii-theme-font:\nminor-latin;mso-hansi-theme-font:minor-latin;mso-bidi-theme-font:minor-latin\">, \u00c1BRANSE a la escucha de todos, especialmente de los que no tienen voz y son marginados.<o:p><\/o:p><\/span><\/p>\n<p style=\"margin-top:12.0pt;margin-right:0cm;margin-bottom:12.0pt;margin-left:\n0cm;background:white;box-sizing: inherit;color:rgba(0, 0, 0, 0.87);-webkit-margin-before: 1em;\n-webkit-margin-after: 1em;-webkit-margin-start: 0px;-webkit-margin-end: 0px;\nfont-variant-ligatures: normal;font-variant-caps: normal;orphans: 2;text-align:\nstart;widows: 2;-webkit-text-stroke-width: 0px;text-decoration-style: initial;\ntext-decoration-color: initial;word-spacing:0px\"><em style=\"box-sizing: inherit\"><span style=\"font-size:11.0pt;font-family:\"Calibri\",\"sans-serif\";mso-ascii-theme-font:\nminor-latin;mso-hansi-theme-font:minor-latin;mso-bidi-theme-font:minor-latin\">\u00c9FFATA,<\/span><\/em><span style=\"font-size:11.0pt;font-family:\"Calibri\",\"sans-serif\";mso-ascii-theme-font:\nminor-latin;mso-hansi-theme-font:minor-latin;mso-bidi-theme-font:minor-latin\">\u00a0HERMANOS JESUITAS! \u00c1branse con el ejemplo de Antonio Ruiz de Montoya. \u00a1Salgan y refuercen su vocaci\u00f3n con la dimensi\u00f3n misionera! Formaci\u00f3n de la Fe, Formaci\u00f3n Educativa y Formaci\u00f3n C\u00edvica a trav\u00e9s de las Obras Sociales que son los tres pilares de la misi\u00f3n de los Jesuitas hoy en el Per\u00fa. \u00c1BRANSE.<o:p><\/o:p><\/span><\/p>\n<p style=\"margin-top:12.0pt;margin-right:0cm;margin-bottom:12.0pt;margin-left:\n0cm;background:white;box-sizing: inherit;color:rgba(0, 0, 0, 0.87);-webkit-margin-before: 1em;\n-webkit-margin-after: 1em;-webkit-margin-start: 0px;-webkit-margin-end: 0px;\nfont-variant-ligatures: normal;font-variant-caps: normal;orphans: 2;text-align:\nstart;widows: 2;-webkit-text-stroke-width: 0px;text-decoration-style: initial;\ntext-decoration-color: initial;word-spacing:0px\"><strong style=\"box-sizing: inherit\"><span style=\"font-size:11.0pt;font-family:\"Calibri\",\"sans-serif\";mso-ascii-theme-font:\nminor-latin;mso-hansi-theme-font:minor-latin;mso-bidi-theme-font:minor-latin;\nfont-weight:normal\">QUERIDOS HERMANOS Y HERMANAS, hoy Jes\u00fas toca el coraz\u00f3n de cada uno de nosotros y nos grita: Queremos una IGLESIA del\u00a0<\/span><\/strong><em style=\"box-sizing: inherit\"><span style=\"font-size:11.0pt;font-family:\"Calibri\",\"sans-serif\";\nmso-ascii-theme-font:minor-latin;mso-hansi-theme-font:minor-latin;mso-bidi-theme-font:\nminor-latin\">\u00c9FFATA<\/span><\/em><strong><span style=\"font-size:11.0pt;\nfont-family:\"Calibri\",\"sans-serif\";mso-ascii-theme-font:minor-latin;mso-hansi-theme-font:\nminor-latin;mso-bidi-theme-font:minor-latin;font-weight:normal\">\u2026Una Iglesia que se abre al encuentro con los pobres y necesitados. S\u00ed queremos en el Per\u00fa una Iglesia del\u00a0<\/span><\/strong><em style=\"box-sizing: inherit\"><span style=\"font-size:11.0pt;font-family:\"Calibri\",\"sans-serif\";mso-ascii-theme-font:\nminor-latin;mso-hansi-theme-font:minor-latin;mso-bidi-theme-font:minor-latin\">\u00c9FFATA<\/span><\/em><strong><span style=\"font-size:11.0pt;font-family:\"Calibri\",\"sans-serif\";mso-ascii-theme-font:\nminor-latin;mso-hansi-theme-font:minor-latin;mso-bidi-theme-font:minor-latin;\nfont-weight:normal\">&#8211; UNA IGLESIA, como nos repite el Papa Francisco, con las puertas abiertas, bien abiertas y donde todos se sientan adentro y ninguno se sienta al margen.<\/span><\/strong><span style=\"font-size:11.0pt;font-family:\n\"Calibri\",\"sans-serif\";mso-ascii-theme-font:minor-latin;mso-hansi-theme-font:\nminor-latin;mso-bidi-theme-font:minor-latin\"><o:p><\/o:p><\/span><\/p>\n<p style=\"margin-top:12.0pt;margin-right:0cm;margin-bottom:12.0pt;margin-left:\n0cm;background:white;box-sizing: inherit;color:rgba(0, 0, 0, 0.87);-webkit-margin-before: 1em;\n-webkit-margin-after: 1em;-webkit-margin-start: 0px;-webkit-margin-end: 0px;\nfont-variant-ligatures: normal;font-variant-caps: normal;orphans: 2;text-align:\nstart;widows: 2;-webkit-text-stroke-width: 0px;text-decoration-style: initial;\ntext-decoration-color: initial;word-spacing:0px\"><span style=\"font-size:11.0pt;\nfont-family:\"Calibri\",\"sans-serif\";mso-ascii-theme-font:minor-latin;mso-hansi-theme-font:\nminor-latin;mso-bidi-theme-font:minor-latin\">Hermanos y Hermanas, la fe nos transforma si tenemos siempre los brazos y el coraz\u00f3n abierto \u00a1Vivan los Jesuitas del Per\u00fa!. AMEN.<o:p><\/o:p><\/span><\/p>\n<p class=\"MsoNormal\"><i style=\"mso-bidi-font-style:normal\"><span style=\"mso-fareast-font-family:\"Times New Roman\";mso-bidi-font-family:Calibri;\nmso-bidi-theme-font:minor-latin;mso-fareast-language:ES-PE\">Tomado de: <span style=\"mso-spacerun:yes\">\u00a0<\/span>JESUITAS. Conferencia de Provinciales en Am\u00e9rica Latina y El Caribe (CPAL). 26 de abril de 2018.<o:p><\/o:p><\/span><\/i><\/p>\n<p><a href=\"http:\/\/web.hilo.org.pe\/wp-content\/uploads\/HOMILIA 450 A\u00c3\u2018OS web.jpg\" target=\"_blank\" rel=\"noopener\">Ver archivo adjunto<\/a><\/p>\n","protected":false},"excerpt":{"rendered":"<p>Compartimos con ustedes la Homil\u00eda de Monse\u00f1or Nicola Girasoli, Nuncio Apost\u00f3lico en ocasi\u00f3n al Aniversario de los Jesuitas al Per\u00fa; un mensaje que invita a los jesuitas a seguir trabajando en continuar y fortalecer la misi\u00f3n de la Compa\u00f1\u00eda de Jes\u00fas para el servicio y la entrega a los dem\u00e1s.<\/p>\n","protected":false},"author":1,"featured_media":8124,"comment_status":"closed","ping_status":"closed","sticky":false,"template":"","format":"standard","meta":{"footnotes":""},"categories":[9],"tags":[],"class_list":["post-3066","post","type-post","status-publish","format-standard","has-post-thumbnail","hentry","category-noticias"],"_links":{"self":[{"href":"https:\/\/ceas.org.pe\/index.php\/wp-json\/wp\/v2\/posts\/3066","targetHints":{"allow":["GET"]}}],"collection":[{"href":"https:\/\/ceas.org.pe\/index.php\/wp-json\/wp\/v2\/posts"}],"about":[{"href":"https:\/\/ceas.org.pe\/index.php\/wp-json\/wp\/v2\/types\/post"}],"author":[{"embeddable":true,"href":"https:\/\/ceas.org.pe\/index.php\/wp-json\/wp\/v2\/users\/1"}],"replies":[{"embeddable":true,"href":"https:\/\/ceas.org.pe\/index.php\/wp-json\/wp\/v2\/comments?post=3066"}],"version-history":[{"count":1,"href":"https:\/\/ceas.org.pe\/index.php\/wp-json\/wp\/v2\/posts\/3066\/revisions"}],"predecessor-version":[{"id":6152,"href":"https:\/\/ceas.org.pe\/index.php\/wp-json\/wp\/v2\/posts\/3066\/revisions\/6152"}],"wp:featuredmedia":[{"embeddable":true,"href":"https:\/\/ceas.org.pe\/index.php\/wp-json\/wp\/v2\/media\/8124"}],"wp:attachment":[{"href":"https:\/\/ceas.org.pe\/index.php\/wp-json\/wp\/v2\/media?parent=3066"}],"wp:term":[{"taxonomy":"category","embeddable":true,"href":"https:\/\/ceas.org.pe\/index.php\/wp-json\/wp\/v2\/categories?post=3066"},{"taxonomy":"post_tag","embeddable":true,"href":"https:\/\/ceas.org.pe\/index.php\/wp-json\/wp\/v2\/tags?post=3066"}],"curies":[{"name":"wp","href":"https:\/\/api.w.org\/{rel}","templated":true}]}}