{"id":3065,"date":"2018-04-29T13:10:22","date_gmt":"2018-04-29T13:10:22","guid":{"rendered":""},"modified":"2026-03-11T09:11:58","modified_gmt":"2026-03-11T14:11:58","slug":"caritas-llama-a-los-gobiernos-a-reconocer-a-los-emigrantes-y-refugiados-venezolanos","status":"publish","type":"post","link":"https:\/\/ceas.org.pe\/index.php\/2018\/04\/29\/caritas-llama-a-los-gobiernos-a-reconocer-a-los-emigrantes-y-refugiados-venezolanos\/","title":{"rendered":"C\u00e1ritas llama a los gobiernos a reconocer a los emigrantes y refugiados venezolanos"},"content":{"rendered":"<p class=\"MsoNormal\" style=\"margin-bottom: 0.0001pt; line-height: normal; background-image: initial; background-position: initial; background-size: initial; background-repeat: initial; background-attachment: initial; background-origin: initial; background-clip: initial;\"><b><a href=\"http:\/\/www.caritaslatinoamerica.org\/pensa\/noticias-caritasalc\/1209-caritas-llama-a-los-gobiernos-a-reconocer-a-los-emigrantes-y-refugiados-venezolanos-como-sujetos-de-derechos\"><span style=\"color: black; text-decoration-line: none;\">C\u00e1ritas llama a los gobiernos a reconocer a los emigrantes y refugiados venezolanos como sujetos de derechos<\/span><\/a><o:p><\/o:p><\/b><\/p>\n<p style=\"margin: 0cm 0cm 0.0001pt; background-image: initial; background-position: initial; background-size: initial; background-repeat: initial; background-attachment: initial; background-origin: initial; background-clip: initial;\"><span style=\"font-size: 11pt; font-family: Calibri, sans-serif;\">\u00a0<\/span><\/p>\n<p style=\"margin: 0cm 0cm 0.0001pt; background-image: initial; background-position: initial; background-size: initial; background-repeat: initial; background-attachment: initial; background-origin: initial; background-clip: initial;\"><span style=\"font-size: 11pt; font-family: Calibri, sans-serif;\">Reunidos en Bogot\u00e1, Colombia, entre el 24 y 25 de abril, representantes de seis C\u00e1ritas de Am\u00e9rica Latina y el Caribe, de Caritas Internationalis, CRS y del SELACC, firmaron una declaraci\u00f3n conjunta al t\u00e9rmino del Taller inter-fronteras pro Venezuela que tuvo como objetivo revisar la respuesta de emergencia a los emigrantes y refugiados venezolanos.\u00a0<o:p><\/o:p><\/span><\/p>\n<p style=\"margin: 0cm 0cm 0.0001pt; background-image: initial; background-position: initial; background-size: initial; background-repeat: initial; background-attachment: initial; background-origin: initial; background-clip: initial;\"><span style=\"font-size: 11pt; font-family: Calibri, sans-serif;\">\u00a0<\/span><\/p>\n<p style=\"margin: 0cm 0cm 0.0001pt; background-image: initial; background-position: initial; background-size: initial; background-repeat: initial; background-attachment: initial; background-origin: initial; background-clip: initial;\"><span style=\"font-size: 11pt; font-family: Calibri, sans-serif;\">Al t\u00e9rmino del Taller, los participantes firmaron una declaraci\u00f3n. En el texto, los firmantes llaman entre otras cosas a acoger proteger, promover e integrar a todas las personas que se han visto forzadas a emigrar de Venezuela hacia otros pa\u00edses de la regi\u00f3n. Entre otras cosas alientan a:<o:p><\/o:p><\/span><\/p>\n<p style=\"margin: 0cm 0cm 0.0001pt; background-image: initial; background-position: initial; background-size: initial; background-repeat: initial; background-attachment: initial; background-origin: initial; background-clip: initial;\"><span style=\"font-size: 11pt; font-family: Calibri, sans-serif;\">\u00a0<\/span><\/p>\n<p style=\"margin: 0cm 0cm 0.0001pt 36pt; text-indent: -18pt; background-image: initial; background-position: initial; background-size: initial; background-repeat: initial; background-attachment: initial; background-origin: initial; background-clip: initial;\"><!--[if !supportLists]--><span style=\"font-size: 11pt; font-family: Calibri, sans-serif;\">a.<span style=\"font-variant-numeric: normal; font-variant-east-asian: normal; font-stretch: normal; font-size: 7pt; line-height: normal; font-family: \"Times New Roman\";\">\u00a0\u00a0\u00a0\u00a0\u00a0\u00a0 <\/span><\/span><!--[endif]--><span style=\"font-size: 11pt; font-family: Calibri, sans-serif;\">A los Gobiernos, diversos poderes del estado, pol\u00edticos y a todos los servidores p\u00fablicos a reconocer a todas estas personas migrantes como sujetos de derechos, seg\u00fan los mecanismos de protecci\u00f3n internacional.<o:p><\/o:p><\/span><\/p>\n<p style=\"margin: 0cm 0cm 0.0001pt 36pt; text-indent: -18pt; background-image: initial; background-position: initial; background-size: initial; background-repeat: initial; background-attachment: initial; background-origin: initial; background-clip: initial;\"><!--[if !supportLists]--><span style=\"font-size: 11pt; font-family: Calibri, sans-serif;\">b.<span style=\"font-variant-numeric: normal; font-variant-east-asian: normal; font-stretch: normal; font-size: 7pt; line-height: normal; font-family: \"Times New Roman\";\">\u00a0\u00a0\u00a0\u00a0\u00a0 <\/span><\/span><!--[endif]--><span style=\"font-size: 11pt; font-family: Calibri, sans-serif;\">A los ciudadanos y a la sociedad civil para que acojan fraternalmente y no estigmaticen a las personas que emigran, siendo conscientes que ellas y ellos no son responsables de las situaciones que ocasionan estos procesos migratorios.<o:p><\/o:p><\/span><\/p>\n<p style=\"margin: 0cm 0cm 0.0001pt 36pt; text-indent: -18pt; background-image: initial; background-position: initial; background-size: initial; background-repeat: initial; background-attachment: initial; background-origin: initial; background-clip: initial;\"><!--[if !supportLists]--><span style=\"font-size: 11pt; font-family: Calibri, sans-serif;\">c.<span style=\"font-variant-numeric: normal; font-variant-east-asian: normal; font-stretch: normal; font-size: 7pt; line-height: normal; font-family: \"Times New Roman\";\">\u00a0\u00a0\u00a0\u00a0\u00a0\u00a0 <\/span><\/span><!--[endif]--><span style=\"font-size: 11pt; font-family: Calibri, sans-serif;\">A los medios de comunicaci\u00f3n para que con el poder que tienen transmitan mensajes amables y acogedores que sensibilicen a las ciudadan\u00edas para reconocer el valor de la interculturalidad y la integraci\u00f3n.<o:p><\/o:p><\/span><\/p>\n<p style=\"margin: 0cm 0cm 0.0001pt 36pt; text-indent: -18pt; background-image: initial; background-position: initial; background-size: initial; background-repeat: initial; background-attachment: initial; background-origin: initial; background-clip: initial;\"><!--[if !supportLists]--><span style=\"font-size: 11pt; font-family: Calibri, sans-serif;\">d.<span style=\"font-variant-numeric: normal; font-variant-east-asian: normal; font-stretch: normal; font-size: 7pt; line-height: normal; font-family: \"Times New Roman\";\">\u00a0\u00a0\u00a0\u00a0\u00a0 <\/span><\/span><!--[endif]--><span style=\"font-size: 11pt; font-family: Calibri, sans-serif;\">A los miembros de nuestra Iglesia para que, desde una conversi\u00f3n permanente e inspirada en los principios y valores del Magisterio del Papa Francisco, nos comprometamos en la campa\u00f1a \u201cCompartiendo el Viaje\u201d acogiendo, protegiendo, promoviendo e integrando a las y los migrantes venezolanos.<o:p><\/o:p><\/span><\/p>\n<p style=\"margin: 0cm 0cm 0.0001pt; background-image: initial; background-position: initial; background-size: initial; background-repeat: initial; background-attachment: initial; background-origin: initial; background-clip: initial;\"><strong><span style=\"font-size: 11pt; font-family: Calibri, sans-serif;\">\u00a0<\/span><\/strong><\/p>\n<p style=\"margin: 0cm 0cm 0.0001pt; background-image: initial; background-position: initial; background-size: initial; background-repeat: initial; background-attachment: initial; background-origin: initial; background-clip: initial;\"><strong><span style=\"font-size: 11pt; font-family: Calibri, sans-serif;\">Familia Caritas trabaja por los hermanos emigrantes venezolanos<\/span><\/strong><span style=\"font-size: 11pt; font-family: Calibri, sans-serif;\"><o:p><\/o:p><\/span><\/p>\n<p style=\"margin: 0cm 0cm 0.0001pt; background-image: initial; background-position: initial; background-size: initial; background-repeat: initial; background-attachment: initial; background-origin: initial; background-clip: initial;\"><span style=\"font-size: 11pt; font-family: Calibri, sans-serif;\">El encuentro se realiz\u00f3 en la Casa de retiro de la Conferencia Episcopal de Colombia, y cont\u00f3 con la participaci\u00f3n de los equipos de C\u00e1ritas Brasil, Per\u00fa, Ecuador, Venezuela, Chile, Colombia; del Secretariado de C\u00e1ritas Am\u00e9rica Latina y el Caribe, con su secretario Ejecutivo, P. Francisco Hern\u00e1ndez y del Departamento Internacional de Respuesta Humanitaria de Caritas Internationalis (CI), con su directora, Suzanna Tkalec, quien expuso sobre los mecanismos de soporte para las emergencias a nivel de la Confederaci\u00f3n.\u00a0<o:p><\/o:p><\/span><\/p>\n<p style=\"margin: 0cm 0cm 0.0001pt; background-image: initial; background-position: initial; background-size: initial; background-repeat: initial; background-attachment: initial; background-origin: initial; background-clip: initial;\"><span style=\"font-size: 11pt; font-family: Calibri, sans-serif;\">\u00a0<\/span><\/p>\n<p style=\"margin: 0cm 0cm 0.0001pt; background-image: initial; background-position: initial; background-size: initial; background-repeat: initial; background-attachment: initial; background-origin: initial; background-clip: initial;\"><span style=\"font-size: 11pt; font-family: Calibri, sans-serif;\">El trabajo, que fue facilitado por Anna Hrybyk de Catholic Relief Service (CRS) y Jos\u00e9 Magalhaes, del equipo de Respuesta Humanitaria de CI, se dividi\u00f3 en una jornada que fue utilizada para contextualizar la realidad de la crisis migratoria que afecta al pueblo venezolano, las necesidades y el trabajo que se est\u00e1 realizando por parte de las C\u00e1ritas para su acogida e integraci\u00f3n, siguiendo el llamado del Papa Francisco en orden a acoger, proteger, promover e integrar a los hermanos migrantes y refugiados. Por medio de una galer\u00eda, cada representante de las C\u00e1ritas participantes, expusieron la situaci\u00f3n migratoria que vive cada uno de sus pa\u00edses y la respuesta que se est\u00e1 entregando por parte de las C\u00e1ritas.\u00a0<o:p><\/o:p><\/span><\/p>\n<p style=\"margin: 0cm 0cm 0.0001pt; background-image: initial; background-position: initial; background-size: initial; background-repeat: initial; background-attachment: initial; background-origin: initial; background-clip: initial;\"><span style=\"font-size: 11pt; font-family: Calibri, sans-serif;\">\u00a0<\/span><\/p>\n<p style=\"margin: 0cm 0cm 0.0001pt; background-image: initial; background-position: initial; background-size: initial; background-repeat: initial; background-attachment: initial; background-origin: initial; background-clip: initial;\"><span style=\"font-size: 11pt; font-family: Calibri, sans-serif;\">El segundo d\u00eda se examinaron los efectos de la crisis migratoria de Venezuela y su reflejo en los pa\u00edses de Am\u00e9rica Latina y el Caribe; as\u00ed como la respuesta que se est\u00e1 dando a los refugiados y migrantes en la ponencia\u201cLa crisis migratoria de Venezuela y su reflejo en los pa\u00edses de Am\u00e9rica Latina y el Caribe\u201d, a cargo de Jozef Merkx: representante de la Oficina del Alto Comisionado de las Naciones Unidas, ACNUR. Seg\u00fan las cifras que maneja esta oficina, en la actualidad existen 1,6 millones de venezolanos desplazados a lo largo de la regi\u00f3n de Am\u00e9rica Latina, solo hacia Colombia, se movilizan m\u00e1s de 3 mil personas diarias. Las razones por las cu\u00e1les abandonan el pa\u00eds son: amenazas por parte de actores p\u00fablicos y privados, persecuciones, inseguridad y violencia, escasez de comida, no acceso a servicios de salud y servicios b\u00e1sicos, inflaci\u00f3n. \u201cCabe destacar que existe un n\u00famero alt\u00edsimo de personas que cruzan las fronteras y que no son contabilizadas, se\u00f1ala el experto. Por ahora estamos en la fase de incidencia en la documentaci\u00f3n, es nuestra prioridad. La segunda prioridad se relaciona con los medios de vida. El perfil de los venezolanos que salieron de los \u00faltimos a\u00f1os corresponde a personas con bajos ingresos y debemos capacitarlos\u201d se\u00f1al\u00f3. Finalmente. El especialista de ACNUR expres\u00f3 el inter\u00e9s de fortalecer los lazos y el trabajo con la red C\u00e1ritas.\u00a0<o:p><\/o:p><\/span><\/p>\n<p style=\"margin: 0cm 0cm 0.0001pt; background-image: initial; background-position: initial; background-size: initial; background-repeat: initial; background-attachment: initial; background-origin: initial; background-clip: initial;\"><span style=\"font-size: 11pt; font-family: Calibri, sans-serif;\">\u00a0<\/span><\/p>\n<p style=\"margin: 0cm 0cm 0.0001pt; background-image: initial; background-position: initial; background-size: initial; background-repeat: initial; background-attachment: initial; background-origin: initial; background-clip: initial;\"><span style=\"font-size: 11pt; font-family: Calibri, sans-serif;\">Al hacer un an\u00e1lisis de la realidad que vive el pueblo venezolano, Janet M\u00e1rquez, directora C\u00e1ritas Venezuela se\u00f1ala: \u201cEstamos viviendo una situaci\u00f3n al l\u00edmite. La pobreza ha aumentado del 40 al 87% y la pobreza extrema llega al 60% de la poblaci\u00f3n. Pasamos de ser unos de los pa\u00edses con el mayor salario m\u00ednimo a tener uno de los m\u00e1s bajos, dos d\u00f3lares y medio mensuales. En tanto la canasta b\u00e1sica cuesta 159 d\u00f3lares, lo cual va variando, esto hace imposible para muchos venezolanos el tener m\u00e1s de dos comidas diarias. Eso ha impulsado a que las madres, las familias animen a sus hijos a emigrar, pensando que afuera va a encontrar un mejor pasar, lo que lleva a muchos peligros durante el viaje. Hablamos de trata, prostituci\u00f3n, violaciones, tr\u00e1fico, etc. Debemos prepararnos para un aumento del flujo migratorio y para una crisis humanitaria a\u00fan mayor en Venezuela. Necesitamos mucho a la familia C\u00e1ritas\u201d, expres\u00f3.<o:p><\/o:p><\/span><\/p>\n<p style=\"margin: 0cm 0cm 0.0001pt; background-image: initial; background-position: initial; background-size: initial; background-repeat: initial; background-attachment: initial; background-origin: initial; background-clip: initial;\"><span style=\"font-size: 11pt; font-family: Calibri, sans-serif;\">\u00a0<\/span><\/p>\n<p style=\"margin: 0cm 0cm 0.0001pt; background-image: initial; background-position: initial; background-size: initial; background-repeat: initial; background-attachment: initial; background-origin: initial; background-clip: initial;\"><span style=\"font-size: 11pt; font-family: Calibri, sans-serif;\">Al concluir el Taller, el P. Francisco Hern\u00e1ndez, Secretario Ejecutivo del SELACC, se\u00f1al\u00f3: \u201cFue muy importante discutir como estamos percibiendo la realidad que afecta a nuestros hermanos venezolanos y como nos ilumina la palabra del Papa Francisco y su magisterio sobre todo para poder desarrollar los cuatro verbos que \u00e9l nos propone y me parece tambi\u00e9n que el haber sacado un plan conjunto que debemos desarrollar y ampliar es un gran paso. Creo que este Taller es la antesala al gran encuentro de la Red Clamor que se va a realizar ahora en mayo en Chile, donde seguiremos profundizando en la crisis de Venezuela\u201d.<o:p><\/o:p><\/span><\/p>\n<p style=\"margin: 0cm 0cm 0.0001pt; background-image: initial; background-position: initial; background-size: initial; background-repeat: initial; background-attachment: initial; background-origin: initial; background-clip: initial;\"><span style=\"font-size: 11pt; font-family: Calibri, sans-serif;\">\u00a0<\/span><\/p>\n<p style=\"margin: 0cm 0cm 0.0001pt; background-image: initial; background-position: initial; background-size: initial; background-repeat: initial; background-attachment: initial; background-origin: initial; background-clip: initial;\"><span style=\"font-size: 11pt; font-family: Calibri, sans-serif;\">En tanto, para Cristina Dos Anjos, de C\u00e1ritas Brasil, el Taller: \u201cEs sumamente importante para garantizar una base com\u00fan de articulaci\u00f3n de las Caritas de Am\u00e9rica Latina que est\u00e1n trabajando con los venezolanos. Creo que nos vamos con mucha m\u00e1s informaci\u00f3n de lo que estamos haciendo y con propuestas para fortalecer nuestro trabajo para poder proporcionar un apoyo mayor a Venezuela y a nuestro propio trabajo con los hermanos que est\u00e1n sufriendo esta crisis\u201d, puntualiz\u00f3.\u00a0<o:p><\/o:p><\/span><\/p>\n<p class=\"MsoNormal\"><o:p>\u00a0<\/o:p><\/p>\n<p><i style=\"text-align: justify;\">Tomado de: C\u00e1ritas Am\u00e9rica Latina y el Caribe. 27 de abril de 2018.<\/i>\u00a0<\/p>\n<p><a href=\"http:\/\/web.hilo.org.pe\/wp-content\/uploads\/declaracionweb2.jpg\" target=\"_blank\" rel=\"noopener\">Ver archivo adjunto<\/a><\/p>\n","protected":false},"excerpt":{"rendered":"<p>Reunidos en Bogot\u00e1, Colombia, entre el 24 y 25 de abril, representantes de seis C\u00e1ritas de Am\u00e9rica Latina y el Caribe, de Caritas Internationalis, CRS y del SELACC, firmaron una declaraci\u00f3n conjunta al t\u00e9rmino del Taller inter-fronteras pro Venezuela que tuvo como objetivo revisar la respuesta de emergencia a los emigrantes y refugiados venezolanos.<\/p>\n","protected":false},"author":1,"featured_media":8120,"comment_status":"closed","ping_status":"closed","sticky":false,"template":"","format":"standard","meta":{"footnotes":""},"categories":[9],"tags":[],"class_list":["post-3065","post","type-post","status-publish","format-standard","has-post-thumbnail","hentry","category-noticias"],"_links":{"self":[{"href":"https:\/\/ceas.org.pe\/index.php\/wp-json\/wp\/v2\/posts\/3065","targetHints":{"allow":["GET"]}}],"collection":[{"href":"https:\/\/ceas.org.pe\/index.php\/wp-json\/wp\/v2\/posts"}],"about":[{"href":"https:\/\/ceas.org.pe\/index.php\/wp-json\/wp\/v2\/types\/post"}],"author":[{"embeddable":true,"href":"https:\/\/ceas.org.pe\/index.php\/wp-json\/wp\/v2\/users\/1"}],"replies":[{"embeddable":true,"href":"https:\/\/ceas.org.pe\/index.php\/wp-json\/wp\/v2\/comments?post=3065"}],"version-history":[{"count":1,"href":"https:\/\/ceas.org.pe\/index.php\/wp-json\/wp\/v2\/posts\/3065\/revisions"}],"predecessor-version":[{"id":6153,"href":"https:\/\/ceas.org.pe\/index.php\/wp-json\/wp\/v2\/posts\/3065\/revisions\/6153"}],"wp:featuredmedia":[{"embeddable":true,"href":"https:\/\/ceas.org.pe\/index.php\/wp-json\/wp\/v2\/media\/8120"}],"wp:attachment":[{"href":"https:\/\/ceas.org.pe\/index.php\/wp-json\/wp\/v2\/media?parent=3065"}],"wp:term":[{"taxonomy":"category","embeddable":true,"href":"https:\/\/ceas.org.pe\/index.php\/wp-json\/wp\/v2\/categories?post=3065"},{"taxonomy":"post_tag","embeddable":true,"href":"https:\/\/ceas.org.pe\/index.php\/wp-json\/wp\/v2\/tags?post=3065"}],"curies":[{"name":"wp","href":"https:\/\/api.w.org\/{rel}","templated":true}]}}