{"id":3064,"date":"2018-04-21T19:02:43","date_gmt":"2018-04-21T19:02:43","guid":{"rendered":""},"modified":"2026-03-11T09:11:58","modified_gmt":"2026-03-11T14:11:58","slug":"garantizar-la-vida-la-seguridad-y-la-paz-social","status":"publish","type":"post","link":"https:\/\/ceas.org.pe\/index.php\/2018\/04\/21\/garantizar-la-vida-la-seguridad-y-la-paz-social\/","title":{"rendered":"Garantizar la vida, la seguridad y la paz social"},"content":{"rendered":"<p>COMUNICADO DE LA CONFERENCIA EPISCOPAL PERUANA<\/p>\n<p class=\"MsoNormal\" style=\"margin-bottom: 0.0001pt; text-align: justify; line-height: normal; background-image: initial; background-position: initial; background-size: initial; background-repeat: initial; background-attachment: initial; background-origin: initial; background-clip: initial;\"><span lang=\"ES-TRAD\" style=\"mso-fareast-font-family:\"Times New Roman\";mso-bidi-font-family:Calibri;\nmso-bidi-theme-font:minor-latin;color:#333333;mso-ansi-language:ES-TRAD;\nmso-fareast-language:ES-PE\">El dolor y el\u00a0\u00a0rechazo que dej\u00f3 la violencia terrorista en el Per\u00fa son a\u00fan muy intensos, como se puede verificar en la repulsa y la indignaci\u00f3n de la poblaci\u00f3n ante la variaci\u00f3n de la condici\u00f3n jur\u00eddica de algunos miembros de la c\u00fapula senderista en los procesos judiciales que se le siguen.<o:p><\/o:p><\/span><\/p>\n<p class=\"MsoNormal\" style=\"margin-bottom: 0.0001pt; text-align: justify; line-height: normal; background-image: initial; background-position: initial; background-size: initial; background-repeat: initial; background-attachment: initial; background-origin: initial; background-clip: initial;\">\n<span lang=\"ES-TRAD\" style=\"mso-fareast-font-family:\"Times New Roman\";mso-bidi-font-family:Calibri;\nmso-bidi-theme-font:minor-latin;color:#333333;mso-ansi-language:ES-TRAD;\nmso-fareast-language:ES-PE\">Ante esto manifestamos que:<o:p><\/o:p><\/span><\/p>\n<p class=\"MsoNormal\" style=\"margin-bottom: 0.0001pt; text-align: justify; line-height: normal; background-image: initial; background-position: initial; background-size: initial; background-repeat: initial; background-attachment: initial; background-origin: initial; background-clip: initial;\"><span style=\"mso-fareast-font-family:\n\"Times New Roman\";mso-bidi-font-family:Calibri;mso-bidi-theme-font:minor-latin;\ncolor:#333333;mso-fareast-language:ES-PE\">\u00a0<\/span><\/p>\n<ol>\n<li><span style=\"mso-fareast-font-family:\"Times New Roman\";\nmso-bidi-font-family:Calibri;mso-bidi-theme-font:minor-latin;color:#333333;\nmso-fareast-language:ES-PE\">Es obligaci\u00f3n del Estado garantizar al pueblo peruano la integridad de la vida, el bien com\u00fan y la paz social. De esta responsabilidad ning\u00fan poder del Estado puede excluirse, es decir, del respeto a la integridad de la ley, pues con ello dejar\u00eda desprotegida a la poblaci\u00f3n.<o:p><\/o:p><\/span><\/li>\n<li><span style=\"mso-fareast-font-family:\"Times New Roman\";\nmso-bidi-font-family:Calibri;mso-bidi-theme-font:minor-latin;color:#333333;\nmso-fareast-language:ES-PE\">No podemos negar que nuestro pa\u00eds fue herido gravemente por las acciones de violencia y terrorismo que destruyeron vidas, familias, comunidades enteras y nos sometieron al miedo, al borde del colapso y la ruina, cuyas secuelas de todo orden todav\u00eda no se han curado ni resarcido.<o:p><\/o:p><\/span><\/li>\n<li><span style=\"mso-fareast-font-family:\"Times New Roman\";\nmso-bidi-font-family:Calibri;mso-bidi-theme-font:minor-latin;color:#333333;\nmso-fareast-language:ES-PE\">El derecho a una justicia proporcional al da\u00f1o causado es fundamental, pero tambi\u00e9n lo es el respeto a la ley, sin el cual caemos en la l\u00f3gica que el m\u00e1s fuerte imponga siempre su voluntad. Pero, nos preguntamos: \u00bfEstas personas que han seguido este camino equivocado, han pedido perd\u00f3n por ello, han mostrado arrepentimiento sincero?<o:p><\/o:p><\/span><\/li>\n<li><span style=\"mso-fareast-font-family:\"Times New Roman\";\nmso-bidi-font-family:Calibri;mso-bidi-theme-font:minor-latin;color:#333333;\nmso-fareast-language:ES-PE\">El Estado de derecho que vivimos, posiblemente imperfecto y criticable, debe ser defendido por toda la sociedad. Rechazamos los esfuerzos de algunos grupos que siguen promoviendo ideolog\u00edas que justifican o promueven el terrorismo y\/o sus m\u00e9todos. Cabe preguntarnos: \u00bfEl Estado ha cumplido su rol de garantizar a nuestro pueblo la integridad de la vida, el bien com\u00fan y la construcci\u00f3n de una sociedad que mira el futuro con paz y justicia?<o:p><\/o:p><\/span><\/li>\n<li><span style=\"mso-fareast-font-family:\"Times New Roman\";\nmso-bidi-font-family:Calibri;mso-bidi-theme-font:minor-latin;color:#333333;\nmso-fareast-language:ES-PE\">Como cristianos defendemos la justicia y la dignidad. Pero, una justicia que tarda, cualquiera fuere la raz\u00f3n, no es justicia, por el contrario, ocasiona m\u00e1s da\u00f1o.<o:p><\/o:p><\/span><\/li>\n<li><span style=\"mso-fareast-font-family:\"Times New Roman\";\nmso-bidi-font-family:Calibri;mso-bidi-theme-font:minor-latin;color:#333333;\nmso-fareast-language:ES-PE\">Renovamos el pedido que nos hizo el Papa Francisco \u00abno permitan que les roben la esperanza\u00bb, es el momento de unirnos y trabajar juntos por la vida, el bien com\u00fan y la paz social.<o:p><\/o:p><\/span><\/li>\n<\/ol>\n<p class=\"MsoNormal\" align=\"right\" style=\"margin-bottom: 0.0001pt; text-align: right; line-height: normal; background-image: initial; background-position: initial; background-size: initial; background-repeat: initial; background-attachment: initial; background-origin: initial; background-clip: initial;\"><span lang=\"ES-TRAD\" style=\"mso-fareast-font-family:\"Times New Roman\";mso-bidi-font-family:Calibri;\nmso-bidi-theme-font:minor-latin;color:#333333;mso-ansi-language:ES-TRAD;\nmso-fareast-language:ES-PE\">Lima, 21 de Abril de 2018<\/span><span style=\"mso-fareast-font-family:\"Times New Roman\";mso-bidi-font-family:Calibri;\nmso-bidi-theme-font:minor-latin;color:#333333;mso-fareast-language:ES-PE\"><o:p><\/o:p><\/span><\/p>\n<p class=\"MsoNormal\" align=\"center\" style=\"margin-bottom: 0.0001pt; text-align: center; line-height: normal; background-image: initial; background-position: initial; background-size: initial; background-repeat: initial; background-attachment: initial; background-origin: initial; background-clip: initial;\"><b><span lang=\"ES-TRAD\" style=\"mso-fareast-font-family:\"Times New Roman\";mso-bidi-font-family:Calibri;\nmso-bidi-theme-font:minor-latin;color:#333333;mso-ansi-language:ES-TRAD;\nmso-fareast-language:ES-PE\">\u00a0<\/span><\/b><span style=\"mso-fareast-font-family:\n\"Times New Roman\";mso-bidi-font-family:Calibri;mso-bidi-theme-font:minor-latin;\ncolor:#333333;mso-fareast-language:ES-PE\"><o:p><\/o:p><\/span><\/p>\n<p class=\"MsoNormal\" align=\"center\" style=\"margin-bottom: 0.0001pt; text-align: center; line-height: normal; background-image: initial; background-position: initial; background-size: initial; background-repeat: initial; background-attachment: initial; background-origin: initial; background-clip: initial;\"><b><span lang=\"ES-TRAD\" style=\"mso-fareast-font-family:\"Times New Roman\";mso-bidi-font-family:Calibri;\nmso-bidi-theme-font:minor-latin;color:#333333;mso-ansi-language:ES-TRAD;\nmso-fareast-language:ES-PE\">La Presidencia<\/span><\/b><span style=\"mso-fareast-font-family:\n\"Times New Roman\";mso-bidi-font-family:Calibri;mso-bidi-theme-font:minor-latin;\ncolor:#333333;mso-fareast-language:ES-PE\"><o:p><\/o:p><\/span><br \/>\n<b><span lang=\"ES-TRAD\" style=\"color: rgb(51, 51, 51); background-image: initial; background-position: initial; background-size: initial; background-repeat: initial; background-attachment: initial; background-origin: initial; background-clip: initial;\">Conferencia Episcopal Peruana<\/span><\/b><span style=\"color: rgb(51, 51, 51); background-image: initial; background-position: initial; background-size: initial; background-repeat: initial; background-attachment: initial; background-origin: initial; background-clip: initial;\">\u00a0<b><o:p><\/o:p><\/b><\/span><\/p>\n<p>\u00a0\u00a0<\/p>\n<p><a href=\"http:\/\/web.hilo.org.pe\/wp-content\/uploads\/CEP.jpg\" target=\"_blank\" rel=\"noopener\">Ver archivo adjunto<\/a><\/p>\n","protected":false},"excerpt":{"rendered":"<p>El dolor y el  rechazo que dej\u00f3 la violencia terrorista en el Per\u00fa son a\u00fan muy intensos, como se puede verificar en la repulsa y la indignaci\u00f3n de la poblaci\u00f3n ante la variaci\u00f3n de la condici\u00f3n jur\u00eddica de algunos miembros de la c\u00fapula senderista en los procesos judiciales que se le siguen.<\/p>\n","protected":false},"author":1,"featured_media":0,"comment_status":"closed","ping_status":"closed","sticky":false,"template":"","format":"standard","meta":{"footnotes":""},"categories":[9],"tags":[],"class_list":["post-3064","post","type-post","status-publish","format-standard","hentry","category-noticias"],"_links":{"self":[{"href":"https:\/\/ceas.org.pe\/index.php\/wp-json\/wp\/v2\/posts\/3064","targetHints":{"allow":["GET"]}}],"collection":[{"href":"https:\/\/ceas.org.pe\/index.php\/wp-json\/wp\/v2\/posts"}],"about":[{"href":"https:\/\/ceas.org.pe\/index.php\/wp-json\/wp\/v2\/types\/post"}],"author":[{"embeddable":true,"href":"https:\/\/ceas.org.pe\/index.php\/wp-json\/wp\/v2\/users\/1"}],"replies":[{"embeddable":true,"href":"https:\/\/ceas.org.pe\/index.php\/wp-json\/wp\/v2\/comments?post=3064"}],"version-history":[{"count":1,"href":"https:\/\/ceas.org.pe\/index.php\/wp-json\/wp\/v2\/posts\/3064\/revisions"}],"predecessor-version":[{"id":6154,"href":"https:\/\/ceas.org.pe\/index.php\/wp-json\/wp\/v2\/posts\/3064\/revisions\/6154"}],"wp:attachment":[{"href":"https:\/\/ceas.org.pe\/index.php\/wp-json\/wp\/v2\/media?parent=3064"}],"wp:term":[{"taxonomy":"category","embeddable":true,"href":"https:\/\/ceas.org.pe\/index.php\/wp-json\/wp\/v2\/categories?post=3064"},{"taxonomy":"post_tag","embeddable":true,"href":"https:\/\/ceas.org.pe\/index.php\/wp-json\/wp\/v2\/tags?post=3064"}],"curies":[{"name":"wp","href":"https:\/\/api.w.org\/{rel}","templated":true}]}}