{"id":3062,"date":"2018-04-19T19:11:16","date_gmt":"2018-04-19T19:11:16","guid":{"rendered":""},"modified":"2026-03-11T09:11:58","modified_gmt":"2026-03-11T14:11:58","slug":"la-eucaristia-nos-compromete-de-una-manera-distinta-con-el-proyecto-excepcional-de-libertad","status":"publish","type":"post","link":"https:\/\/ceas.org.pe\/index.php\/2018\/04\/19\/la-eucaristia-nos-compromete-de-una-manera-distinta-con-el-proyecto-excepcional-de-libertad\/","title":{"rendered":"La Eucarist\u00eda nos compromete de una manera distinta con el Proyecto Excepcional de Libertad"},"content":{"rendered":"<p class=\"MsoNormal\"><span style=\"font-size:16.0pt;line-height:107%\">La Eucarist\u00eda nos compromete de una manera distinta con el Proyecto Excepcional de Libertad para las Personas Encarceladas<o:p><\/o:p><\/span><\/p>\n<p class=\"MsoNormal\" style=\"text-align:justify\">El martes 17 de abril en el Penal Miguel Castro Castro se realiz\u00f3 una Misa especial en agradecimiento a la labor y acompa\u00f1amiento de dos grandes profesionales, las doctoras Mar\u00eda Soledad P\u00e9rez Tello, ex Ministra de Justicia y Silvia Alayo D\u00e1vila, Responsable del Programa Justicia Penal y Penitenciaria de CEAS. La Eucarist\u00eda que fue concelebrada por los sacerdotes,<span style=\"mso-spacerun:yes\">\u00a0 <\/span>P. Juan Dumont y P. Marco Antonio Ricaldi, quienes hicieron una profunda reflexi\u00f3n durante su homil\u00eda resaltando que Jes\u00fas es el Pan de Vida, que Dios nos pone signos, que nos sintamos llamados a los cambios y a cada llamado, que CEAS es el Pan de Vida para los dem\u00e1s. Ser ese pan para el mundo, para todos. Debemos entregar la vida por el hermano, por una causa justa.<o:p><\/o:p><\/p>\n<p class=\"MsoNormal\" style=\"text-align:justify\">\u201cPan partido y repartido es una acci\u00f3n de gracias. La eucarist\u00eda nos compromete de una manera diferente y es ese \u201cpan\u201d que nos da fuerza y compromiso\u201d nos dijo el P. Dumont.<o:p><\/o:p><\/p>\n<p class=\"MsoNormal\" style=\"text-align:justify\">Al termino se tuvo la reuni\u00f3n con el equipo, que viene impulsando y promoviendo el Proyecto Excepcional de Libertad por Rehabilitaci\u00f3n, que busca ser instrumento de justicia que recupere el esp\u00edritu resocializador que la Constituci\u00f3n garantiza, beneficio excepcional que alcanza solo a aquellos internos que han demostrado durante su fase de internamiento que han trabajado honestamente o estudiado y por tanto merecen una oportunidad. A este equipo adem\u00e1s se unieron comunicadores para iniciar juntos una campa\u00f1a de difusi\u00f3n para lograr el posicionamiento de este Proyecto de Ley en la opini\u00f3n p\u00fablica.<o:p><\/o:p><\/p>\n<p class=\"MsoNormal\">CEAS, 19 de abril de 2018.<o:p><\/o:p><\/p>\n<p><a href=\"http:\/\/web.hilo.org.pe\/wp-content\/uploads\/IMG_5069 web.jpg\" target=\"_blank\" rel=\"noopener\">Ver archivo adjunto<\/a><\/p>\n","protected":false},"excerpt":{"rendered":"<p>En el Penal Miguel Castro Castro se realiz\u00f3 una Misa especial en agradecimiento a la labor y acompa\u00f1amiento de dos grandes profesionales, las doctoras Mar\u00eda Soledad P\u00e9rez Tello, ex Ministra de Justicia y Silvia Alayo D\u00e1vila, Responsable del Programa Justicia Penal y Penitenciaria de CEAS. La Eucarist\u00eda que fue concelebrada por los sacerdotes,  P. Juan Dumont y P. Marco Antonio Ricaldi.<\/p>\n","protected":false},"author":1,"featured_media":0,"comment_status":"closed","ping_status":"closed","sticky":false,"template":"","format":"standard","meta":{"footnotes":""},"categories":[9],"tags":[],"class_list":["post-3062","post","type-post","status-publish","format-standard","hentry","category-noticias"],"_links":{"self":[{"href":"https:\/\/ceas.org.pe\/index.php\/wp-json\/wp\/v2\/posts\/3062","targetHints":{"allow":["GET"]}}],"collection":[{"href":"https:\/\/ceas.org.pe\/index.php\/wp-json\/wp\/v2\/posts"}],"about":[{"href":"https:\/\/ceas.org.pe\/index.php\/wp-json\/wp\/v2\/types\/post"}],"author":[{"embeddable":true,"href":"https:\/\/ceas.org.pe\/index.php\/wp-json\/wp\/v2\/users\/1"}],"replies":[{"embeddable":true,"href":"https:\/\/ceas.org.pe\/index.php\/wp-json\/wp\/v2\/comments?post=3062"}],"version-history":[{"count":1,"href":"https:\/\/ceas.org.pe\/index.php\/wp-json\/wp\/v2\/posts\/3062\/revisions"}],"predecessor-version":[{"id":6155,"href":"https:\/\/ceas.org.pe\/index.php\/wp-json\/wp\/v2\/posts\/3062\/revisions\/6155"}],"wp:attachment":[{"href":"https:\/\/ceas.org.pe\/index.php\/wp-json\/wp\/v2\/media?parent=3062"}],"wp:term":[{"taxonomy":"category","embeddable":true,"href":"https:\/\/ceas.org.pe\/index.php\/wp-json\/wp\/v2\/categories?post=3062"},{"taxonomy":"post_tag","embeddable":true,"href":"https:\/\/ceas.org.pe\/index.php\/wp-json\/wp\/v2\/tags?post=3062"}],"curies":[{"name":"wp","href":"https:\/\/api.w.org\/{rel}","templated":true}]}}