{"id":3060,"date":"2018-04-14T13:13:20","date_gmt":"2018-04-14T13:13:20","guid":{"rendered":""},"modified":"2026-03-11T09:11:58","modified_gmt":"2026-03-11T14:11:58","slug":"declaracion-del-foro-de-los-pueblos-indigenas-ante-la-viii-cumbre-de-las-americas","status":"publish","type":"post","link":"https:\/\/ceas.org.pe\/index.php\/2018\/04\/14\/declaracion-del-foro-de-los-pueblos-indigenas-ante-la-viii-cumbre-de-las-americas\/","title":{"rendered":"Declaraci\u00f3n del Foro de los Pueblos Ind\u00edgenas ante la VIII Cumbre de las Am\u00e9ricas"},"content":{"rendered":"<p>\u00a0<b style=\"text-align: center;\"><span style=\"font-size: 10pt; line-height: 115%;\">DECLARACI\u00d3N DEL FORO DE LOS PUEBLOS IND\u00cdGENAS ANTE LA VIII CUMBRE DE LAS AM\u00c9RICAS REALIZADA EN LIMA: EN DEFENSA DEL TERRITORIO Y LA LIBRE DETERMINACI\u00d3N DE LOS PUEBLOS O NACIONES<\/span><\/b><\/p>\n<p class=\"MsoNormal\" style=\"background-image: initial; background-position: initial; background-size: initial; background-repeat: initial; background-attachment: initial; background-origin: initial; background-clip: initial; vertical-align: baseline;\"><span style=\"font-size: 10pt; line-height: 115%;\">Nosotros y nosotras como representantes de los pueblos, Naciones y Nacionalidades Ind\u00edgenas del Abya Yala, en el marco y ejercicio del derecho a la libre determinaci\u00f3n y en defensa de nuestra Madre Tierra, damos a conocer nuestras conclusiones y planteamientos como resultado del Foro de los Pueblos Ind\u00edgenas, en el marco de la VIII Cumbre de las Am\u00e9ricas, celebrado en Lima del 10 de Abril de 2018.<o:p><\/o:p><\/span><\/p>\n<p class=\"MsoNormal\" style=\"background-image: initial; background-position: initial; background-size: initial; background-repeat: initial; background-attachment: initial; background-origin: initial; background-clip: initial; vertical-align: baseline;\"><b><span style=\"font-size: 10pt; line-height: 115%;\">CONSIDERANDO:<\/span><\/b><span style=\"font-size: 10pt; line-height: 115%;\"><o:p><\/o:p><\/span><\/p>\n<p class=\"MsoNormal\" style=\"background-image: initial; background-position: initial; background-size: initial; background-repeat: initial; background-attachment: initial; background-origin: initial; background-clip: initial; vertical-align: baseline;\"><span style=\"font-size: 10pt; line-height: 115%;\">Que en nuestro continente somos aproximadamente 826 pueblos ind\u00edgenas que preexistimos a los Estados y vivimos en armon\u00eda con la Madre Tierra, desde nuestros ancestros.<o:p><\/o:p><\/span><\/p>\n<p class=\"MsoNormal\" style=\"background-image: initial; background-position: initial; background-size: initial; background-repeat: initial; background-attachment: initial; background-origin: initial; background-clip: initial; vertical-align: baseline;\"><span style=\"font-size: 10pt; line-height: 115%;\">Que desde la invasi\u00f3n Europea se nos ha impuesto un modelo econ\u00f3mico de extracci\u00f3n de recursos por lo que hemos sido sistem\u00e1ticamente expoliados y despojados de nuestros territorio.<o:p><\/o:p><\/span><\/p>\n<p class=\"MsoNormal\" style=\"background-image: initial; background-position: initial; background-size: initial; background-repeat: initial; background-attachment: initial; background-origin: initial; background-clip: initial; vertical-align: baseline;\"><span style=\"font-size: 10pt; line-height: 115%;\">Que los Estados republicanos nacieron excluyendo a los pueblos originarios, con una pol\u00edtica de asimilaci\u00f3n cultural, con pr\u00e1cticas racistas, genocidas, patriarcales y monoculturales; de colonizaci\u00f3n de nuestras mentes.<o:p><\/o:p><\/span><\/p>\n<p class=\"MsoNormal\" style=\"background-image: initial; background-position: initial; background-size: initial; background-repeat: initial; background-attachment: initial; background-origin: initial; background-clip: initial; vertical-align: baseline;\"><span style=\"font-size: 10pt; line-height: 115%;\">Que actualmente nos encontramos frente a un modelo de desarrollo depredador y destructor donde las corporaciones buscan acumular riquezas para unos pocos, vulnerando nuestros derechos y destruyendo la Madre Tierra, a trav\u00e9s de la imposici\u00f3n de mega proyectos extractivos como: la miner\u00eda, hidroel\u00e9ctricas, hidrocarburos, forestales, monocultivos y de infraestructura en nombre del desarrollo, que se ejecutan sin la consulta ni el consentimiento libre, previo e informado.<o:p><\/o:p><\/span><\/p>\n<p class=\"MsoNormal\" style=\"background-image: initial; background-position: initial; background-size: initial; background-repeat: initial; background-attachment: initial; background-origin: initial; background-clip: initial; vertical-align: baseline;\"><span style=\"font-size: 10pt; line-height: 115%;\">Que, a lo largo de la historia, los pueblos hemos resistido y luchado por el respeto de nuestra libre determinaci\u00f3n, autonom\u00eda, y autogobierno; y por acabar con todas las formas de colonialismo y subordinaci\u00f3n.<o:p><\/o:p><\/span><\/p>\n<p class=\"MsoNormal\" style=\"background-image: initial; background-position: initial; background-size: initial; background-repeat: initial; background-attachment: initial; background-origin: initial; background-clip: initial; vertical-align: baseline;\"><span style=\"font-size: 10pt; line-height: 115%;\">Que las mujeres ind\u00edgenas cumplimos un rol decisivo en la protecci\u00f3n y transmisi\u00f3n de nuestras identidades culturales, pr\u00e1cticas y saberes ancestrales, conservaci\u00f3n de la biodiversidad, defensa del territorio y seguridad alimentaria.<o:p><\/o:p><\/span><\/p>\n<p class=\"MsoNormal\" style=\"background-image: initial; background-position: initial; background-size: initial; background-repeat: initial; background-attachment: initial; background-origin: initial; background-clip: initial; vertical-align: baseline;\"><span style=\"font-size: 10pt; line-height: 115%;\">Que, gracias a nuestras luchas, hemos logrado avances en el derecho Constitucional e Internacional como la Resoluci\u00f3n 1514 (XV) de la Naciones Unidas, el Convenio 169 de la OIT de 1989, la Declaraci\u00f3n de Viena de 2003, la Convenci\u00f3n sobre la eliminaci\u00f3n de todas las formas de Discriminaci\u00f3n Racial, la Declaraci\u00f3n de las Naciones Unidas sobre los derechos de los Pueblos Ind\u00edgenas de 2007, la Declaraci\u00f3n Americana sobre los Derechos de los Pueblos Ind\u00edgenas, la doctrina y Jurisprudencia de la Corte Interamericana de Derechos Humanos, que son de obligatorio cumplimiento para los Estados.<o:p><\/o:p><\/span><\/p>\n<p class=\"MsoNormal\" style=\"background-image: initial; background-position: initial; background-size: initial; background-repeat: initial; background-attachment: initial; background-origin: initial; background-clip: initial; vertical-align: baseline;\"><span style=\"font-size: 10pt; line-height: 115%;\">Que, los Estados han institucionalizado pol\u00edticas y pr\u00e1cticas corruptas que se evidencian en la producci\u00f3n normativa, la gesti\u00f3n y administraci\u00f3n p\u00fablica, y el sistema de justicia, favoreciendo a las corporaciones transnacionales y vulnerando nuestros derechos como pueblos.<o:p><\/o:p><\/span><\/p>\n<p class=\"MsoNormal\" style=\"background-image: initial; background-position: initial; background-size: initial; background-repeat: initial; background-attachment: initial; background-origin: initial; background-clip: initial; vertical-align: baseline;\"><span style=\"font-size: 10pt; line-height: 115%;\">Que, a pesar de las obligaciones vinculantes del Estado en materia de derechos ind\u00edgenas, persiste la criminalizaci\u00f3n del ejercicio de nuestra autoridad, funciones jurisdiccionales y defensa de derechos colectivos, a trav\u00e9s del asesinato, desaparici\u00f3n f\u00edsica, represi\u00f3n penal, amenazas, acoso, estigmatizaci\u00f3n y otras formas de persecuci\u00f3n arbitraria.<o:p><\/o:p><\/span><\/p>\n<p class=\"MsoNormal\" style=\"background-image: initial; background-position: initial; background-size: initial; background-repeat: initial; background-attachment: initial; background-origin: initial; background-clip: initial; vertical-align: baseline;\"><span style=\"font-size: 10pt; line-height: 115%;\">Que, los acuerdos de las siete cumbres de las Am\u00e9ricas no han implementado acciones concretas para el ejercicio pleno de los derechos colectivos de los pueblos ind\u00edgenas en los Estados miembros.<o:p><\/o:p><\/span><\/p>\n<p class=\"MsoNormal\" style=\"margin-bottom: 0.0001pt; background-image: initial; background-position: initial; background-size: initial; background-repeat: initial; background-attachment: initial; background-origin: initial; background-clip: initial; vertical-align: baseline;\"><b><span style=\"font-size: 10pt; line-height: 115%;\"><br \/>\nDEMANDAMOS a los Jefes de Estado y Gobiernos de las Am\u00e9ricas lo siguiente:<o:p><\/o:p><\/span><\/b><\/p>\n<p class=\"MsoNormal\" style=\"margin-bottom: 0.0001pt; background-image: initial; background-position: initial; background-size: initial; background-repeat: initial; background-attachment: initial; background-origin: initial; background-clip: initial; vertical-align: baseline;\"><span style=\"font-size: 10pt; line-height: 115%;\">\u00a0<\/span><\/p>\n<p class=\"MsoNormal\" style=\"margin: 0cm 0cm 0.0001pt 1cm; text-indent: -1cm; background-image: initial; background-position: initial; background-size: initial; background-repeat: initial; background-attachment: initial; background-origin: initial; background-clip: initial; vertical-align: baseline;\"><span style=\"font-size: 10pt; line-height: 115%;\">1. \u00a0\u00a0\u00a0\u00a0\u00a0\u00a0\u00a0 Que los Estados den cumplimiento efectivo a sus obligaciones internacionales relativas a los derechos de los pueblos indigenas, adoptadas en ejercicio de su soberania, incluyendo tratados, medidas cautelares, sentencias y otros mandatos internacionales; derogando las normas nacionales que se oponen a tales obligaciones.<o:p><\/o:p><\/span><\/p>\n<p class=\"MsoNormal\" style=\"margin: 0cm 0cm 0.0001pt 1cm; text-indent: -1cm; background-image: initial; background-position: initial; background-size: initial; background-repeat: initial; background-attachment: initial; background-origin: initial; background-clip: initial; vertical-align: baseline;\"><span style=\"font-size: 10pt; line-height: 115%;\">2. \u00a0\u00a0\u00a0\u00a0\u00a0\u00a0\u00a0 Que los Estados respeten y garanticen nuestros derechos a la libre determinaci\u00f3n, autonom\u00eda y autogobierno; formas de vida, modelos de desarrollo, planes de vida y buen vivir.<o:p><\/o:p><\/span><\/p>\n<p class=\"MsoNormal\" style=\"margin: 0cm 0cm 0.0001pt 1cm; text-indent: -1cm; background-image: initial; background-position: initial; background-size: initial; background-repeat: initial; background-attachment: initial; background-origin: initial; background-clip: initial; vertical-align: baseline;\"><span style=\"font-size: 10pt; line-height: 115%;\">3. \u00a0\u00a0\u00a0\u00a0\u00a0\u00a0\u00a0 Que los Estados reconozcan la personalidad jur\u00eddica de pueblos, naciones o nacionalidades ind\u00edgenas, y sus formas propias de organizaci\u00f3n.<o:p><\/o:p><\/span><\/p>\n<p class=\"MsoNormal\" style=\"margin: 0cm 0cm 0.0001pt 1cm; text-indent: -1cm; background-image: initial; background-position: initial; background-size: initial; background-repeat: initial; background-attachment: initial; background-origin: initial; background-clip: initial; vertical-align: baseline;\"><span style=\"font-size: 10pt; line-height: 115%;\">4. \u00a0\u00a0\u00a0\u00a0\u00a0\u00a0\u00a0 Que el Estado garantice la participaci\u00f3n institucional de los pueblos dentro de la estructura del Estado, a todo nivel y con poder de decisi\u00f3n.<o:p><\/o:p><\/span><\/p>\n<p class=\"MsoNormal\" style=\"margin: 0cm 0cm 0.0001pt 1cm; text-indent: -1cm; background-image: initial; background-position: initial; background-size: initial; background-repeat: initial; background-attachment: initial; background-origin: initial; background-clip: initial; vertical-align: baseline;\"><span style=\"font-size: 10pt; line-height: 115%;\">5. \u00a0\u00a0\u00a0\u00a0\u00a0\u00a0\u00a0 Que los Estados aseguren nuestro derecho a la propiedad del territorio ancestral integral, incluyendo los recursos naturales necesarios para nuestra subsistencia como el agua, bosques, tierras eriazas, etc.<o:p><\/o:p><\/span><\/p>\n<p class=\"MsoNormal\" style=\"margin: 0cm 0cm 0.0001pt 1cm; text-indent: -1cm; background-image: initial; background-position: initial; background-size: initial; background-repeat: initial; background-attachment: initial; background-origin: initial; background-clip: initial; vertical-align: baseline;\"><span style=\"font-size: 10pt; line-height: 115%;\">6. \u00a0\u00a0\u00a0\u00a0\u00a0\u00a0\u00a0 Que los Estados adopten normas y pol\u00edticas para garantizar la seguridad y soberan\u00eda alimentaria, que incluya la prohibici\u00f3n de patentes de nuestras semillas y productos nativos; la priorizaci\u00f3n del consumo interno sobre la exportaci\u00f3n, y el veto al uso de organismos transg\u00e9nicos.<o:p><\/o:p><\/span><\/p>\n<p class=\"MsoNormal\" style=\"margin: 0cm 0cm 0.0001pt 1cm; text-indent: -1cm; background-image: initial; background-position: initial; background-size: initial; background-repeat: initial; background-attachment: initial; background-origin: initial; background-clip: initial; vertical-align: baseline;\"><span style=\"font-size: 10pt; line-height: 115%;\">7. \u00a0\u00a0\u00a0\u00a0\u00a0\u00a0\u00a0 Que cesen las pol\u00edticas de parcelaci\u00f3n y titulaci\u00f3n individual de los territorios colectivos; de fragmentaci\u00f3n y despojo de territorios a trav\u00e9s de pol\u00edticas de conservaci\u00f3n y establecimiento de \u00e1reas protegidas.<o:p><\/o:p><\/span><\/p>\n<p class=\"MsoNormal\" style=\"margin: 0cm 0cm 0.0001pt 1cm; text-indent: -1cm; background-image: initial; background-position: initial; background-size: initial; background-repeat: initial; background-attachment: initial; background-origin: initial; background-clip: initial; vertical-align: baseline;\"><span style=\"font-size: 10pt; line-height: 115%;\">8. \u00a0\u00a0\u00a0\u00a0\u00a0\u00a0\u00a0 Que los Estados deroguen las normas que facilitan la p\u00e9rdida de la propiedad territorial ind\u00edgena a trav\u00e9s de figuras jur\u00eddicas como: la \u201ccesi\u00f3n en uso de los bosques\u201d, la posibilidad de venta de tierras; la expropiaci\u00f3n y servidumbre forzosa; la cesi\u00f3n de propiedad para la construcci\u00f3n de infraestructura.<o:p><\/o:p><\/span><\/p>\n<p class=\"MsoNormal\" style=\"margin: 0cm 0cm 0.0001pt 1cm; text-indent: -1cm; background-image: initial; background-position: initial; background-size: initial; background-repeat: initial; background-attachment: initial; background-origin: initial; background-clip: initial; vertical-align: baseline;\"><span style=\"font-size: 10pt; line-height: 115%;\">9. \u00a0\u00a0\u00a0\u00a0\u00a0\u00a0\u00a0 Que los Estados cesen las pol\u00edticas de colonizaci\u00f3n, invasi\u00f3n de los territorios ind\u00edgenas, y de toda forma de violencia que afecta de manera particular a las mujeres ind\u00edgenas.<o:p><\/o:p><\/span><\/p>\n<p class=\"MsoNormal\" style=\"margin: 0cm 0cm 0.0001pt 1cm; text-indent: -1cm; background-image: initial; background-position: initial; background-size: initial; background-repeat: initial; background-attachment: initial; background-origin: initial; background-clip: initial; vertical-align: baseline;\"><span style=\"font-size: 10pt; line-height: 115%;\">10. \u00a0\u00a0\u00a0\u00a0\u00a0 Que los Estados implementen los procesos de participaci\u00f3n, consulta y consentimiento previo, libre e informado antes de adoptar normas, pol\u00edticas, programas y medidas susceptible de afectar a los pueblos ind\u00edgenas, como concesiones, autorizaciones, contratos u otros.<o:p><\/o:p><\/span><\/p>\n<p class=\"MsoNormal\" style=\"margin: 0cm 0cm 0.0001pt 1cm; text-indent: -1cm; background-image: initial; background-position: initial; background-size: initial; background-repeat: initial; background-attachment: initial; background-origin: initial; background-clip: initial; vertical-align: baseline;\"><span style=\"font-size: 10pt; line-height: 115%;\">11. \u00a0\u00a0\u00a0\u00a0\u00a0 Que los Estados garanticen medidas efectivas para la participaci\u00f3n plena de las mujeres y jovenes ind\u00edgenas en la toma de decisiones de pol\u00edticas p\u00fablicas susceptibles de afectarles.<o:p><\/o:p><\/span><\/p>\n<p class=\"MsoNormal\" style=\"margin: 0cm 0cm 0.0001pt 1cm; text-indent: -1cm; background-image: initial; background-position: initial; background-size: initial; background-repeat: initial; background-attachment: initial; background-origin: initial; background-clip: initial; vertical-align: baseline;\"><span style=\"font-size: 10pt; line-height: 115%;\">12. \u00a0\u00a0\u00a0\u00a0\u00a0 Que los Estados implementen pol\u00edticas p\u00fablicas de salud y educaci\u00f3n biling\u00fce intercultural, incorporando en ellas la historia, cosmovisi\u00f3n, filosof\u00eda y saberes ancestrales como parte del proceso de descolonizaci\u00f3n y buen vivir.<o:p><\/o:p><\/span><\/p>\n<p class=\"MsoNormal\" style=\"margin: 0cm 0cm 0.0001pt 1cm; text-indent: -1cm; background-image: initial; background-position: initial; background-size: initial; background-repeat: initial; background-attachment: initial; background-origin: initial; background-clip: initial; vertical-align: baseline;\"><span style=\"font-size: 10pt; line-height: 115%;\">13. \u00a0\u00a0\u00a0\u00a0\u00a0 Que los Estados respeten los saberes y pr\u00e1cticas ancestrales de medicina, formas de transmisi\u00f3n de conocimiento, expresiones culturales y art\u00edsticas, y que garanticen los medios para su desarrollo aut\u00f3nomo.<o:p><\/o:p><\/span><\/p>\n<p class=\"MsoNormal\" style=\"margin: 0cm 0cm 0.0001pt 1cm; text-indent: -1cm; background-image: initial; background-position: initial; background-size: initial; background-repeat: initial; background-attachment: initial; background-origin: initial; background-clip: initial; vertical-align: baseline;\"><span style=\"font-size: 10pt; line-height: 115%;\">14. \u00a0\u00a0\u00a0\u00a0\u00a0 Que los Estados promuevan el derecho a los medios de comunicaci\u00f3n ind\u00edgena, redes comunitarias y el uso y acceso de las tecnolog\u00edas de comunicaci\u00f3n en nuestros propios idiomas.<o:p><\/o:p><\/span><\/p>\n<p class=\"MsoNormal\" style=\"margin: 0cm 0cm 0.0001pt 1cm; text-indent: -1cm; background-image: initial; background-position: initial; background-size: initial; background-repeat: initial; background-attachment: initial; background-origin: initial; background-clip: initial; vertical-align: baseline;\"><span style=\"font-size: 10pt; line-height: 115%;\">15. \u00a0\u00a0\u00a0\u00a0\u00a0 Que los Estados adopten normas y pol\u00edticas para eliminar toda forma de discriminaci\u00f3n y el racismo institucionalizado.<o:p><\/o:p><\/span><\/p>\n<p class=\"MsoNormal\" style=\"margin: 0cm 0cm 0.0001pt 1cm; text-indent: -1cm; background-image: initial; background-position: initial; background-size: initial; background-repeat: initial; background-attachment: initial; background-origin: initial; background-clip: initial; vertical-align: baseline;\"><span style=\"font-size: 10pt; line-height: 115%;\">16. \u00a0\u00a0\u00a0\u00a0\u00a0 Que los Estados investiguen de oficio y sancionen a los funcionarios y servidores p\u00fablicos involucrados en hechos de corrupci\u00f3n, estableciendo la imprescriptibilidad de este delito y que los corruptos no vuelvan a ejercer funci\u00f3n p\u00fablica.<o:p><\/o:p><\/span><\/p>\n<p class=\"MsoNormal\" style=\"margin: 0cm 0cm 0.0001pt 1cm; text-indent: -1cm; background-image: initial; background-position: initial; background-size: initial; background-repeat: initial; background-attachment: initial; background-origin: initial; background-clip: initial; vertical-align: baseline;\"><span style=\"font-size: 10pt; line-height: 115%;\">17. \u00a0\u00a0\u00a0\u00a0\u00a0 Que los Estados investiguen y sancionen ejemplarmente a las empresas -y sus titulares- involucradas en hechos de corrupci\u00f3n, anulando los contratos obtenidos por medios ilegales y que no se vuelvan a beneficiar de contratos o recursos p\u00fablicos.<o:p><\/o:p><\/span><\/p>\n<p class=\"MsoNormal\" style=\"margin: 0cm 0cm 0.0001pt 1cm; text-indent: -1cm; background-image: initial; background-position: initial; background-size: initial; background-repeat: initial; background-attachment: initial; background-origin: initial; background-clip: initial; vertical-align: baseline;\"><span style=\"font-size: 10pt; line-height: 115%;\">18. \u00a0\u00a0\u00a0\u00a0\u00a0 Que cese la criminalizaci\u00f3n y estigmatizaci\u00f3n de autoridades y miembros de pueblos ind\u00edgenas por ejercer su autoridad, funciones jurisdiccionales y proteger sus territorios y dem\u00e1s derechos; derogando las normas de criminalizaci\u00f3n, archivando los procesos judiciales y disponiendo la libertad de las personas detenidas.<o:p><\/o:p><\/span><\/p>\n<p class=\"MsoNormal\" style=\"margin: 0cm 0cm 0.0001pt 1cm; text-indent: -1cm; background-image: initial; background-position: initial; background-size: initial; background-repeat: initial; background-attachment: initial; background-origin: initial; background-clip: initial; vertical-align: baseline;\"><span style=\"font-size: 10pt; line-height: 115%;\">19. \u00a0\u00a0\u00a0\u00a0\u00a0 Que los Estados respeten y garanticen el pluralismo jur\u00eddico igualitario, es decir que respeten las decisiones de la justicia ind\u00edgena como cosa juzgada y, que con participaci\u00f3n de los pueblos, se establezcan mecanismos de coordinaci\u00f3n con la justicia ordinaria.<o:p><\/o:p><\/span><\/p>\n<p class=\"MsoNormal\" style=\"margin: 0cm 0cm 0.0001pt 1cm; text-indent: -1cm; background-image: initial; background-position: initial; background-size: initial; background-repeat: initial; background-attachment: initial; background-origin: initial; background-clip: initial; vertical-align: baseline;\"><span style=\"font-size: 10pt; line-height: 115%;\">20. \u00a0\u00a0\u00a0\u00a0\u00a0 Que los Estados promuevan la capacitaci\u00f3n de los jueces, fiscales y polic\u00edas para que conozcan, respeten valoren los sistemas jur\u00eddicos de los pueblos ind\u00edgenas.<o:p><\/o:p><\/span><\/p>\n<p class=\"MsoNormal\" style=\"margin: 0cm 0cm 0.0001pt 1cm; background-image: initial; background-position: initial; background-size: initial; background-repeat: initial; background-attachment: initial; background-origin: initial; background-clip: initial; vertical-align: baseline;\"><span style=\"font-size: 10pt; line-height: 115%;\">Para que se fortalezca la paz de todos los pueblos ind\u00edgenas de nuestra Abya Yala, rechazamos todos los actos de violencia y persecuci\u00f3n arbitraria, militarizaci\u00f3n y estados de emergencia que vienen sufriendo nuestros pueblos de Am\u00e9rica Latina. Y en particular, queremos manifestar nuestra solidaridad con nuestros hermanos y hermanas:<o:p><\/o:p><\/span><\/p>\n<p class=\"MsoNormal\" style=\"margin: 0cm 0cm 0.0001pt 49.65pt; text-indent: -21.3pt; background-image: initial; background-position: initial; background-size: initial; background-repeat: initial; background-attachment: initial; background-origin: initial; background-clip: initial; vertical-align: baseline;\"><span style=\"font-size: 10pt; line-height: 115%;\">\u00a0 \u00a0\u2013 \u00a0\u00a0 De los pueblos originarios del distrito de Chalhuahuacho (Apurimac) y Chulmivilcas (Cusco), actualmente con presencia policial y military; y bajo estado de emergencia, por lo que demandamos su levantamiento.<o:p><\/o:p><\/span><\/p>\n<p class=\"MsoNormal\" style=\"margin: 0cm 0cm 0.0001pt 49.65pt; text-indent: -21.3pt; background-image: initial; background-position: initial; background-size: initial; background-repeat: initial; background-attachment: initial; background-origin: initial; background-clip: initial; vertical-align: baseline;\"><span style=\"font-size: 10pt; line-height: 115%;\">\u00a0 \u00a0\u2013 \u00a0\u00a0 De los pueblos Mapuche, Awajun, Achuar, Kichwa, por la persecuci\u00f3n arbitraria que vienen sufriendo en defensa de sus derechos.<o:p><\/o:p><\/span><\/p>\n<p class=\"MsoNormal\" style=\"margin: 0cm 0cm 0.0001pt 49.65pt; text-indent: -21.3pt; background-image: initial; background-position: initial; background-size: initial; background-repeat: initial; background-attachment: initial; background-origin: initial; background-clip: initial; vertical-align: baseline;\"><span style=\"font-size: 10pt; line-height: 115%;\">\u00a0 \u00a0\u2013 \u00a0\u00a0 Los pueblos ind\u00edgenas de Venezuela, que se ven afectados por la crisis humanitaria, fundamentalmente por razones de salud y alimentaci\u00f3n.<o:p><\/o:p><\/span><\/p>\n<p class=\"MsoNormal\" style=\"margin: 0cm 0cm 0.0001pt 49.65pt; text-indent: -21.3pt; background-image: initial; background-position: initial; background-size: initial; background-repeat: initial; background-attachment: initial; background-origin: initial; background-clip: initial; vertical-align: baseline;\"><span style=\"font-size: 10pt; line-height: 115%;\">\u00a0 \u00a0\u2013 \u00a0\u00a0 De los pueblos originarios de Cajamarca, en particular de Valle Laguna Azul, quienes est\u00e1n condenados a 10 a\u00f1os de pena privativa de libertad por presunto delito de extorsi\u00f3n debido al ejercicio de funciones jurisdiccionales.<o:p><\/o:p><\/span><\/p>\n<p class=\"MsoNormal\" style=\"margin-bottom: 0.0001pt; background-image: initial; background-position: initial; background-size: initial; background-repeat: initial; background-attachment: initial; background-origin: initial; background-clip: initial; vertical-align: baseline;\"><span style=\"font-size: 10pt; line-height: 115%;\">\u00a0<\/span><\/p>\n<p class=\"MsoNormal\" style=\"margin-bottom: 0.0001pt; background-image: initial; background-position: initial; background-size: initial; background-repeat: initial; background-attachment: initial; background-origin: initial; background-clip: initial; vertical-align: baseline;\"><span style=\"font-size: 10pt; line-height: 115%;\">Dado en la ciudad de Lima el 10 de abril de 2018.<o:p><\/o:p><\/span><\/p>\n<p class=\"MsoNormal\"><span style=\"font-size: 10pt; line-height: 115%;\">\u00a0<\/span><\/p>\n<p class=\"MsoNormal\"><span style=\"font-size: 10pt; line-height: 115%;\">Tomado de: <a href=\"http:\/\/www.forosocialpanamazonico.com\/12060-2\/\">http:\/\/www.forosocialpanamazonico.com\/12060-2\/<\/a><o:p><\/o:p><\/span><\/p>\n<p class=\"MsoNormal\"><span style=\"font-size: 10pt; line-height: 115%;\">\u00a0<\/span><\/p>\n<p><a href=\"http:\/\/web.hilo.org.pe\/wp-content\/uploads\/declaracion 1.jpg\" target=\"_blank\" rel=\"noopener\">Ver archivo adjunto<\/a><\/p>\n","protected":false},"excerpt":{"rendered":"<p>El martes 10 de abril, se realiz\u00f3 el Foro de los Pueblos Ind\u00edgenas organizado por el Pacto de Unidad, en el marco de la Cumbre de las Am\u00e9ricas.<br \/>\nFue el primer acto oficial de la Cumbre y trajo el debate y an\u00e1lisis desde las diferentes organizaciones, l\u00edderes y liderezas que concluy\u00f3 en la aprobaci\u00f3n de la Declaraci\u00f3n del Foro de Pueblos Ind\u00edgenas frente a los jefes de Estado.<br \/>\nEl Pacto de Unidad est\u00e1 conformado por organizaciones que integran el proceso del Foro Social Panamaz\u00f3nico, que adhiere y asume como suya esta Declaraci\u00f3n, que dejamos a continuaci\u00f3n en su texto \u00edntegro, agradeciendo su m\u00e1s amplia difusi\u00f3n.<\/p>\n","protected":false},"author":1,"featured_media":0,"comment_status":"closed","ping_status":"closed","sticky":false,"template":"","format":"standard","meta":{"footnotes":""},"categories":[9],"tags":[],"class_list":["post-3060","post","type-post","status-publish","format-standard","hentry","category-noticias"],"_links":{"self":[{"href":"https:\/\/ceas.org.pe\/index.php\/wp-json\/wp\/v2\/posts\/3060","targetHints":{"allow":["GET"]}}],"collection":[{"href":"https:\/\/ceas.org.pe\/index.php\/wp-json\/wp\/v2\/posts"}],"about":[{"href":"https:\/\/ceas.org.pe\/index.php\/wp-json\/wp\/v2\/types\/post"}],"author":[{"embeddable":true,"href":"https:\/\/ceas.org.pe\/index.php\/wp-json\/wp\/v2\/users\/1"}],"replies":[{"embeddable":true,"href":"https:\/\/ceas.org.pe\/index.php\/wp-json\/wp\/v2\/comments?post=3060"}],"version-history":[{"count":1,"href":"https:\/\/ceas.org.pe\/index.php\/wp-json\/wp\/v2\/posts\/3060\/revisions"}],"predecessor-version":[{"id":6158,"href":"https:\/\/ceas.org.pe\/index.php\/wp-json\/wp\/v2\/posts\/3060\/revisions\/6158"}],"wp:attachment":[{"href":"https:\/\/ceas.org.pe\/index.php\/wp-json\/wp\/v2\/media?parent=3060"}],"wp:term":[{"taxonomy":"category","embeddable":true,"href":"https:\/\/ceas.org.pe\/index.php\/wp-json\/wp\/v2\/categories?post=3060"},{"taxonomy":"post_tag","embeddable":true,"href":"https:\/\/ceas.org.pe\/index.php\/wp-json\/wp\/v2\/tags?post=3060"}],"curies":[{"name":"wp","href":"https:\/\/api.w.org\/{rel}","templated":true}]}}