{"id":3059,"date":"2018-04-14T12:54:27","date_gmt":"2018-04-14T12:54:27","guid":{"rendered":""},"modified":"2026-03-11T09:11:58","modified_gmt":"2026-03-11T14:11:58","slug":"el-mundo-esta-en-guerra-y-dios-llora","status":"publish","type":"post","link":"https:\/\/ceas.org.pe\/index.php\/2018\/04\/14\/el-mundo-esta-en-guerra-y-dios-llora\/","title":{"rendered":"\u00abEL MUNDO EST\u00c1 EN GUERRA Y DIOS LLORA\u00bb"},"content":{"rendered":"<p class=\"MsoNormal\" style=\"line-height:normal;background:white\"><i style=\"mso-bidi-font-style:normal\"><span style=\"mso-fareast-font-family:\"Times New Roman\";\nmso-bidi-font-family:Calibri;mso-bidi-theme-font:minor-latin;color:#1D2129;\nmso-fareast-language:ES-PE\">\u00abBienaventurados los que trabajan por la paz, porque ellos ser\u00e1n llamados hijos de Dios\u00bb. (Mt 5,9)<o:p><\/o:p><\/span><\/i><\/p>\n<p class=\"MsoNormal\" style=\"line-height:normal;background:white\"><span style=\"mso-fareast-font-family:\"Times New Roman\";mso-bidi-font-family:Calibri;\nmso-bidi-theme-font:minor-latin;color:#1D2129;mso-fareast-language:ES-PE\">Una sombra de dolor y de angustia sacude, en todas las naciones, a los hombres de buena voluntad. Nuestros pueblos no quieren la amenaza de una guerra. Las naciones del mundo est\u00e1n cansadas del fantasma de la destrucci\u00f3n. Creemos en la dignidad de toda vida humana sea cual sea su creencia, nacionalidad o condici\u00f3n.<o:p><\/o:p><\/span><\/p>\n<p class=\"MsoNormal\" style=\"line-height:normal;background:white\"><span style=\"mso-fareast-font-family:\"Times New Roman\";mso-bidi-font-family:Calibri;\nmso-bidi-theme-font:minor-latin;color:#1D2129;mso-fareast-language:ES-PE\">Nada justifica una guerra, menos una religi\u00f3n: \u00abNunca se puede usar el nombre de Dios para justificar la violencia. S\u00f3lo la paz es santa. S\u00f3lo la paz es santa, no la guerra\u00bb, repet\u00eda el Papa Francisco en As\u00eds el 20 de setiembre del 2016.<o:p><\/o:p><\/span><\/p>\n<p class=\"MsoNormal\" style=\"line-height:normal;background:white\"><span style=\"mso-fareast-font-family:\"Times New Roman\";mso-bidi-font-family:Calibri;\nmso-bidi-theme-font:minor-latin;color:#1D2129;mso-fareast-language:ES-PE\">Estamos convencidos y hacemos nuestra la afirmaci\u00f3n del Papa Francisco: \u00abLa violencia no es la soluci\u00f3n para nuestro mundo fragmentado. Responder con violencia a la violencia lleva, en el mejor de los casos, a la emigraci\u00f3n forzada y a un enorme sufrimiento&#8230; de la gran mayor\u00eda de los habitantes del mundo. En el peor de los casos, lleva a la muerte f\u00edsica y espiritual de muchos, si no es de todos\u00bb.<o:p><\/o:p><\/span><\/p>\n<p class=\"MsoNormal\" style=\"line-height:normal;background:white\"><span style=\"mso-fareast-font-family:\"Times New Roman\";mso-bidi-font-family:Calibri;\nmso-bidi-theme-font:minor-latin;color:#1D2129;mso-fareast-language:ES-PE\">El compromiso por la paz es tarea de todos. Por eso, desde la oraci\u00f3n y la acci\u00f3n, \u00abLa Iglesia Cat\u00f3lica acompa\u00f1ar\u00e1 todo tentativo de construcci\u00f3n de la paz tambi\u00e9n con la no violencia activa y creativa\u00bb, construyendo y defendiendo: \u00ablos inconmensurables bienes de la justicia, la paz y la protecci\u00f3n de la creaci\u00f3n\u00bb [1]. Porque, Todos deseamos la paz.<o:p><\/o:p><\/span><\/p>\n<p class=\"MsoNormal\" style=\"line-height:normal;background:white\"><span style=\"mso-fareast-font-family:\"Times New Roman\";mso-bidi-font-family:Calibri;\nmso-bidi-theme-font:minor-latin;color:#1D2129;mso-fareast-language:ES-PE\">Invitamos a todos los hombres de buena voluntad y de modo especial a quienes creemos en la fuerza de la oraci\u00f3n a elevar nuestras plegarias, por las v\u00edctimas inocentes de las guerras, por quienes toman las decisiones y pueden detenerla y para que Dios nos conceda el don de la paz.<o:p><\/o:p><\/span><\/p>\n<p class=\"MsoNormal\" align=\"center\" style=\"text-align:center;line-height:normal;\nbackground:white\"><b style=\"mso-bidi-font-weight:normal\"><span style=\"mso-fareast-font-family:\"Times New Roman\";mso-bidi-font-family:Calibri;\nmso-bidi-theme-font:minor-latin;color:#1D2129;mso-fareast-language:ES-PE\">La Presidencia<br \/>\nConferencia Episcopal Peruana<o:p><\/o:p><\/span><\/b><\/p>\n<p class=\"MsoNormal\" style=\"line-height:normal;background:white\"><span style=\"mso-fareast-font-family:\"Times New Roman\";mso-bidi-font-family:Calibri;\nmso-bidi-theme-font:minor-latin;color:#1D2129;mso-fareast-language:ES-PE\">______________________<o:p><\/o:p><\/span><\/p>\n<p class=\"MsoNormal\" style=\"line-height:normal;background:white\"><i style=\"mso-bidi-font-style:normal\"><span style=\"font-size:9.0pt;mso-fareast-font-family:\n\"Times New Roman\";mso-bidi-font-family:Calibri;mso-bidi-theme-font:minor-latin;\ncolor:#1D2129;mso-fareast-language:ES-PE\">(1) Carta apost\u00f3lica en forma de \u00abMotu Proprio\u00bb con la que se instituye el Dicasterio para el Servicio del Desarrollo Humano Integral (17 agosto 2016).<o:p><\/o:p><\/span><\/i><\/p>\n<p><a href=\"http:\/\/web.hilo.org.pe\/wp-content\/uploads\/OracionPaz web.jpg\" target=\"_blank\" rel=\"noopener\">Ver archivo adjunto<\/a><\/p>\n","protected":false},"excerpt":{"rendered":"<p>\u00abBienaventurados los que trabajan por la paz, porque ellos ser\u00e1n llamados hijos de Dios\u00bb. (Mt 5,9)<\/p>\n<p>Una sombra de dolor y de angustia sacude, en todas las naciones, a los hombres de buena voluntad. Nuestros pueblos no quieren la amenaza de una guerra. Las naciones del mundo est\u00e1n cansadas del fantasma de la destrucci\u00f3n. Creemos en la dignidad de toda vida humana sea cual sea su creencia, nacionalidad o condici\u00f3n.<\/p>\n","protected":false},"author":1,"featured_media":0,"comment_status":"closed","ping_status":"closed","sticky":false,"template":"","format":"standard","meta":{"footnotes":""},"categories":[9],"tags":[],"class_list":["post-3059","post","type-post","status-publish","format-standard","hentry","category-noticias"],"_links":{"self":[{"href":"https:\/\/ceas.org.pe\/index.php\/wp-json\/wp\/v2\/posts\/3059","targetHints":{"allow":["GET"]}}],"collection":[{"href":"https:\/\/ceas.org.pe\/index.php\/wp-json\/wp\/v2\/posts"}],"about":[{"href":"https:\/\/ceas.org.pe\/index.php\/wp-json\/wp\/v2\/types\/post"}],"author":[{"embeddable":true,"href":"https:\/\/ceas.org.pe\/index.php\/wp-json\/wp\/v2\/users\/1"}],"replies":[{"embeddable":true,"href":"https:\/\/ceas.org.pe\/index.php\/wp-json\/wp\/v2\/comments?post=3059"}],"version-history":[{"count":1,"href":"https:\/\/ceas.org.pe\/index.php\/wp-json\/wp\/v2\/posts\/3059\/revisions"}],"predecessor-version":[{"id":6159,"href":"https:\/\/ceas.org.pe\/index.php\/wp-json\/wp\/v2\/posts\/3059\/revisions\/6159"}],"wp:attachment":[{"href":"https:\/\/ceas.org.pe\/index.php\/wp-json\/wp\/v2\/media?parent=3059"}],"wp:term":[{"taxonomy":"category","embeddable":true,"href":"https:\/\/ceas.org.pe\/index.php\/wp-json\/wp\/v2\/categories?post=3059"},{"taxonomy":"post_tag","embeddable":true,"href":"https:\/\/ceas.org.pe\/index.php\/wp-json\/wp\/v2\/tags?post=3059"}],"curies":[{"name":"wp","href":"https:\/\/api.w.org\/{rel}","templated":true}]}}