{"id":3058,"date":"2018-04-11T14:10:28","date_gmt":"2018-04-11T14:10:28","guid":{"rendered":""},"modified":"2026-03-11T09:11:58","modified_gmt":"2026-03-11T14:11:58","slug":"vaticano-publica-exhortacion-del-papa-francisco-gaudete-et-exsultate","status":"publish","type":"post","link":"https:\/\/ceas.org.pe\/index.php\/2018\/04\/11\/vaticano-publica-exhortacion-del-papa-francisco-gaudete-et-exsultate\/","title":{"rendered":"Vaticano publica Exhortaci\u00f3n del Papa Francisco: Gaudete et exsultate"},"content":{"rendered":"<p class=\"MsoNormal\" align=\"center\" style=\"margin-bottom:0cm;margin-bottom:.0001pt;\ntext-align:center;line-height:normal;background:white\"><b style=\"mso-bidi-font-weight:\nnormal\"><span style=\"mso-fareast-font-family:\"Times New Roman\";mso-bidi-font-family:\nCalibri;mso-bidi-theme-font:minor-latin;color:#222222;mso-fareast-language:\nES-PE\">Vaticano publica Exhortaci\u00f3n del Papa Francisco: \u201cGaudete et exsultate\u201d, sobre el llamado a la santidad en el mundo actual<o:p><\/o:p><\/span><\/b><\/p>\n<p class=\"MsoNormal\" style=\"margin-bottom:0cm;margin-bottom:.0001pt;line-height:\nnormal;background:white\"><span style=\"mso-fareast-font-family:\"Times New Roman\";\nmso-bidi-font-family:Calibri;mso-bidi-theme-font:minor-latin;color:#222222;\nmso-fareast-language:ES-PE\"><o:p>\u00a0<\/o:p><\/span><\/p>\n<p class=\"MsoNormal\" style=\"margin-bottom:0cm;margin-bottom:.0001pt;text-align:\njustify;line-height:normal;background:white\"><span style=\"mso-fareast-font-family:\n\"Times New Roman\";mso-bidi-font-family:Calibri;mso-bidi-theme-font:minor-latin;\ncolor:#222222;mso-fareast-language:ES-PE\">\u2022 El <i style=\"mso-bidi-font-style:\nnormal\">Papa Francisco dirige esta exhortaci\u00f3n a personas como t\u00fa, a los que trabajan, a los que aceptan los desaf\u00edos y riesgos, a los ancianos y religiosos.<o:p><\/o:p><\/i><\/span><\/p>\n<p class=\"MsoNormal\" style=\"margin-bottom:0cm;margin-bottom:.0001pt;text-align:\njustify;line-height:normal;background:white\"><i style=\"mso-bidi-font-style:\nnormal\"><span style=\"mso-fareast-font-family:\"Times New Roman\";mso-bidi-font-family:\nCalibri;mso-bidi-theme-font:minor-latin;color:#222222;mso-fareast-language:\nES-PE\">\u2022 Conferencia Episcopal Peruana se suma a la publicaci\u00f3n de este documento en su p\u00e1gina web.<o:p><\/o:p><\/span><\/i><\/p>\n<p class=\"MsoNormal\" style=\"margin-bottom:0cm;margin-bottom:.0001pt;text-align:\njustify;line-height:normal;background:white\"><span style=\"mso-fareast-font-family:\n\"Times New Roman\";mso-bidi-font-family:Calibri;mso-bidi-theme-font:minor-latin;\ncolor:#222222;mso-fareast-language:ES-PE\"><o:p>\u00a0<\/o:p><\/span><\/p>\n<p class=\"MsoNormal\" style=\"margin-bottom:0cm;margin-bottom:.0001pt;text-align:\njustify;line-height:normal;background:white\"><span style=\"mso-fareast-font-family:\n\"Times New Roman\";mso-bidi-font-family:Calibri;mso-bidi-theme-font:minor-latin;\ncolor:#222222;mso-fareast-language:ES-PE\">El 09 de abril, el Vaticano, hizo p\u00fablica la exhortaci\u00f3n apost\u00f3lica \u201cGaudete et exsultate\u201d de autor\u00eda del Papa Francisco, que tiene como objetivo hacer un llamado para que cada una de las personas pueda alcanzar la santidad, desde su perspectiva personal y de buen cristiano en el actual contexto, y a trav\u00e9s de las bienaventuranzas dejadas por Jes\u00fas.\u00a0<o:p><\/o:p><\/span><\/p>\n<p class=\"MsoNormal\" style=\"margin-bottom:0cm;margin-bottom:.0001pt;text-align:\njustify;line-height:normal;background:white\"><span style=\"mso-fareast-font-family:\n\"Times New Roman\";mso-bidi-font-family:Calibri;mso-bidi-theme-font:minor-latin;\ncolor:#222222;mso-fareast-language:ES-PE\"><o:p>\u00a0<\/o:p><\/span><\/p>\n<p class=\"MsoNormal\" style=\"margin-bottom:0cm;margin-bottom:.0001pt;text-align:\njustify;line-height:normal;background:white\"><span style=\"mso-fareast-font-family:\n\"Times New Roman\";mso-bidi-font-family:Calibri;mso-bidi-theme-font:minor-latin;\ncolor:#222222;mso-fareast-language:ES-PE\">Este documento, el tercero del pontificado del Papa Francisco, ha sido divulgado en cinco cap\u00edtulos y bajo los siguientes t\u00edtulos: \u00abEl Llamado a la santidad\u00bb; \u00abDos sutiles enemigos de la santidad\u00bb; \u00abA la luz del Maestro\u00bb; \u00abAlgunas notas de la santidad en el mundo actual\u00bb y \u00abCombate, vigilancia y discernimiento\u00bb<o:p><\/o:p><\/span><\/p>\n<p class=\"MsoNormal\" style=\"margin-bottom:0cm;margin-bottom:.0001pt;text-align:\njustify;line-height:normal;background:white\"><span style=\"mso-fareast-font-family:\n\"Times New Roman\";mso-bidi-font-family:Calibri;mso-bidi-theme-font:minor-latin;\ncolor:#222222;mso-fareast-language:ES-PE\"><o:p>\u00a0<\/o:p><\/span><\/p>\n<p class=\"MsoNormal\" style=\"margin-bottom:0cm;margin-bottom:.0001pt;text-align:\njustify;line-height:normal;background:white\"><span style=\"mso-fareast-font-family:\n\"Times New Roman\";mso-bidi-font-family:Calibri;mso-bidi-theme-font:minor-latin;\ncolor:#222222;mso-fareast-language:ES-PE\">La exhortaci\u00f3n, firmada por Su Santidad el pasado 18 de marzo y que sale a la luz en el sexto a\u00f1o de su pontificado ha sido publicada oficialmente en ocho idiomas: espa\u00f1ol, italiano, franc\u00e9s, ingl\u00e9s, portugu\u00e9s, alem\u00e1n, polaco y \u00e1rabe y ya se encuentra disponible en la p\u00e1gina electr\u00f3nica del Vaticano:\u00a0<o:p><\/o:p><\/span><\/p>\n<p class=\"MsoNormal\" style=\"margin-bottom:0cm;margin-bottom:.0001pt;text-align:\njustify;line-height:normal;background:white\"><span style=\"mso-bidi-font-family:\nCalibri;mso-bidi-theme-font:minor-latin\"><a href=\"http:\/\/w2.vatican.va\/content\/francesco\/es\/events\/event.dir.html\/content\/vaticanevents\/es\/2018\/4\/9\/gaudete-et-exsultate.html\" target=\"_blank\"><span style=\"mso-fareast-font-family:\"Times New Roman\";\ncolor:#1155CC;mso-fareast-language:ES-PE\">http:\/\/w2.vatican.va\/content\/francesco\/es\/events\/event.dir.html\/content\/vaticanevents\/es\/2018\/4\/9\/gaudete-et-exsultate.html<\/span><\/a><\/span><span style=\"mso-fareast-font-family:\"Times New Roman\";mso-bidi-font-family:Calibri;\nmso-bidi-theme-font:minor-latin;color:#222222;mso-fareast-language:ES-PE\"><o:p><\/o:p><\/span><\/p>\n<p class=\"MsoNormal\" style=\"margin-bottom:0cm;margin-bottom:.0001pt;text-align:\njustify;line-height:normal;background:white\"><span style=\"mso-fareast-font-family:\n\"Times New Roman\";mso-bidi-font-family:Calibri;mso-bidi-theme-font:minor-latin;\ncolor:#222222;mso-fareast-language:ES-PE\"><o:p>\u00a0<\/o:p><\/span><\/p>\n<p class=\"MsoNormal\" style=\"margin-bottom:0cm;margin-bottom:.0001pt;text-align:\njustify;line-height:normal;background:white\"><span style=\"mso-fareast-font-family:\n\"Times New Roman\";mso-bidi-font-family:Calibri;mso-bidi-theme-font:minor-latin;\ncolor:#222222;mso-fareast-language:ES-PE\">La Exhortaci\u00f3n\u00a0<o:p><\/o:p><\/span><\/p>\n<p class=\"MsoNormal\" style=\"margin-bottom:0cm;margin-bottom:.0001pt;text-align:\njustify;line-height:normal;background:white\"><span style=\"mso-fareast-font-family:\n\"Times New Roman\";mso-bidi-font-family:Calibri;mso-bidi-theme-font:minor-latin;\ncolor:#222222;mso-fareast-language:ES-PE\">En esta exhortaci\u00f3n, que contiene 40 p\u00e1ginas, Francisco insta, en primera persona, a no ignorar los sufrimientos ni las injusticias de este mundo, a defender el compromiso de los inmigrantes y de los menos favorecidos.<o:p><\/o:p><\/span><\/p>\n<p class=\"MsoNormal\" style=\"margin-bottom:0cm;margin-bottom:.0001pt;text-align:\njustify;line-height:normal;background:white\"><span style=\"mso-fareast-font-family:\n\"Times New Roman\";mso-bidi-font-family:Calibri;mso-bidi-theme-font:minor-latin;\ncolor:#222222;mso-fareast-language:ES-PE\">De igual manera, convoca a la poblaci\u00f3n mundial a defender al ni\u00f1o que est\u00e1 por nacer, pero tambi\u00e9n a proteger las personas que ya se encuentran en este mundo y est\u00e1n abandonados o descartados.\u00a0<o:p><\/o:p><\/span><\/p>\n<p class=\"MsoNormal\" style=\"margin-bottom:0cm;margin-bottom:.0001pt;text-align:\njustify;line-height:normal;background:white\"><span style=\"mso-fareast-font-family:\n\"Times New Roman\";mso-bidi-font-family:Calibri;mso-bidi-theme-font:minor-latin;\ncolor:#222222;mso-fareast-language:ES-PE\">As\u00edmismo, otro de los aspectos que previene y\u00a0aborda el Pont\u00edfice en este documento est\u00e1 referido al peligro y \u201catontamiento\u201d que pueden causar las redes sociales, mal utilizadas, y de la actual violencia virtual que se vive a trav\u00e9s de la Red.<o:p><\/o:p><\/span><\/p>\n<p class=\"MsoNormal\" style=\"margin-bottom:0cm;margin-bottom:.0001pt;text-align:\njustify;line-height:normal;background:white\"><span style=\"mso-fareast-font-family:\n\"Times New Roman\";mso-bidi-font-family:Calibri;mso-bidi-theme-font:minor-latin;\ncolor:#222222;mso-fareast-language:ES-PE\"><o:p>\u00a0<\/o:p><\/span><\/p>\n<p class=\"MsoNormal\" style=\"margin-bottom:0cm;margin-bottom:.0001pt;text-align:\njustify;line-height:normal;background:white\"><span style=\"mso-fareast-font-family:\n\"Times New Roman\";mso-bidi-font-family:Calibri;mso-bidi-theme-font:minor-latin;\ncolor:#222222;mso-fareast-language:ES-PE\">Los mensajes que Su Santidad imprime en este documento son diversos, sin embargo, todos apuntan a demostrar que, actuando como buenos cristianos, con amor, de manera cotidiana y transparente hacia nuestro pr\u00f3jimo, podemos ser santos.<o:p><\/o:p><\/span><\/p>\n<p class=\"MsoNormal\" style=\"margin-bottom:0cm;margin-bottom:.0001pt;text-align:\njustify;line-height:normal;background:white\"><span style=\"mso-fareast-font-family:\n\"Times New Roman\";mso-bidi-font-family:Calibri;mso-bidi-theme-font:minor-latin;\ncolor:#222222;mso-fareast-language:ES-PE\"><o:p>\u00a0<\/o:p><\/span><\/p>\n<p class=\"MsoNormal\" style=\"margin-bottom:0cm;margin-bottom:.0001pt;text-align:\njustify;line-height:normal;background:white\"><span style=\"mso-fareast-font-family:\n\"Times New Roman\";mso-bidi-font-family:Calibri;mso-bidi-theme-font:minor-latin;\ncolor:#222222;mso-fareast-language:ES-PE\">El llamado a la Santidad<o:p><\/o:p><\/span><\/p>\n<p class=\"MsoNormal\" style=\"margin-bottom:0cm;margin-bottom:.0001pt;text-align:\njustify;line-height:normal;background:white\"><span style=\"mso-fareast-font-family:\n\"Times New Roman\";mso-bidi-font-family:Calibri;mso-bidi-theme-font:minor-latin;\ncolor:#222222;mso-fareast-language:ES-PE\">Para ser santos, dice Francisco, no hay que ser sacerdotes, obispos, o religiosos. Todos podemos ser santos, solamente con plantearnos un objetivo que no evite ignorar los padecimientos del mundo, dejar de lado el consumismo e incorporar a las personas que menos tienen en nuestros entornos y vidas, evitando que \u00e9stas miren desde afuera como se acaba su vida de forma miserable.\u00a0\u00a0<o:p><\/o:p><\/span><\/p>\n<p class=\"MsoNormal\" style=\"margin-bottom:0cm;margin-bottom:.0001pt;text-align:\njustify;line-height:normal;background:white\"><span style=\"mso-fareast-font-family:\n\"Times New Roman\";mso-bidi-font-family:Calibri;mso-bidi-theme-font:minor-latin;\ncolor:#222222;mso-fareast-language:ES-PE\">El Papa Francisco nos impulsa a alcanzar la santidad, luchando d\u00eda a d\u00eda\u00a0contra el diablo, quien a trav\u00e9s de los vicios, el odio, la tristeza y la envidia mella nuestro esp\u00edritu.<o:p><\/o:p><\/span><\/p>\n<p class=\"MsoNormal\" style=\"margin-bottom:0cm;margin-bottom:.0001pt;text-align:\njustify;line-height:normal;background:white\"><span style=\"mso-fareast-font-family:\n\"Times New Roman\";mso-bidi-font-family:Calibri;mso-bidi-theme-font:minor-latin;\ncolor:#222222;mso-fareast-language:ES-PE\">Dice el <b style=\"mso-bidi-font-weight:\nnormal\"><i style=\"mso-bidi-font-style:normal\">Papa \u201cMi humilde objetivo es hacer resonar una vez m\u00e1s el llamado a la santidad, procurando encarnarlo en el contexto actual, con sus riesgos, desaf\u00edos y oportunidades. Porque a cada uno de nosotros el Se\u00f1or nos eligi\u00f3 \u00abpara que fu\u00e9semos santos e irreprochables ante \u00e9l por el amor\u00bb (Ef 1,4).<\/i><\/b><o:p><\/o:p><\/span><\/p>\n<p class=\"MsoNormal\"><span style=\"mso-bidi-font-family:Calibri;mso-bidi-theme-font:\nminor-latin\"><o:p>\u00a0<\/o:p><\/span><\/p>\n<p><a href=\"http:\/\/web.hilo.org.pe\/wp-content\/uploads\/Papa Exhortaci\u00c3\u00b3n web.jpg\" target=\"_blank\" rel=\"noopener\">Ver archivo adjunto<\/a><\/p>\n","protected":false},"excerpt":{"rendered":"<p>El Papa Francisco dirige esta exhortaci\u00f3n a personas como t\u00fa, a los que trabajan, a los que aceptan los desaf\u00edos y riesgos, a los ancianos y religiosos sobre el llamado a la santidad en el mundo actual<\/p>\n","protected":false},"author":1,"featured_media":0,"comment_status":"closed","ping_status":"closed","sticky":false,"template":"","format":"standard","meta":{"footnotes":""},"categories":[9],"tags":[],"class_list":["post-3058","post","type-post","status-publish","format-standard","hentry","category-noticias"],"_links":{"self":[{"href":"https:\/\/ceas.org.pe\/index.php\/wp-json\/wp\/v2\/posts\/3058","targetHints":{"allow":["GET"]}}],"collection":[{"href":"https:\/\/ceas.org.pe\/index.php\/wp-json\/wp\/v2\/posts"}],"about":[{"href":"https:\/\/ceas.org.pe\/index.php\/wp-json\/wp\/v2\/types\/post"}],"author":[{"embeddable":true,"href":"https:\/\/ceas.org.pe\/index.php\/wp-json\/wp\/v2\/users\/1"}],"replies":[{"embeddable":true,"href":"https:\/\/ceas.org.pe\/index.php\/wp-json\/wp\/v2\/comments?post=3058"}],"version-history":[{"count":1,"href":"https:\/\/ceas.org.pe\/index.php\/wp-json\/wp\/v2\/posts\/3058\/revisions"}],"predecessor-version":[{"id":6161,"href":"https:\/\/ceas.org.pe\/index.php\/wp-json\/wp\/v2\/posts\/3058\/revisions\/6161"}],"wp:attachment":[{"href":"https:\/\/ceas.org.pe\/index.php\/wp-json\/wp\/v2\/media?parent=3058"}],"wp:term":[{"taxonomy":"category","embeddable":true,"href":"https:\/\/ceas.org.pe\/index.php\/wp-json\/wp\/v2\/categories?post=3058"},{"taxonomy":"post_tag","embeddable":true,"href":"https:\/\/ceas.org.pe\/index.php\/wp-json\/wp\/v2\/tags?post=3058"}],"curies":[{"name":"wp","href":"https:\/\/api.w.org\/{rel}","templated":true}]}}