{"id":3057,"date":"2018-04-11T14:07:04","date_gmt":"2018-04-11T14:07:04","guid":{"rendered":""},"modified":"2026-03-11T09:11:58","modified_gmt":"2026-03-11T14:11:58","slug":"conferencia-episcopal-peruana-saluda-reunion-de-presidentes-en-cumbre-de-las-americas","status":"publish","type":"post","link":"https:\/\/ceas.org.pe\/index.php\/2018\/04\/11\/conferencia-episcopal-peruana-saluda-reunion-de-presidentes-en-cumbre-de-las-americas\/","title":{"rendered":"CONFERENCIA EPISCOPAL PERUANA SALUDA REUNI\u00d3N DE PRESIDENTES EN CUMBRE DE LAS AM\u00c9RICAS"},"content":{"rendered":"<p class=\"MsoNoSpacing\" align=\"center\" style=\"text-align:center\"><b style=\"mso-bidi-font-weight:normal\"><span style=\"font-size:11.0pt;font-family:\n\"Calibri\",sans-serif;mso-ascii-theme-font:minor-latin;mso-hansi-theme-font:\nminor-latin;mso-bidi-theme-font:minor-latin;color:black\">CONFERENCIA EPISCOPAL PERUANA SALUDA REUNI\u00d3N DE PRESIDENTES EN CUMBRE DE LAS AM\u00c9RICAS PARA TRATAR TEMAS DE GOBERNABILIDAD DEMOCR\u00c1TICA <o:p><\/o:p><\/span><\/b><\/p>\n<p class=\"MsoNoSpacing\"><span style=\"font-size:11.0pt;font-family:\"Calibri\",sans-serif;\nmso-ascii-theme-font:minor-latin;mso-hansi-theme-font:minor-latin;mso-bidi-theme-font:\nminor-latin\"><o:p>\u00a0<\/o:p><\/span><span style=\"font-size:11.0pt;font-family:\"Calibri\",sans-serif;\nmso-ascii-theme-font:minor-latin;mso-hansi-theme-font:minor-latin;mso-bidi-theme-font:\nminor-latin;color:black;mso-themecolor:text1\"><o:p>\u00a0<\/o:p><\/span><\/p>\n<p class=\"MsoNoSpacing\"><i style=\"mso-bidi-font-style:normal\"><span style=\"font-size:11.0pt;font-family:\"Calibri\",sans-serif;mso-ascii-theme-font:\nminor-latin;mso-hansi-theme-font:minor-latin;mso-bidi-theme-font:minor-latin;\ncolor:black;mso-themecolor:text1\">En esta hora crucial que vive el Per\u00fa, en donde debe prevalecer el orden democr\u00e1tico, as\u00ed como un compromiso por parte de todos los sectores, incluyendo el de las comunidades religiosas, \u201csaludamos a los l\u00edderes que participar\u00e1n de esta <span style=\"background:#FCFCFC\">VIII Cumbre de las Am\u00e9ricas<\/span>,<span style=\"mso-spacerun:yes\">\u00a0 <\/span>y que tiene como reto abordar, en el actual contexto que nos afecta, temas como <span style=\"background:#FCFCFC\">el tratamiento de los efectos de la corrupci\u00f3n en la institucionalidad democr\u00e1tica, la gobernabilidad y los objetivos de desarrollo sostenible adoptados por la comunidad internacional en la Agenda 2030 .<o:p><\/o:p><\/span><\/span><\/i><\/p>\n<p class=\"MsoNoSpacing\"><span style=\"font-size:11.0pt;font-family:\"Calibri\",sans-serif;\nmso-ascii-theme-font:minor-latin;mso-hansi-theme-font:minor-latin;mso-bidi-theme-font:\nminor-latin;color:black;mso-themecolor:text1;background:#FCFCFC\"><o:p>\u00a0<\/o:p><\/span><\/p>\n<p class=\"MsoNoSpacing\"><span style=\"font-size:11.0pt;font-family:\"Calibri\",sans-serif;\nmso-ascii-theme-font:minor-latin;mso-hansi-theme-font:minor-latin;mso-bidi-theme-font:\nminor-latin;color:black;mso-themecolor:text1;background:#FCFCFC\">En el marco de este importante encuentro de l\u00edderes, en el cual el Per\u00fa es anfitri\u00f3n, Monse\u00f1or Miguel Cabrejos, presidente de la Conferencia Episcopal Peruana-CEP, precis\u00f3 que tal como lo expres\u00f3 el Papa Francisco, en su visita apost\u00f3lica al pa\u00eds (enero de 2018), la corrupci\u00f3n es evitable, sin embargo debe convocar la transparencia y el compromiso de todos. <o:p><\/o:p><\/span><\/p>\n<p class=\"MsoNoSpacing\"><span style=\"font-size:11.0pt;font-family:\"Calibri\",sans-serif;\nmso-ascii-theme-font:minor-latin;mso-hansi-theme-font:minor-latin;mso-bidi-theme-font:\nminor-latin;color:black;mso-themecolor:text1;background:#FCFCFC\">En ese sentido, los obispos del Per\u00fa aplauden el di\u00e1logo que propiciar\u00e1 cada uno de los temas a discutirse en esta cumbre, los encuentros entere la sociedad civil con los representantes de los gobiernos, los empresarios, los ind\u00edgenas, y los j\u00f3venes<\/span><span style=\"font-size:11.0pt;font-family:\"Calibri\",sans-serif;\nmso-ascii-theme-font:minor-latin;mso-fareast-font-family:\"Times New Roman\";\nmso-hansi-theme-font:minor-latin;mso-bidi-theme-font:minor-latin;color:black;\nmso-themecolor:text1\">, <\/span><span style=\"font-size:11.0pt;font-family:\"Calibri\",sans-serif;\nmso-ascii-theme-font:minor-latin;mso-hansi-theme-font:minor-latin;mso-bidi-theme-font:\nminor-latin;color:black;mso-themecolor:text1;background:#FCFCFC\">debates que sin duda aportar\u00e1n a la adopci\u00f3n de medidas concretas para prevenir, luchar y acabar con este flagelo que amenaza la esperanza y el desarrollo de los pueblos latinoamericanos.<\/span><span style=\"font-size:11.0pt;font-family:\"Calibri\",sans-serif;\nmso-ascii-theme-font:minor-latin;mso-hansi-theme-font:minor-latin;mso-bidi-theme-font:\nminor-latin;color:black;mso-themecolor:text1\"><o:p><\/o:p><\/span><\/p>\n<p class=\"MsoNoSpacing\"><span style=\"font-size:11.0pt;font-family:\"Calibri\",sans-serif;\nmso-ascii-theme-font:minor-latin;mso-hansi-theme-font:minor-latin;mso-bidi-theme-font:\nminor-latin;color:black;mso-themecolor:text1\">En un comunicado, difundido por la CEP en medio de la crisis pol\u00edtica ante la renuncia del ex mandatario de la Rep\u00fablica, Pedro Pablo Kuczynski (22 de marzo de 2018) se <\/span><span lang=\"ES\" style=\"font-size:11.0pt;font-family:\"Calibri\",sans-serif;mso-ascii-theme-font:\nminor-latin;mso-hansi-theme-font:minor-latin;mso-bidi-theme-font:minor-latin;\ncolor:black;mso-themecolor:text1;mso-ansi-language:ES\">hizo un llamado a priorizar \u201cel Bien Com\u00fan antes de los intereses particulares\u00bb, tras<span style=\"mso-spacerun:yes\">\u00a0 <\/span>los sucesos que constataron \u00abun proceso sist\u00e9mico de corrupci\u00f3n causado por el divorcio entre \u00e9tica y pol\u00edtica\u201d.<o:p><\/o:p><\/span><\/p>\n<p class=\"MsoNoSpacing\"><span lang=\"ES\" style=\"font-size:11.0pt;font-family:\"Calibri\",sans-serif;\nmso-ascii-theme-font:minor-latin;mso-hansi-theme-font:minor-latin;mso-bidi-theme-font:\nminor-latin;color:black;mso-themecolor:text1;mso-ansi-language:ES\">Cabe se\u00f1alar que l<\/span><span style=\"font-size:11.0pt;font-family:\"Calibri\",sans-serif;\nmso-ascii-theme-font:minor-latin;mso-hansi-theme-font:minor-latin;mso-bidi-theme-font:\nminor-latin;color:black;mso-themecolor:text1\">a Iglesia Cat\u00f3lica Peruana ha celebrado a trav\u00e9s de sus pronunciamientos el reencuentro del camino del di\u00e1logo y la prudencia, en la verdad y en la justicia, como ense\u00f1a el Papa Francisco: No un<span style=\"mso-spacerun:yes\">\u00a0 <\/span>di\u00e1logo de sordos sino un encuentro con una actitud receptora que acoja sugerencias y comparta inquietudes, que sea un intercambio rec\u00edproco de confianza. (Cf. Papa Francisco, Discurso del 30.06.2017).<o:p><\/o:p><\/span><\/p>\n<p class=\"MsoNoSpacing\"><span style=\"font-size:11.0pt;font-family:\"Calibri\",sans-serif;\nmso-ascii-theme-font:minor-latin;mso-hansi-theme-font:minor-latin;mso-bidi-theme-font:\nminor-latin;color:black\"><o:p>\u00a0<\/o:p><\/span><\/p>\n<p class=\"MsoNoSpacing\" align=\"right\" style=\"text-align:right\"><span style=\"font-size:11.0pt;font-family:\"Calibri\",sans-serif;mso-ascii-theme-font:\nminor-latin;mso-hansi-theme-font:minor-latin;mso-bidi-theme-font:minor-latin\">11 de abril de 2018<o:p><\/o:p><\/span><\/p>\n<p class=\"MsoNoSpacing\"><span style=\"font-size:11.0pt;font-family:\"Calibri\",sans-serif;\nmso-ascii-theme-font:minor-latin;mso-hansi-theme-font:minor-latin;mso-bidi-theme-font:\nminor-latin\"><o:p>\u00a0<\/o:p><\/span><\/p>\n<p class=\"MsoNoSpacing\" align=\"center\" style=\"text-align:center\"><span lang=\"ES\" style=\"font-size:11.0pt;font-family:\"Calibri\",sans-serif;mso-ascii-theme-font:\nminor-latin;mso-hansi-theme-font:minor-latin;mso-bidi-theme-font:minor-latin;\ncolor:black;mso-ansi-language:ES\">Presidencia<o:p><\/o:p><\/span><\/p>\n<p class=\"MsoNoSpacing\" align=\"center\" style=\"text-align:center\"><span lang=\"ES\" style=\"font-size:11.0pt;font-family:\"Calibri\",sans-serif;mso-ascii-theme-font:\nminor-latin;mso-hansi-theme-font:minor-latin;mso-bidi-theme-font:minor-latin;\ncolor:black;mso-ansi-language:ES\">Conferencia Episcopal Peruana<o:p><\/o:p><\/span><\/p>\n<p class=\"MsoNoSpacing\" align=\"center\" style=\"text-align:center\"><span lang=\"ES\" style=\"mso-bidi-font-size:12.0pt;font-family:\"Segoe UI\",sans-serif;color:black;\nmso-ansi-language:ES\"><o:p>\u00a0<\/o:p><\/span><\/p>\n<p><a href=\"http:\/\/web.hilo.org.pe\/wp-content\/uploads\/PRESIDENCIA OBISPOS.jpg\" target=\"_blank\" rel=\"noopener\">Ver archivo adjunto<\/a><\/p>\n","protected":false},"excerpt":{"rendered":"<p>En esta hora crucial que vive el Per\u00fa, en donde debe prevalecer el orden democr\u00e1tico, as\u00ed como un compromiso por parte de todos los sectores, incluyendo el de las comunidades religiosas, \u201csaludamos a los l\u00edderes que participar\u00e1n de esta VIII Cumbre de las Am\u00e9ricas,  y que tiene como reto abordar, en el actual contexto que nos afecta, temas como el tratamiento de los efectos de la corrupci\u00f3n en la institucionalidad democr\u00e1tica, la gobernabilidad y los objetivos de desarrollo sostenible adoptados por la comunidad internacional en la Agenda 2030.<\/p>\n","protected":false},"author":1,"featured_media":0,"comment_status":"closed","ping_status":"closed","sticky":false,"template":"","format":"standard","meta":{"footnotes":""},"categories":[9],"tags":[],"class_list":["post-3057","post","type-post","status-publish","format-standard","hentry","category-noticias"],"_links":{"self":[{"href":"https:\/\/ceas.org.pe\/index.php\/wp-json\/wp\/v2\/posts\/3057","targetHints":{"allow":["GET"]}}],"collection":[{"href":"https:\/\/ceas.org.pe\/index.php\/wp-json\/wp\/v2\/posts"}],"about":[{"href":"https:\/\/ceas.org.pe\/index.php\/wp-json\/wp\/v2\/types\/post"}],"author":[{"embeddable":true,"href":"https:\/\/ceas.org.pe\/index.php\/wp-json\/wp\/v2\/users\/1"}],"replies":[{"embeddable":true,"href":"https:\/\/ceas.org.pe\/index.php\/wp-json\/wp\/v2\/comments?post=3057"}],"version-history":[{"count":1,"href":"https:\/\/ceas.org.pe\/index.php\/wp-json\/wp\/v2\/posts\/3057\/revisions"}],"predecessor-version":[{"id":6162,"href":"https:\/\/ceas.org.pe\/index.php\/wp-json\/wp\/v2\/posts\/3057\/revisions\/6162"}],"wp:attachment":[{"href":"https:\/\/ceas.org.pe\/index.php\/wp-json\/wp\/v2\/media?parent=3057"}],"wp:term":[{"taxonomy":"category","embeddable":true,"href":"https:\/\/ceas.org.pe\/index.php\/wp-json\/wp\/v2\/categories?post=3057"},{"taxonomy":"post_tag","embeddable":true,"href":"https:\/\/ceas.org.pe\/index.php\/wp-json\/wp\/v2\/tags?post=3057"}],"curies":[{"name":"wp","href":"https:\/\/api.w.org\/{rel}","templated":true}]}}