{"id":3055,"date":"2018-04-10T15:30:04","date_gmt":"2018-04-10T15:30:04","guid":{"rendered":""},"modified":"2026-03-11T09:11:58","modified_gmt":"2026-03-11T14:11:58","slug":"foro-interreligioso-de-las-americas","status":"publish","type":"post","link":"https:\/\/ceas.org.pe\/index.php\/2018\/04\/10\/foro-interreligioso-de-las-americas\/","title":{"rendered":"FORO INTERRELIGIOSO DE LAS AMERICAS"},"content":{"rendered":"<p class=\"MsoNormal\" style=\"margin-bottom:0cm;margin-bottom:.0001pt;line-height:\nnormal;mso-layout-grid-align:none;text-autospace:none\"><span lang=\"ES\">El Foro Interreligioso de las Am\u00e9ricas se celebrar\u00e1 en Lima, los d\u00edas 10 y 11 de abril de 2018, en el marco del Foro de Sociedad Civil y Actores Sociales de la VIII Cumbre, con la organizaci\u00f3n del Consejo Interreligioso del Per\u00fa &#8211; Religiones por la Paz, la Universidad Antonio Ruiz de Montoya (UARM), Pro\u00e9tica &#8211; Capitulo Peruano de Transparencia Internacional, el Centro Berkley de Religi\u00f3n, Paz y Asuntos Mundiales de la Universidad de Georgetown, la Alianza Interreligiosa Latinoamericana y Caribe\u00f1a para la Agenda 2030 para el Desarrollo Sostenible, y Religiones por la Paz Am\u00e9rica Latina y el Caribe.<o:p><\/o:p><\/span><\/p>\n<p class=\"MsoNormal\" style=\"margin-bottom: 0.0001pt; line-height: normal; background-image: initial; background-position: initial; background-size: initial; background-repeat: initial; background-attachment: initial; background-origin: initial; background-clip: initial;\"><span lang=\"ES\">\u00a0<\/span><\/p>\n<p><span lang=\"ES\" style=\"font-size: 11pt; font-family: Calibri, sans-serif;\">Con el fin de alcanzar sus recomendaciones y acciones para <\/span><span lang=\"ES\" style=\"font-size: 11pt; font-family: Calibri, sans-serif; color: windowtext;\">mejorar el Sistema Interamericano de Lucha contra la Corrupci\u00f3n y comprometer un rol m\u00e1s activo de las comunidades religiosas en el combate contra la corrupci\u00f3n en los pa\u00edses de la regi\u00f3n es que se desarrollar\u00e1 este Foro Interreligioso de la Am\u00e9ricas los d\u00edas previos a la realizaci\u00f3n de la VIII Cumbre de las Am\u00e9ricas.<\/span>\u00a0<\/p>\n<p><a href=\"http:\/\/web.hilo.org.pe\/wp-content\/uploads\/BANDEROLA AUDITORIO HORIZONTAL web.jpg\" target=\"_blank\" rel=\"noopener\">Ver archivo adjunto<\/a><\/p>\n","protected":false},"excerpt":{"rendered":"<p>FORO INTERRELIGIOSO DE LAS AMERICAS<br \/>\nEN LA VIII CUMBRE DE LAS AMERICAS<br \/>\n\u201cGOBERNABILIDAD DEMOCRATICA FRENTE A LA CORRUPCION\u201d<br \/>\nLIMA, 10 Y 11 DE ABRIL DE 2018<\/p>\n","protected":false},"author":1,"featured_media":0,"comment_status":"closed","ping_status":"closed","sticky":false,"template":"","format":"standard","meta":{"footnotes":""},"categories":[9],"tags":[],"class_list":["post-3055","post","type-post","status-publish","format-standard","hentry","category-noticias"],"_links":{"self":[{"href":"https:\/\/ceas.org.pe\/index.php\/wp-json\/wp\/v2\/posts\/3055","targetHints":{"allow":["GET"]}}],"collection":[{"href":"https:\/\/ceas.org.pe\/index.php\/wp-json\/wp\/v2\/posts"}],"about":[{"href":"https:\/\/ceas.org.pe\/index.php\/wp-json\/wp\/v2\/types\/post"}],"author":[{"embeddable":true,"href":"https:\/\/ceas.org.pe\/index.php\/wp-json\/wp\/v2\/users\/1"}],"replies":[{"embeddable":true,"href":"https:\/\/ceas.org.pe\/index.php\/wp-json\/wp\/v2\/comments?post=3055"}],"version-history":[{"count":1,"href":"https:\/\/ceas.org.pe\/index.php\/wp-json\/wp\/v2\/posts\/3055\/revisions"}],"predecessor-version":[{"id":6163,"href":"https:\/\/ceas.org.pe\/index.php\/wp-json\/wp\/v2\/posts\/3055\/revisions\/6163"}],"wp:attachment":[{"href":"https:\/\/ceas.org.pe\/index.php\/wp-json\/wp\/v2\/media?parent=3055"}],"wp:term":[{"taxonomy":"category","embeddable":true,"href":"https:\/\/ceas.org.pe\/index.php\/wp-json\/wp\/v2\/categories?post=3055"},{"taxonomy":"post_tag","embeddable":true,"href":"https:\/\/ceas.org.pe\/index.php\/wp-json\/wp\/v2\/tags?post=3055"}],"curies":[{"name":"wp","href":"https:\/\/api.w.org\/{rel}","templated":true}]}}