{"id":3054,"date":"2018-04-06T17:32:40","date_gmt":"2018-04-06T17:32:40","guid":{"rendered":""},"modified":"2026-03-11T09:11:58","modified_gmt":"2026-03-11T14:11:58","slug":"gaudete-et-exsultate-la-nueva-exhortacion-apostolica-del-papa-francisco","status":"publish","type":"post","link":"https:\/\/ceas.org.pe\/index.php\/2018\/04\/06\/gaudete-et-exsultate-la-nueva-exhortacion-apostolica-del-papa-francisco\/","title":{"rendered":"Gaudete et Exsultate: La nueva Exhortaci\u00f3n Apost\u00f3lica del Papa Francisco"},"content":{"rendered":"<p class=\"MsoNormal\" style=\"text-align:justify;line-height:normal;background:\nwhite\"><span style=\"mso-fareast-font-family:\"Times New Roman\";mso-bidi-font-family:\nCalibri;mso-bidi-theme-font:minor-latin;color:black;mso-themecolor:text1;\nmso-fareast-language:ES-PE\">Este lunes 9 de abril, a las 12:15 horas (Roma) en la Oficina de Prensa de la Santa Sede, tendr\u00e1 lugar la presentaci\u00f3n de la Exhortaci\u00f3n Apost\u00f3lica del Santo Padre Francisco \u201cGaudete et Exsultate\u201d, sobre la llamada a la santidad en el mundo contempor\u00e1neo.<o:p><\/o:p><\/span><\/p>\n<p class=\"MsoNormal\" style=\"text-align:justify;line-height:normal;background:\nwhite\"><span style=\"mso-fareast-font-family:\"Times New Roman\";mso-bidi-font-family:\nCalibri;mso-bidi-theme-font:minor-latin;color:black;mso-themecolor:text1;\nmso-fareast-language:ES-PE\">El documento ser\u00e1 presentado por: Monse\u00f1or \u00c1ngelo De Donatis, Vicario General de Su Santidad para la di\u00f3cesis de Roma; Gianni Valente, periodista; y Paola Bignardi, de Acci\u00f3n Cat\u00f3lica.<o:p><\/o:p><\/span><\/p>\n<p class=\"MsoNormal\" style=\"text-align:justify;line-height:normal;background:\nwhite\"><span style=\"mso-fareast-font-family:\"Times New Roman\";mso-bidi-font-family:\nCalibri;mso-bidi-theme-font:minor-latin;color:black;mso-themecolor:text1;\nmso-fareast-language:ES-PE\">\u201cGaudete et Exsultate\u201d es la tercera Exhortaci\u00f3n Apost\u00f3lica del pontificado del Papa Francisco, despu\u00e9s de la \u201cEvangelii Gaudium\u201d sobre el anuncio del Evangelio en el mundo actual, publicada el 24 de noviembre de 2013, y \u201cAmoris laetitia\u201d sobre el amor en la familia, publicada el 19 de marzo de 2016.<o:p><\/o:p><\/span><\/p>\n<p class=\"MsoNormal\" style=\"text-align:justify;line-height:normal\"><span style=\"mso-bidi-font-family:Calibri;mso-bidi-theme-font:minor-latin;color:black;\nmso-themecolor:text1\"><o:p>\u00a0<\/o:p><\/span><\/p>\n<p class=\"MsoNormal\" style=\"margin-bottom:0cm;margin-bottom:.0001pt;text-align:\njustify;line-height:normal;background:white\"><em><span style=\"mso-bidi-font-family:\nCalibri;mso-bidi-theme-font:minor-latin;color:black;mso-themecolor:text1\">Tomado de: <\/span><\/em><span style=\"mso-fareast-font-family:\"Times New Roman\";mso-bidi-font-family:\nCalibri;mso-bidi-theme-font:minor-latin;color:black;mso-themecolor:text1;\ntext-transform:uppercase;mso-fareast-language:ES-PE\"><a href=\"https:\/\/www.facebook.com\/confepiscopalperu\/\" target=\"_blank\"><em><span style=\"color:black;mso-themecolor:text1;text-decoration:none;text-underline:\nnone\">CONFERENCIA EPISCOPAL PERUANA<\/span><\/em><\/a><em>. 05\/04\/2018.<\/em><o:p><\/o:p><\/span><\/p>\n<p><a href=\"http:\/\/web.hilo.org.pe\/wp-content\/uploads\/Nueva exhortaci\u00c3\u00b3n del PAPA.jpg\" target=\"_blank\" rel=\"noopener\">Ver archivo adjunto<\/a><\/p>\n","protected":false},"excerpt":{"rendered":"<p>La nueva Exhortaci\u00f3n Apost\u00f3lica sobre la llamada a la santidad en el mundo contempor. Se estar\u00e1 presentando este lunes 9 de abril en la Oficina de Prensa de la Santa Sede.<\/p>\n","protected":false},"author":1,"featured_media":0,"comment_status":"closed","ping_status":"closed","sticky":false,"template":"","format":"standard","meta":{"footnotes":""},"categories":[9],"tags":[],"class_list":["post-3054","post","type-post","status-publish","format-standard","hentry","category-noticias"],"_links":{"self":[{"href":"https:\/\/ceas.org.pe\/index.php\/wp-json\/wp\/v2\/posts\/3054","targetHints":{"allow":["GET"]}}],"collection":[{"href":"https:\/\/ceas.org.pe\/index.php\/wp-json\/wp\/v2\/posts"}],"about":[{"href":"https:\/\/ceas.org.pe\/index.php\/wp-json\/wp\/v2\/types\/post"}],"author":[{"embeddable":true,"href":"https:\/\/ceas.org.pe\/index.php\/wp-json\/wp\/v2\/users\/1"}],"replies":[{"embeddable":true,"href":"https:\/\/ceas.org.pe\/index.php\/wp-json\/wp\/v2\/comments?post=3054"}],"version-history":[{"count":1,"href":"https:\/\/ceas.org.pe\/index.php\/wp-json\/wp\/v2\/posts\/3054\/revisions"}],"predecessor-version":[{"id":6164,"href":"https:\/\/ceas.org.pe\/index.php\/wp-json\/wp\/v2\/posts\/3054\/revisions\/6164"}],"wp:attachment":[{"href":"https:\/\/ceas.org.pe\/index.php\/wp-json\/wp\/v2\/media?parent=3054"}],"wp:term":[{"taxonomy":"category","embeddable":true,"href":"https:\/\/ceas.org.pe\/index.php\/wp-json\/wp\/v2\/categories?post=3054"},{"taxonomy":"post_tag","embeddable":true,"href":"https:\/\/ceas.org.pe\/index.php\/wp-json\/wp\/v2\/tags?post=3054"}],"curies":[{"name":"wp","href":"https:\/\/api.w.org\/{rel}","templated":true}]}}