{"id":3053,"date":"2018-04-06T17:25:05","date_gmt":"2018-04-06T17:25:05","guid":{"rendered":""},"modified":"2026-03-11T09:11:58","modified_gmt":"2026-03-11T14:11:58","slug":"caminando-la-palabra-planifican-comunicaciones-del-proximo-ix-foro-social-panamazonico","status":"publish","type":"post","link":"https:\/\/ceas.org.pe\/index.php\/2018\/04\/06\/caminando-la-palabra-planifican-comunicaciones-del-proximo-ix-foro-social-panamazonico\/","title":{"rendered":"Caminando la palabra: Planifican comunicaciones del pr\u00f3ximo IX Foro Social Panamaz\u00f3nico"},"content":{"rendered":"<p>Alrededor de una treintena de comunicadores\/as del Foro Panamaz\u00f3nico de Colombia y de Per\u00fa participaron del Taller de transferencia del sistema de comunicaciones desde el VIII Foro Social Panamz\u00f3nico, realizado en Per\u00fa en abril y mayo pasados, hacia el IX encuentro internacional, a realizarse en Mocoa, Colombia en octubre de 2019.<\/p>\n<p class=\"MsoNormal\" style=\"line-height: normal; background-image: initial; background-position: initial; background-size: initial; background-repeat: initial; background-attachment: initial; background-origin: initial; background-clip: initial; vertical-align: baseline;\"><o:p><\/o:p><\/p>\n<p class=\"MsoNormal\" style=\"line-height: normal; background-image: initial; background-position: initial; background-size: initial; background-repeat: initial; background-attachment: initial; background-origin: initial; background-clip: initial; vertical-align: baseline;\">Entre otros\/as, particip\u00f3 un equipo de tres comunicadores\/as peruanos\/as (<a href=\"http:\/\/www.psf.org.pe\/institucional\/\" target=\"_blank\"><b><span style=\"color: black; border: 1pt none windowtext; padding: 0cm; text-decoration-line: none;\">Forum Solidaridad Per\u00fa<\/span><\/b><\/a>,\u00a0<a href=\"http:\/\/conexionvida.net.pe\/\" target=\"_blank\"><b><span style=\"color: black; border: 1pt none windowtext; padding: 0cm; text-decoration-line: none;\">Radio Conexi\u00f3n Vida<\/span><\/b><\/a>\u00a0y\u00a0<a href=\"http:\/\/www.comunicacionesaliadas.com\/\" target=\"_blank\"><b><span style=\"color: black; border: 1pt none windowtext; padding: 0cm; text-decoration-line: none;\">Comunicaciones Aliadas<\/span><\/b><\/a>); representantes de las organizaciones del Comit\u00e9 Nacional Colombia (<a href=\"http:\/\/asociacionminga.org\/\" target=\"_blank\"><b><span style=\"color: black; border: 1pt none windowtext; padding: 0cm; text-decoration-line: none;\">Asociaci\u00f3n Minga<\/span><\/b><\/a>,\u00a0<a href=\"http:\/\/censat.org\/\" target=\"_blank\"><b><span style=\"color: black; border: 1pt none windowtext; padding: 0cm; text-decoration-line: none;\">Censat Agua Viva<\/span><\/b><\/a>,\u00a0<a href=\"http:\/\/ciase.org\/\" target=\"_blank\"><b><span style=\"color: black; border: 1pt none windowtext; padding: 0cm; text-decoration-line: none;\">Ciase<\/span><\/b><\/a>,\u00a0<a href=\"http:\/\/www.uniamazonia.edu.co\/v10\/\" target=\"_blank\"><b><span style=\"color: black; border: 1pt none windowtext; padding: 0cm; text-decoration-line: none;\">Universidad de la Amazon\u00eda<\/span><\/b><\/a>, entre otras); radialistas de la\u00a0<a href=\"https:\/\/www.aler.org\/\" target=\"_blank\"><b><span style=\"color: black; border: 1pt none windowtext; padding: 0cm; text-decoration-line: none;\">Red Aler<\/span><\/b><\/a>\u00a0(<a href=\"http:\/\/www.grupocomunicarte.org\/\" target=\"_blank\"><b><span style=\"color: black; border: 1pt none windowtext; padding: 0cm; text-decoration-line: none;\">Comuncarte<\/span><\/b><\/a>,\u00a0<a href=\"http:\/\/redamazonica.org\/\" target=\"_blank\"><b><span style=\"color: black; border: 1pt none windowtext; padding: 0cm; text-decoration-line: none;\">Repam<\/span><\/b><\/a>, etc.) y cont\u00f3 con una fuerte presencia de comunicadores\/as ind\u00edgenas comunitarios\/as de Colombia.<o:p><\/o:p><\/p>\n<p class=\"MsoNormal\" style=\"line-height: normal; background-image: initial; background-position: initial; background-size: initial; background-repeat: initial; background-attachment: initial; background-origin: initial; background-clip: initial; vertical-align: baseline;\">Por ello, no fue casual que el espacio f\u00edsico donde se realiz\u00f3 el Taller fuera el local de una de las organizaciones centrales del Comit\u00e9 Nacional Colombia y este Taller, la\u00a0<a href=\"http:\/\/www.onic.org.co\/\" target=\"_blank\"><b><span style=\"color: black; border: 1pt none windowtext; padding: 0cm; text-decoration-line: none;\">Organizaci\u00f3n Nacional Ind\u00edgena de Colombia (ONIC)<\/span><\/b><\/a>\u00a0en el centro de la capital colombiana, en el hist\u00f3rico y universitario barrio de La Candelaria.<o:p><\/o:p><\/p>\n<p class=\"MsoNormal\" style=\"line-height: normal; background-image: initial; background-position: initial; background-size: initial; background-repeat: initial; background-attachment: initial; background-origin: initial; background-clip: initial; vertical-align: baseline;\">Durante dos d\u00edas, el viernes 2 y s\u00e1bado 3 de marzo, se desarrollaron las actividades del Taller, que incluyeron\u00a0 momentos de espiritualidad y convivencia intercultural, as\u00ed como una metodolog\u00eda din\u00e1mica y participativa con diferentes formas de expresi\u00f3n.<o:p><\/o:p><\/p>\n<p class=\"MsoNormal\"><span style=\"background-image: initial; background-position: initial; background-size: initial; background-repeat: initial; background-attachment: initial; background-origin: initial; background-clip: initial;\">El primer d\u00eda estuvo dedicado a la exposici\u00f3n, por parte de los\/as comunicadores\/as peruanos\/as, de la experiencia del sistema de comunicaciones del VIII Foro Panamaz\u00f3nico, con \u00e9nfasis en el concepto de proceso, que incluy\u00f3 la activaci\u00f3n de comit\u00e9s locales y nacionales, la realizaci\u00f3n de pre foros y m\u00faltiples acciones antes, durante y posterior al encuentro internacional en Tarapoto en abril y mayo de 2017.<\/span><o:p><\/o:p><\/p>\n<p class=\"MsoNormal\"><span style=\"background-image: initial; background-position: initial; background-size: initial; background-repeat: initial; background-attachment: initial; background-origin: initial; background-clip: initial;\">El segundo d\u00eda, estuvo destinado a pensar y organizar las comunicaciones del proceso en marcha hacia el IX Foro en Mocoa, Colombia en octubre de 2019. Un an\u00e1lisis de coyuntura amaz\u00f3nico y colombiano dio el marco a las reflexiones y acuerdos colectivos.<\/span><o:p><\/o:p><\/p>\n<p class=\"MsoNormal\"><span style=\"background-image: initial; background-position: initial; background-size: initial; background-repeat: initial; background-attachment: initial; background-origin: initial; background-clip: initial;\">Se hizo un balance de necesidades y capacidades, se estableci\u00f3 un comit\u00e9 coordinador con responsabilidades, se recogieron y procesaron ideas y, finalmente, se elabor\u00f3 un plan de trabajo para transferir las comunicaciones al nuevo equipo anfitri\u00f3n en Colombia.<\/span><o:p><\/o:p><\/p>\n<p class=\"MsoNormal\"><span style=\"background-image: initial; background-position: initial; background-size: initial; background-repeat: initial; background-attachment: initial; background-origin: initial; background-clip: initial;\">En el mismo local de la ONIC se encuentra el estudio de la\u00a0<\/span><a href=\"http:\/\/www.onic.org.co\/media\/dachi-bedea-radio.html\" target=\"_blank\" style=\"font-variant-numeric: inherit; font-variant-east-asian: inherit; font-stretch: inherit; line-height: inherit;\"><b><span style=\"color: black; border: 1pt none windowtext; padding: 0cm; background-image: initial; background-position: initial; background-size: initial; background-repeat: initial; background-attachment: initial; background-origin: initial; background-clip: initial;\">Radio Ind\u00edgena Dachi Bedea Voces de la Madre Tierra<\/span><\/b><\/a><span style=\"background-image: initial; background-position: initial; background-size: initial; background-repeat: initial; background-attachment: initial; background-origin: initial; background-clip: initial;\">, por lo que a lo largo del desarrollo del Taller se realizaron entrevistas a diversos participantes en torno diferentes aspectos del proceso del Foro Social Panamaz\u00f3nico.<o:p><\/o:p><\/span><\/p>\n<p class=\"MsoNormal\"><span style=\"background-image: initial; background-position: initial; background-size: initial; background-repeat: initial; background-attachment: initial; background-origin: initial; background-clip: initial;\">Aprovechando este estudio y la experticia de los\/as comunicadores\/as participantes, durante las actividades se grab\u00f3 un programa especial, dedicado al Taller, de\u00a0<\/span><a href=\"http:\/\/conexionvida.net.pe\/manguare\/\" target=\"_blank\" style=\"font-variant-numeric: inherit; font-variant-east-asian: inherit; font-stretch: inherit; line-height: inherit;\"><b><span style=\"color: black; border: 1pt none windowtext; padding: 0cm; background-image: initial; background-position: initial; background-size: initial; background-repeat: initial; background-attachment: initial; background-origin: initial; background-clip: initial; text-decoration-line: none;\">Manguar\u00e9<\/span><\/b><\/a><span style=\"background-image: initial; background-position: initial; background-size: initial; background-repeat: initial; background-attachment: initial; background-origin: initial; background-clip: initial;\">, el micro despacho radial semanal del Foro Panamaz\u00f3nico.<o:p><\/o:p><\/span><\/p>\n<p class=\"MsoNormal\"><span style=\"background-image: initial; background-position: initial; background-size: initial; background-repeat: initial; background-attachment: initial; background-origin: initial; background-clip: initial;\">Una fraterna alegr\u00eda y el profundo sentido de haber sido escogidos por la Madre Vida para aportar a este proceso del Foro Panamaz\u00f3nico que es parte de su defensa, fueron las sensaciones predominantes de esta corta pero intensa jornada de trabajo y crecimiento. La palabra colectiva del Foro Panamaz\u00f3nico sigue caminando hacia Mocoa, octubre 2019.<\/span><o:p><\/o:p><\/p>\n<p class=\"MsoNormal\"><span style=\"background-image: initial; background-position: initial; background-size: initial; background-repeat: initial; background-attachment: initial; background-origin: initial; background-clip: initial;\">Tomado de: <a href=\"http:\/\/www.forosocialpanamazonico.com\/\"><span style=\"color:black;\nmso-themecolor:text1\">http:\/\/www.forosocialpanamazonico.com\/<\/span><\/a> 06\/04\/2018.<o:p><\/o:p><\/span><\/p>\n<p><a href=\"http:\/\/web.hilo.org.pe\/wp-content\/uploads\/foro PanaAmaz\u00c3\u00b3nico.jpg\" target=\"_blank\" rel=\"noopener\">Ver archivo adjunto<\/a><\/p>\n","protected":false},"excerpt":{"rendered":"<p>Taller de dos d\u00edas en Bogot\u00e1 concluy\u00f3 con un plan ordenado y compartido de transferencia de las comunicaciones oficiales del Foro desde Per\u00fa hacia Colombia.<br \/>\nCoincidi\u00f3 con la campa\u00f1a mundial para exigir justicia por la lidereza ind\u00edgena hondure\u00f1a Berta C\u00e1ceres, asesinada hace dos a\u00f1os, lo que motiv\u00f3 una adhesi\u00f3n plena a la campa\u00f1a por parte de los\/as participantes.<\/p>\n","protected":false},"author":1,"featured_media":0,"comment_status":"closed","ping_status":"closed","sticky":false,"template":"","format":"standard","meta":{"footnotes":""},"categories":[9],"tags":[],"class_list":["post-3053","post","type-post","status-publish","format-standard","hentry","category-noticias"],"_links":{"self":[{"href":"https:\/\/ceas.org.pe\/index.php\/wp-json\/wp\/v2\/posts\/3053","targetHints":{"allow":["GET"]}}],"collection":[{"href":"https:\/\/ceas.org.pe\/index.php\/wp-json\/wp\/v2\/posts"}],"about":[{"href":"https:\/\/ceas.org.pe\/index.php\/wp-json\/wp\/v2\/types\/post"}],"author":[{"embeddable":true,"href":"https:\/\/ceas.org.pe\/index.php\/wp-json\/wp\/v2\/users\/1"}],"replies":[{"embeddable":true,"href":"https:\/\/ceas.org.pe\/index.php\/wp-json\/wp\/v2\/comments?post=3053"}],"version-history":[{"count":1,"href":"https:\/\/ceas.org.pe\/index.php\/wp-json\/wp\/v2\/posts\/3053\/revisions"}],"predecessor-version":[{"id":6165,"href":"https:\/\/ceas.org.pe\/index.php\/wp-json\/wp\/v2\/posts\/3053\/revisions\/6165"}],"wp:attachment":[{"href":"https:\/\/ceas.org.pe\/index.php\/wp-json\/wp\/v2\/media?parent=3053"}],"wp:term":[{"taxonomy":"category","embeddable":true,"href":"https:\/\/ceas.org.pe\/index.php\/wp-json\/wp\/v2\/categories?post=3053"},{"taxonomy":"post_tag","embeddable":true,"href":"https:\/\/ceas.org.pe\/index.php\/wp-json\/wp\/v2\/tags?post=3053"}],"curies":[{"name":"wp","href":"https:\/\/api.w.org\/{rel}","templated":true}]}}