{"id":3051,"date":"2018-04-03T16:39:21","date_gmt":"2018-04-03T16:39:21","guid":{"rendered":""},"modified":"2026-03-11T09:11:58","modified_gmt":"2026-03-11T14:11:58","slug":"escenificacion-del-via-crucis-se-realizo-en-el-establecimiento-penitenciario-de-ica","status":"publish","type":"post","link":"https:\/\/ceas.org.pe\/index.php\/2018\/04\/03\/escenificacion-del-via-crucis-se-realizo-en-el-establecimiento-penitenciario-de-ica\/","title":{"rendered":"Escenificaci\u00f3n del V\u00eda Crucis se realiz\u00f3 en el Establecimiento Penitenciario de Ica"},"content":{"rendered":"<p style=\"margin:0cm;margin-bottom:.0001pt;background:white\"><span style=\"font-size:11.0pt;font-family:\"Calibri\",sans-serif;mso-ascii-theme-font:\nminor-latin;mso-hansi-theme-font:minor-latin;mso-bidi-theme-font:minor-latin;\ncolor:#1D2129\">El Establecimiento Penitenciario de Ica, bajo la direcci\u00f3n del se\u00f1or Jorge Mateo Suyo, en coordinaci\u00f3n con la Pastoral Carcelaria presentaron la puesta en escena del v\u00eda crucis, como parte de las actividades de sensibilizaci\u00f3n cristiana por Semana Santa.<o:p><\/o:p><\/span><\/p>\n<p style=\"margin:0cm;margin-bottom:.0001pt;tab-stops:312.0pt;background:white\"><span style=\"font-size:11.0pt;font-family:\"Calibri\",sans-serif;mso-ascii-theme-font:\nminor-latin;mso-hansi-theme-font:minor-latin;mso-bidi-theme-font:minor-latin;\ncolor:#1D2129\"><span style=\"mso-tab-count:1\">\u00a0\u00a0\u00a0\u00a0\u00a0\u00a0\u00a0\u00a0\u00a0\u00a0\u00a0\u00a0\u00a0\u00a0\u00a0\u00a0\u00a0\u00a0\u00a0\u00a0\u00a0\u00a0\u00a0\u00a0\u00a0\u00a0\u00a0\u00a0\u00a0\u00a0\u00a0\u00a0\u00a0\u00a0\u00a0\u00a0\u00a0\u00a0\u00a0\u00a0\u00a0\u00a0\u00a0\u00a0\u00a0\u00a0\u00a0\u00a0\u00a0\u00a0\u00a0\u00a0\u00a0\u00a0\u00a0\u00a0\u00a0\u00a0\u00a0\u00a0\u00a0\u00a0\u00a0\u00a0\u00a0\u00a0\u00a0\u00a0\u00a0\u00a0\u00a0\u00a0\u00a0\u00a0\u00a0\u00a0\u00a0\u00a0\u00a0\u00a0\u00a0\u00a0\u00a0\u00a0\u00a0\u00a0\u00a0\u00a0\u00a0\u00a0\u00a0\u00a0\u00a0\u00a0\u00a0\u00a0\u00a0\u00a0\u00a0\u00a0\u00a0\u00a0\u00a0\u00a0\u00a0\u00a0\u00a0\u00a0\u00a0\u00a0\u00a0\u00a0\u00a0\u00a0\u00a0\u00a0\u00a0\u00a0\u00a0\u00a0\u00a0\u00a0\u00a0\u00a0\u00a0\u00a0\u00a0\u00a0\u00a0\u00a0\u00a0\u00a0\u00a0\u00a0\u00a0\u00a0\u00a0\u00a0 <\/span><o:p><\/o:p><\/span><\/p>\n<p style=\"margin:0cm;margin-bottom:.0001pt;background:white\"><span style=\"font-size:11.0pt;font-family:\"Calibri\",sans-serif;mso-ascii-theme-font:\nminor-latin;mso-hansi-theme-font:minor-latin;mso-bidi-theme-font:minor-latin;\ncolor:#1D2129\">Esta escenificaci\u00f3n estuvo interpretada por los internos e internas del recinto penal, contando con la participaci\u00f3n de las \u00e1reas de tratamiento y seguridad, quienes acompa\u00f1aron el recorrido por las catorce (14) estaciones; representada cada una por los distintos pabellones, recorrido que estuvo plagado de manifestaciones de fervor cristiano.<o:p><\/o:p><\/span><\/p>\n<p class=\"MsoNormal\"><span style=\"mso-bidi-font-family:Calibri;mso-bidi-theme-font:\nminor-latin;color:black;mso-themecolor:text1\"><br \/>\n<i style=\"mso-bidi-font-style:normal\">Fuente: INPE. 28 de marzo de 2018.<o:p><\/o:p><\/i><\/span><\/p>\n<p><a href=\"http:\/\/web.hilo.org.pe\/wp-content\/uploads\/portada web 100_1718.jpg\" target=\"_blank\" rel=\"noopener\">Ver archivo adjunto<\/a><\/p>\n","protected":false},"excerpt":{"rendered":"<p>El Establecimiento Penitenciario de Ica, bajo la direcci\u00f3n del se\u00f1or Jorge Mateo Suyo, en coordinaci\u00f3n con la Pastoral Carcelaria presentaron la puesta en escena del v\u00eda crucis, como parte de las actividades de sensibilizaci\u00f3n cristiana por Semana Santa.<\/p>\n","protected":false},"author":1,"featured_media":8123,"comment_status":"closed","ping_status":"closed","sticky":false,"template":"","format":"standard","meta":{"footnotes":""},"categories":[9],"tags":[],"class_list":["post-3051","post","type-post","status-publish","format-standard","has-post-thumbnail","hentry","category-noticias"],"_links":{"self":[{"href":"https:\/\/ceas.org.pe\/index.php\/wp-json\/wp\/v2\/posts\/3051","targetHints":{"allow":["GET"]}}],"collection":[{"href":"https:\/\/ceas.org.pe\/index.php\/wp-json\/wp\/v2\/posts"}],"about":[{"href":"https:\/\/ceas.org.pe\/index.php\/wp-json\/wp\/v2\/types\/post"}],"author":[{"embeddable":true,"href":"https:\/\/ceas.org.pe\/index.php\/wp-json\/wp\/v2\/users\/1"}],"replies":[{"embeddable":true,"href":"https:\/\/ceas.org.pe\/index.php\/wp-json\/wp\/v2\/comments?post=3051"}],"version-history":[{"count":1,"href":"https:\/\/ceas.org.pe\/index.php\/wp-json\/wp\/v2\/posts\/3051\/revisions"}],"predecessor-version":[{"id":6169,"href":"https:\/\/ceas.org.pe\/index.php\/wp-json\/wp\/v2\/posts\/3051\/revisions\/6169"}],"wp:featuredmedia":[{"embeddable":true,"href":"https:\/\/ceas.org.pe\/index.php\/wp-json\/wp\/v2\/media\/8123"}],"wp:attachment":[{"href":"https:\/\/ceas.org.pe\/index.php\/wp-json\/wp\/v2\/media?parent=3051"}],"wp:term":[{"taxonomy":"category","embeddable":true,"href":"https:\/\/ceas.org.pe\/index.php\/wp-json\/wp\/v2\/categories?post=3051"},{"taxonomy":"post_tag","embeddable":true,"href":"https:\/\/ceas.org.pe\/index.php\/wp-json\/wp\/v2\/tags?post=3051"}],"curies":[{"name":"wp","href":"https:\/\/api.w.org\/{rel}","templated":true}]}}