{"id":3050,"date":"2018-04-03T15:45:01","date_gmt":"2018-04-03T15:45:01","guid":{"rendered":""},"modified":"2026-03-11T09:11:58","modified_gmt":"2026-03-11T14:11:58","slug":"el-papa-lavo-los-pies-de-12-presos-durante-la-misa-del-jueves-santo","status":"publish","type":"post","link":"https:\/\/ceas.org.pe\/index.php\/2018\/04\/03\/el-papa-lavo-los-pies-de-12-presos-durante-la-misa-del-jueves-santo\/","title":{"rendered":"El Papa lav\u00f3 los pies de 12 presos durante la misa del Jueves Santo"},"content":{"rendered":"<p class=\"paragraph\" style=\"margin-top:0cm;margin-right:0cm;margin-bottom:18.75pt;\nmargin-left:0cm;text-align:justify;line-height:18.0pt;vertical-align:baseline\"><span style=\"font-size: 11pt; font-family: Calibri, sans-serif;\">Durante la Misa de la Cena del Se\u00f1or, el Papa Francisco lav\u00f3 los pies a 12 presos de la c\u00e1rcel romana Regina Coeli. Son 12 hombres de distintas nacionalidades y credos: 4 italianos, 2 filipinos, 2 marroqu\u00edes, un moldavo, un colombiano, un nigeriano y un sierraleon\u00e9s. Ocho de ellos son cat\u00f3licos, dos son musulmanes, uno ortodoxo y uno budista.\u00a0\u00a0\u00a0<o:p><\/o:p><\/span><\/p>\n<p class=\"paragraph\" style=\"margin: 0cm 0cm 18.75pt; text-align: justify; line-height: 18pt; vertical-align: baseline; border-image-outset: 0; border-image-repeat: stretch; border-image-slice: 100%; border-image-source: none; border-image-width: 1; box-sizing: border-box; font-stretch: normal; max-width: 847.02px;\"><span style=\"font-size: 11pt; font-family: Calibri, sans-serif;\">No es la primera vez que el Papa lava los pies de encarcelados en el d\u00eda del amor fraterno. En su primera Semana Santa como Pont\u00edfice, en 2013, tuvo esta ceremonia en la c\u00e1rcel de menores de Casal de Marmo; en 2015 tambi\u00e9n celebr\u00f3 la Misa y el Lavatorio en la c\u00e1rcel de Rebbibia y el a\u00f1o pasado presidi\u00f3 esta ceremonia en la c\u00e1rcel de Paliano.\u00a0\u00a0\u00a0<o:p><\/o:p><\/span><\/p>\n<p class=\"paragraph\" style=\"margin-top:0cm;margin-right:0cm;margin-bottom:18.75pt;\nmargin-left:0cm;text-align:justify;line-height:18.0pt;vertical-align:baseline\"><i><span style=\"font-size: 11pt; font-family: Calibri, sans-serif;\">Tomado de: ROME REPORTS<\/span>. 29 de marzo de 2018.<o:p><\/o:p><\/i><\/p>\n<p>\u00a0<\/p>\n<p><a href=\"http:\/\/web.hilo.org.pe\/wp-content\/uploads\/TEXTO PIES.jpg\" target=\"_blank\" rel=\"noopener\">Ver archivo adjunto<\/a><\/p>\n","protected":false},"excerpt":{"rendered":"<p>Durante la Misa de la Cena del Se\u00f1or, el Papa Francisco lav\u00f3 los pies a 12 presos de la c\u00e1rcel romana Regina Coeli. Son 12 hombres de distintas nacionalidades y credos: 4 italianos, 2 filipinos, 2 marroqu\u00edes, un moldavo, un colombiano, un nigeriano y un sierraleon\u00e9s.<\/p>\n","protected":false},"author":1,"featured_media":7874,"comment_status":"closed","ping_status":"closed","sticky":false,"template":"","format":"standard","meta":{"footnotes":""},"categories":[9],"tags":[],"class_list":["post-3050","post","type-post","status-publish","format-standard","has-post-thumbnail","hentry","category-noticias"],"_links":{"self":[{"href":"https:\/\/ceas.org.pe\/index.php\/wp-json\/wp\/v2\/posts\/3050","targetHints":{"allow":["GET"]}}],"collection":[{"href":"https:\/\/ceas.org.pe\/index.php\/wp-json\/wp\/v2\/posts"}],"about":[{"href":"https:\/\/ceas.org.pe\/index.php\/wp-json\/wp\/v2\/types\/post"}],"author":[{"embeddable":true,"href":"https:\/\/ceas.org.pe\/index.php\/wp-json\/wp\/v2\/users\/1"}],"replies":[{"embeddable":true,"href":"https:\/\/ceas.org.pe\/index.php\/wp-json\/wp\/v2\/comments?post=3050"}],"version-history":[{"count":1,"href":"https:\/\/ceas.org.pe\/index.php\/wp-json\/wp\/v2\/posts\/3050\/revisions"}],"predecessor-version":[{"id":6170,"href":"https:\/\/ceas.org.pe\/index.php\/wp-json\/wp\/v2\/posts\/3050\/revisions\/6170"}],"wp:featuredmedia":[{"embeddable":true,"href":"https:\/\/ceas.org.pe\/index.php\/wp-json\/wp\/v2\/media\/7874"}],"wp:attachment":[{"href":"https:\/\/ceas.org.pe\/index.php\/wp-json\/wp\/v2\/media?parent=3050"}],"wp:term":[{"taxonomy":"category","embeddable":true,"href":"https:\/\/ceas.org.pe\/index.php\/wp-json\/wp\/v2\/categories?post=3050"},{"taxonomy":"post_tag","embeddable":true,"href":"https:\/\/ceas.org.pe\/index.php\/wp-json\/wp\/v2\/tags?post=3050"}],"curies":[{"name":"wp","href":"https:\/\/api.w.org\/{rel}","templated":true}]}}