{"id":3049,"date":"2018-04-04T11:44:03","date_gmt":"2018-04-04T11:44:03","guid":{"rendered":""},"modified":"2026-03-11T09:11:58","modified_gmt":"2026-03-11T14:11:58","slug":"monsenor-jorge-izaguirre-rafael-nuevo-presidente-de-ceas","status":"publish","type":"post","link":"https:\/\/ceas.org.pe\/index.php\/2018\/04\/04\/monsenor-jorge-izaguirre-rafael-nuevo-presidente-de-ceas\/","title":{"rendered":"Monse\u00f1or Jorge Izaguirre Rafael nuevo Presidente de CEAS"},"content":{"rendered":"<ul>\n<li><b><span lang=\"ES\">Monse\u00f1or Jorge Enrique Izaguirre Rafael, CSC<o:p><\/o:p><\/span><\/b><br \/>\n    <em><span lang=\"ES\">Obispo de Chuquibamba<\/span><\/em><span lang=\"ES\"><o:p><\/o:p><\/span><em><br \/>\n    <span lang=\"ES\">Presidente de CEAS<\/span><\/em><span lang=\"ES\"><o:p><\/o:p><\/span><\/li>\n<\/ul>\n<p class=\"MsoNormal\" style=\"text-align:justify\"><b><span lang=\"ES\">Monse\u00f1or Jorge Izaguirre<\/span><\/b><span lang=\"ES\">, peruano, es un obispo comprometido con el tema social. Pertenece a la Congregaci\u00f3n de los Padres de Santa Cruz (canadienses). Ha sido miembro del Directorio de CEAS y encargado de monitorear el Programa Justicia Penal y Penitenciaria, siendo adem\u00e1s Asesor Nacional de Pastoral de C\u00e1rceles desde el a\u00f1o 2016.<o:p><\/o:p><\/span><\/p>\n<p class=\"MsoNormal\" style=\"text-align:justify\"><span lang=\"ES\">Naci\u00f3 el 14 de enero de 1968 en Casma, Ancash. Emiti\u00f3 su primera profesi\u00f3n en la Congregaci\u00f3n de Santa Cruz el 28 de enero de 1992 y la profesi\u00f3n perpetua, el 14 de enero de 1996. Fue ordenado sacerdote el 15 de febrero de 1997. Realiz\u00f3 estudios de filosof\u00eda en el Instituto Superior de Estudios Teol\u00f3gicos (ISET) \u201cJuan XXIII\u201d de Lima y los de teolog\u00eda en la Pontificia Universidad Cat\u00f3lica de Chile. Posee adem\u00e1s un M\u00e1ster en Teolog\u00eda Pastoral por la Weston Jesuit School of Theology de Boston (EE.UU.). En su ministerio sacerdotal se ha desempe\u00f1ado en diversos cargos: Vicario Parroquial de la Parroquia \u201cSanta Cruz\u201d, de la Di\u00f3cesis de Chimbote (1997-1998); Rector de la Casa de Formaci\u00f3n \u201cSan Jos\u00e9\u201d, en Canto Grande, Di\u00f3cesis de Chosica (1999-2003); Vicario Parroquial de la parroquia \u201cEl Se\u00f1or de la Esperanza\u201d, Di\u00f3cesis de Chosica (1999-2003), de la cual luego fue p\u00e1rroco de 2007 a 2012; entre otros importantes cargos. <\/span><span lang=\"ES\">Desde sus primeros a\u00f1os en el ministerio sacerdotal se identific\u00f3 plenamente con el servicio pastoral a las personas privadas de libertad desarrollando esta especial vocaci\u00f3n en Chimbote, San Juan de Lurigancho y Chile. <\/span><span lang=\"ES\">Antes de ser Obispo se desempe\u00f1\u00f3 como el Cuarto Asistente General de la Congregaci\u00f3n de Santa Cruz y Director de Formaci\u00f3n y Superior de la Casa Internacional de Formaci\u00f3n de la CSC., en Santiago de Chile.<o:p><\/o:p><\/span><\/p>\n<p><span style=\"text-align: justify;\">El 11 de mayo de 2015, el Papa Francisco lo nombra como nuevo Obispo Prelado de Chuquibamba (jurisdicci\u00f3n eclesi\u00e1stica ubicada al sur del pa\u00eds), en reemplazo de Monse\u00f1or Mario Busquets Jord\u00e1, quien renunci\u00f3 al cargo, por l\u00edmite de edad. El 10 de julio de ese mismo a\u00f1o fue Consagrado Obispo y tom\u00f3 posesi\u00f3n de su cargo como Obispo Prelado de Chuquibamba.<\/span>\u00a0<\/p>\n<p><a href=\"http:\/\/web.hilo.org.pe\/wp-content\/uploads\/OBISPO JORGE 02 PARA WEB.jpg\" target=\"_blank\" rel=\"noopener\">Ver archivo adjunto<\/a><\/p>\n","protected":false},"excerpt":{"rendered":"<p>El pasado el 8 de marzo, se realiz\u00f3 la 111\u00b0 Asamblea Plenaria de la Conferencia Episcopal Peruana y se eligieron nuevas autoridades para 12 Comisiones Episcopales. Motivo por los cuales deseamos compartir con cada uno de ustedes, la feliz noticia que contamos con nuevo Presidente para CEAS para el per\u00edodo 2018-2020 y alcanzarles esta breve rese\u00f1a de su persona.<\/p>\n","protected":false},"author":1,"featured_media":7918,"comment_status":"closed","ping_status":"closed","sticky":false,"template":"","format":"standard","meta":{"footnotes":""},"categories":[9],"tags":[],"class_list":["post-3049","post","type-post","status-publish","format-standard","has-post-thumbnail","hentry","category-noticias"],"_links":{"self":[{"href":"https:\/\/ceas.org.pe\/index.php\/wp-json\/wp\/v2\/posts\/3049","targetHints":{"allow":["GET"]}}],"collection":[{"href":"https:\/\/ceas.org.pe\/index.php\/wp-json\/wp\/v2\/posts"}],"about":[{"href":"https:\/\/ceas.org.pe\/index.php\/wp-json\/wp\/v2\/types\/post"}],"author":[{"embeddable":true,"href":"https:\/\/ceas.org.pe\/index.php\/wp-json\/wp\/v2\/users\/1"}],"replies":[{"embeddable":true,"href":"https:\/\/ceas.org.pe\/index.php\/wp-json\/wp\/v2\/comments?post=3049"}],"version-history":[{"count":1,"href":"https:\/\/ceas.org.pe\/index.php\/wp-json\/wp\/v2\/posts\/3049\/revisions"}],"predecessor-version":[{"id":6168,"href":"https:\/\/ceas.org.pe\/index.php\/wp-json\/wp\/v2\/posts\/3049\/revisions\/6168"}],"wp:featuredmedia":[{"embeddable":true,"href":"https:\/\/ceas.org.pe\/index.php\/wp-json\/wp\/v2\/media\/7918"}],"wp:attachment":[{"href":"https:\/\/ceas.org.pe\/index.php\/wp-json\/wp\/v2\/media?parent=3049"}],"wp:term":[{"taxonomy":"category","embeddable":true,"href":"https:\/\/ceas.org.pe\/index.php\/wp-json\/wp\/v2\/categories?post=3049"},{"taxonomy":"post_tag","embeddable":true,"href":"https:\/\/ceas.org.pe\/index.php\/wp-json\/wp\/v2\/tags?post=3049"}],"curies":[{"name":"wp","href":"https:\/\/api.w.org\/{rel}","templated":true}]}}