{"id":3048,"date":"2018-03-27T16:10:38","date_gmt":"2018-03-27T16:10:38","guid":{"rendered":""},"modified":"2026-03-11T09:11:58","modified_gmt":"2026-03-11T14:11:58","slug":"fallecio-monsenor-hugo-garaycoa-obispo-emerito-de-tacna-y-moquegua","status":"publish","type":"post","link":"https:\/\/ceas.org.pe\/index.php\/2018\/03\/27\/fallecio-monsenor-hugo-garaycoa-obispo-emerito-de-tacna-y-moquegua\/","title":{"rendered":"Falleci\u00f3 Monse\u00f1or Hugo Garaycoa, Obispo em\u00e9rito de Tacna y Moquegua"},"content":{"rendered":"<p>\u00a0<\/p>\n<p class=\"MsoNormal\" align=\"center\" style=\"text-align:center\"><b><i><span style=\"font-size:11.0pt;font-family:\"Calibri\",sans-serif;mso-ascii-theme-font:\nminor-latin;mso-hansi-theme-font:minor-latin;mso-bidi-theme-font:minor-latin\">Conferencia Episcopal Peruana<\/span><\/i><\/b><span style=\"font-size:11.0pt;font-family:\"Calibri\",sans-serif;\nmso-ascii-theme-font:minor-latin;mso-hansi-theme-font:minor-latin;mso-bidi-theme-font:\nminor-latin\">\u00a0<o:p><\/o:p><\/span><\/p>\n<p class=\"MsoNormal\"><span style=\"font-size:11.0pt;font-family:\"Calibri\",sans-serif;\nmso-ascii-theme-font:minor-latin;mso-hansi-theme-font:minor-latin;mso-bidi-theme-font:\nminor-latin\"><o:p>\u00a0<\/o:p><\/span><\/p>\n<p class=\"MsoNormal\" align=\"center\" style=\"text-align:center\"><b><u><span style=\"font-size:11.0pt;font-family:\"Calibri\",sans-serif;mso-ascii-theme-font:\nminor-latin;mso-hansi-theme-font:minor-latin;mso-bidi-theme-font:minor-latin\">Nota de Prensa<\/span><\/u><\/b><span style=\"font-family: Calibri, sans-serif; font-size: 11pt;\">\u00a0<\/span><\/p>\n<p class=\"MsoNormal\" align=\"center\" style=\"text-align:center\"><b><span style=\"font-size:11.0pt;font-family:\"Calibri\",sans-serif;mso-ascii-theme-font:\nminor-latin;mso-hansi-theme-font:minor-latin;mso-bidi-theme-font:minor-latin\">FALLECI\u00d3 MONSE\u00d1OR HUGO GARAYCOA, OBISPO EM\u00c9RITO DE TACNA Y MOQUEGUA<\/span><\/b><span style=\"font-size:11.0pt;font-family:\"Calibri\",sans-serif;mso-ascii-theme-font:\nminor-latin;mso-hansi-theme-font:minor-latin;mso-bidi-theme-font:minor-latin\"><o:p><\/o:p><\/span><\/p>\n<p class=\"MsoNormal\" align=\"center\" style=\"text-align:center\">\u00a0<\/p>\n<p class=\"m8654063761190926134m-6145175730916850065gmail-msonospacing\" style=\"margin:0cm;margin-bottom:.0001pt;text-align:justify\"><span style=\"font-size:11.0pt;font-family:\"Calibri\",sans-serif;mso-ascii-theme-font:\nminor-latin;mso-hansi-theme-font:minor-latin;mso-bidi-theme-font:minor-latin\">Con gran pesar, pero con la esperanza en la Resurrecci\u00f3n, la Conferencia Episcopal Peruana, comunica al Pueblo de Dios la partida a la Casa del Padre de Monse\u00f1or Jos\u00e9 Hugo Garaycoa Hawkins, Obispo Em\u00e9rito de Tacna y Moquegua, quien falleci\u00f3 anoche en Lima, a la edad de 87 a\u00f1os.<o:p><\/o:p><\/span><\/p>\n<p class=\"m8654063761190926134m-6145175730916850065gmail-msonospacing\" style=\"margin:0cm;margin-bottom:.0001pt;text-align:justify\"><span style=\"font-size:11.0pt;font-family:\"Calibri\",sans-serif;mso-ascii-theme-font:\nminor-latin;mso-hansi-theme-font:minor-latin;mso-bidi-theme-font:minor-latin\">\u00a0<o:p><\/o:p><\/span><\/p>\n<p class=\"m8654063761190926134m-6145175730916850065gmail-msonospacing\" style=\"margin:0cm;margin-bottom:.0001pt;text-align:justify\"><span style=\"font-size:11.0pt;font-family:\"Calibri\",sans-serif;mso-ascii-theme-font:\nminor-latin;mso-hansi-theme-font:minor-latin;mso-bidi-theme-font:minor-latin\">Monse\u00f1or Hugo Garaycoa naci\u00f3 en el Callao, el 2 de junio de 1930. Estudi\u00f3 en la Facultad de Teolog\u00eda Pontificia y Civil de Lima; estudi\u00f3 Derecho Can\u00f3nico en la Universidad Lateranense (Italia); y espiritualidad en la Universidad Santa Teresa (Italia).<o:p><\/o:p><\/span><\/p>\n<p class=\"m8654063761190926134m-6145175730916850065gmail-msonospacing\" style=\"margin:0cm;margin-bottom:.0001pt;text-align:justify\"><span style=\"font-size:11.0pt;font-family:\"Calibri\",sans-serif;mso-ascii-theme-font:\nminor-latin;mso-hansi-theme-font:minor-latin;mso-bidi-theme-font:minor-latin\">\u00a0<o:p><\/o:p><\/span><\/p>\n<p class=\"m8654063761190926134m-6145175730916850065gmail-msonospacing\" style=\"margin:0cm;margin-bottom:.0001pt;text-align:justify\"><span style=\"font-size:11.0pt;font-family:\"Calibri\",sans-serif;mso-ascii-theme-font:\nminor-latin;mso-hansi-theme-font:minor-latin;mso-bidi-theme-font:minor-latin\">Fue ordenado sacerdote el 9 de julio de 1961. El 16 de diciembre de 1962 fue elegido Obispo Auxiliar de Lima. El 6 de junio de 1991 fue nombrado Obispo de la Di\u00f3cesis de Tacna y Moquegua.<o:p><\/o:p><\/span><\/p>\n<p class=\"m8654063761190926134m-6145175730916850065gmail-msonospacing\" style=\"margin:0cm;margin-bottom:.0001pt;text-align:justify\"><span style=\"font-size:11.0pt;font-family:\"Calibri\",sans-serif;mso-ascii-theme-font:\nminor-latin;mso-hansi-theme-font:minor-latin;mso-bidi-theme-font:minor-latin\">\u00a0<o:p><\/o:p><\/span><\/p>\n<p class=\"m8654063761190926134m-6145175730916850065gmail-msonospacing\" style=\"margin:0cm;margin-bottom:.0001pt;text-align:justify\"><span style=\"font-size:11.0pt;font-family:\"Calibri\",sans-serif;mso-ascii-theme-font:\nminor-latin;mso-hansi-theme-font:minor-latin;mso-bidi-theme-font:minor-latin\">Monse\u00f1or Hugo Garaycoa desempe\u00f1\u00f3 la misi\u00f3n como Obispo de Tacna y Moquegua hasta el 1 de septiembre de 2006, fecha en que el Papa Benedicto XVI acept\u00f3 su renuncia por l\u00edmite de edad, siendo reemplazado en el cargo por Monse\u00f1or Marco Antonio Cortez Lara.<o:p><\/o:p><\/span><\/p>\n<p class=\"m8654063761190926134m-6145175730916850065gmail-msonospacing\" style=\"margin:0cm;margin-bottom:.0001pt;text-align:justify\"><span style=\"font-size:11.0pt;font-family:\"Calibri\",sans-serif;mso-ascii-theme-font:\nminor-latin;mso-hansi-theme-font:minor-latin;mso-bidi-theme-font:minor-latin\">\u00a0<o:p><\/o:p><\/span><\/p>\n<p class=\"m8654063761190926134m-6145175730916850065gmail-msonospacing\" style=\"margin:0cm;margin-bottom:.0001pt;text-align:justify\"><span style=\"font-size:11.0pt;font-family:\"Calibri\",sans-serif;mso-ascii-theme-font:\nminor-latin;mso-hansi-theme-font:minor-latin;mso-bidi-theme-font:minor-latin\">En la 82\u00aa Asamblea Plenaria de Obispos del Per\u00fa, realizado en el 2003, los Obispos eligieron a Monse\u00f1or Jos\u00e9 Hugo Garaycoa, como Presidente de la Conferencia Episcopal Peruana, para el per\u00edodo 2003-2006.<o:p><\/o:p><\/span><\/p>\n<p class=\"m8654063761190926134m-6145175730916850065gmail-msonospacing\" style=\"margin:0cm;margin-bottom:.0001pt;text-align:justify\"><span style=\"font-size:11.0pt;font-family:\"Calibri\",sans-serif;mso-ascii-theme-font:\nminor-latin;mso-hansi-theme-font:minor-latin;mso-bidi-theme-font:minor-latin\">\u00a0<o:p><\/o:p><\/span><\/p>\n<p class=\"m8654063761190926134m-6145175730916850065gmail-msonospacing\" style=\"margin:0cm;margin-bottom:.0001pt;text-align:justify\"><span style=\"font-size:11.0pt;font-family:\"Calibri\",sans-serif;mso-ascii-theme-font:\nminor-latin;mso-hansi-theme-font:minor-latin;mso-bidi-theme-font:minor-latin\">El f\u00e9retro, con los restos del Obispo Em\u00e9rito, ser\u00e1 trasladado esta noche a la Di\u00f3cesis de Tacna, donde llegar\u00e1 a las 9:00 p.m. De all\u00ed, ser\u00e1 llevado a la Catedral de la ciudad, para recibir el \u00faltimo adi\u00f3s de los fieles. Ma\u00f1ana, mi\u00e9rcoles 28 de marzo, se realizar\u00e1n las Exequias a las 3:00 p.m.<o:p><\/o:p><\/span><\/p>\n<p class=\"m8654063761190926134m-6145175730916850065gmail-msonospacing\" style=\"margin:0cm;margin-bottom:.0001pt;text-align:justify\"><span style=\"font-size:11.0pt;font-family:\"Calibri\",sans-serif;mso-ascii-theme-font:\nminor-latin;mso-hansi-theme-font:minor-latin;mso-bidi-theme-font:minor-latin\"><o:p>\u00a0<\/o:p><\/span><\/p>\n<p class=\"m8654063761190926134m-6145175730916850065gmail-msonospacing\" align=\"right\" style=\"margin:0cm;margin-bottom:.0001pt;text-align:right\"><span style=\"font-size:11.0pt;font-family:\"Calibri\",sans-serif;mso-ascii-theme-font:\nminor-latin;mso-hansi-theme-font:minor-latin;mso-bidi-theme-font:minor-latin\">Con el ruego de su difusi\u00f3n<o:p><\/o:p><\/span><\/p>\n<p class=\"m8654063761190926134m-6145175730916850065gmail-msonospacing\" align=\"right\" style=\"margin:0cm;margin-bottom:.0001pt;text-align:right\"><span style=\"font-size:11.0pt;font-family:\"Calibri\",sans-serif;mso-ascii-theme-font:\nminor-latin;mso-hansi-theme-font:minor-latin;mso-bidi-theme-font:minor-latin\">\u00a0<o:p><\/o:p><\/span><\/p>\n<p class=\"m8654063761190926134m-6145175730916850065gmail-msonospacing\" align=\"right\" style=\"margin:0cm;margin-bottom:.0001pt;text-align:right\"><span style=\"font-size:11.0pt;font-family:\"Calibri\",sans-serif;mso-ascii-theme-font:\nminor-latin;mso-hansi-theme-font:minor-latin;mso-bidi-theme-font:minor-latin\">Oficina de Prensa<o:p><\/o:p><\/span><\/p>\n<p class=\"m8654063761190926134m-6145175730916850065gmail-msonospacing\" style=\"margin:0cm;margin-bottom:.0001pt;text-align:justify\"><span style=\"font-size:11.0pt;font-family:\"Calibri\",sans-serif;mso-ascii-theme-font:\nminor-latin;mso-hansi-theme-font:minor-latin;mso-bidi-theme-font:minor-latin\">\u00a0Lima, 27 de marzo de 2018<o:p><\/o:p><\/span><\/p>\n<p><a href=\"http:\/\/web.hilo.org.pe\/wp-content\/uploads\/mons_garaycoa.jpg\" target=\"_blank\" rel=\"noopener\">Ver archivo adjunto<\/a><\/p>\n","protected":false},"excerpt":{"rendered":"<p>Con gran pesar, pero con la esperanza en la Resurrecci\u00f3n, la Conferencia Episcopal Peruana, comunica al Pueblo de Dios la partida a la Casa del Padre de Monse\u00f1or Jos\u00e9 Hugo Garaycoa Hawkins, Obispo Em\u00e9rito de Tacna y Moquegua, quien falleci\u00f3 anoche en Lima, a la edad de 87 a\u00f1os.<\/p>\n","protected":false},"author":1,"featured_media":7884,"comment_status":"closed","ping_status":"closed","sticky":false,"template":"","format":"standard","meta":{"footnotes":""},"categories":[9],"tags":[],"class_list":["post-3048","post","type-post","status-publish","format-standard","has-post-thumbnail","hentry","category-noticias"],"_links":{"self":[{"href":"https:\/\/ceas.org.pe\/index.php\/wp-json\/wp\/v2\/posts\/3048","targetHints":{"allow":["GET"]}}],"collection":[{"href":"https:\/\/ceas.org.pe\/index.php\/wp-json\/wp\/v2\/posts"}],"about":[{"href":"https:\/\/ceas.org.pe\/index.php\/wp-json\/wp\/v2\/types\/post"}],"author":[{"embeddable":true,"href":"https:\/\/ceas.org.pe\/index.php\/wp-json\/wp\/v2\/users\/1"}],"replies":[{"embeddable":true,"href":"https:\/\/ceas.org.pe\/index.php\/wp-json\/wp\/v2\/comments?post=3048"}],"version-history":[{"count":1,"href":"https:\/\/ceas.org.pe\/index.php\/wp-json\/wp\/v2\/posts\/3048\/revisions"}],"predecessor-version":[{"id":6171,"href":"https:\/\/ceas.org.pe\/index.php\/wp-json\/wp\/v2\/posts\/3048\/revisions\/6171"}],"wp:featuredmedia":[{"embeddable":true,"href":"https:\/\/ceas.org.pe\/index.php\/wp-json\/wp\/v2\/media\/7884"}],"wp:attachment":[{"href":"https:\/\/ceas.org.pe\/index.php\/wp-json\/wp\/v2\/media?parent=3048"}],"wp:term":[{"taxonomy":"category","embeddable":true,"href":"https:\/\/ceas.org.pe\/index.php\/wp-json\/wp\/v2\/categories?post=3048"},{"taxonomy":"post_tag","embeddable":true,"href":"https:\/\/ceas.org.pe\/index.php\/wp-json\/wp\/v2\/tags?post=3048"}],"curies":[{"name":"wp","href":"https:\/\/api.w.org\/{rel}","templated":true}]}}