{"id":3046,"date":"2018-03-25T11:40:38","date_gmt":"2018-03-25T11:40:38","guid":{"rendered":""},"modified":"2026-03-11T09:11:58","modified_gmt":"2026-03-11T14:11:58","slug":"el-papa-a-los-jovenes-si-el-mundo-calla-y-pierde-alegria-ustedes-griten","status":"publish","type":"post","link":"https:\/\/ceas.org.pe\/index.php\/2018\/03\/25\/el-papa-a-los-jovenes-si-el-mundo-calla-y-pierde-alegria-ustedes-griten\/","title":{"rendered":"El Papa a los j\u00f3venes: Si el mundo calla y pierde alegr\u00eda, \u00a1ustedes griten!"},"content":{"rendered":"<p class=\"MsoNormal\" style=\"margin-bottom:0cm;margin-bottom:.0001pt;line-height:\nnormal\"><span style=\"mso-fareast-font-family:\"Times New Roman\";mso-bidi-font-family:\nCalibri;mso-bidi-theme-font:minor-latin;color:black;mso-themecolor:text1;\nmso-fareast-language:ES-PE\">El Papa Francisco presidi\u00f3 la celebraci\u00f3n eucar\u00edstica del Domingo de Ramos y de la Pasi\u00f3n del Se\u00f1or, este domingo 25 de marzo, fecha en la que tambi\u00e9n se celebra la XXXIII Jornada Mundial de la Juventud.<o:p><\/o:p><\/span><\/p>\n<p style=\"margin:0cm;margin-bottom:.0001pt;background:white\"><span style=\"font-size:11.0pt;font-family:\"Calibri\",\"sans-serif\";mso-ascii-theme-font:\nminor-latin;mso-hansi-theme-font:minor-latin;mso-bidi-theme-font:minor-latin;\ncolor:black;mso-themecolor:text1\"><o:p>\u00a0<\/o:p><\/span><\/p>\n<p style=\"margin:0cm;margin-bottom:.0001pt;background:white\"><span style=\"font-size:11.0pt;font-family:\"Calibri\",\"sans-serif\";mso-ascii-theme-font:\nminor-latin;mso-hansi-theme-font:minor-latin;mso-bidi-theme-font:minor-latin;\ncolor:black;mso-themecolor:text1\">\u201cCristo muri\u00f3 gritando su amor por cada uno de nosotros; por j\u00f3venes y mayores, santos y pecadores, amor a los de su tiempo y a los de nuestro tiempo. En su cruz hemos sido salvados para que nadie apague la alegr\u00eda del evangelio; para que nadie, en la situaci\u00f3n que se encuentre, quede lejos de la mirada misericordiosa del Padre\u201d, lo dijo el Papa Francisco en su homil\u00eda en la Misa del Domingo de Ramos y de la Pasi\u00f3n del Se\u00f1or, celebrada en la Plaza de San Pedro, este domingo 25 de marzo, fecha en la que tambi\u00e9n se celebra la XXXIII Jornada Mundial de la Juventud y el 23\u00b0 Aniversario de la Enc\u00edclica \u201cEvangelium Vitae\u201d de San Juan Pablo II.<o:p><\/o:p><\/span><\/p>\n<h2 style=\"margin-top:0cm;line-height:normal;background:white;box-sizing: border-box;\n-webkit-tap-highlight-color: transparent;font-variant-ligatures: normal;\nfont-variant-caps: normal;orphans: 2;text-align:start;widows: 2;-webkit-text-stroke-width: 0px;\ntext-decoration-style: initial;text-decoration-color: initial;word-spacing:\n0px\"><span style=\"font-size:11.0pt;font-family:\"Calibri\",\"sans-serif\";\nmso-ascii-theme-font:minor-latin;mso-hansi-theme-font:minor-latin;mso-bidi-theme-font:\nminor-latin;color:black;mso-themecolor:text1\"><o:p>\u00a0<\/o:p><\/span><\/h2>\n<h2 style=\"margin-top:0cm;line-height:normal;background:white\"><span style=\"font-size:11.0pt;font-family:\"Calibri\",\"sans-serif\";mso-ascii-theme-font:\nminor-latin;mso-hansi-theme-font:minor-latin;mso-bidi-theme-font:minor-latin;\ncolor:black;mso-themecolor:text1\">Nuestro vivir cotidiano como disc\u00edpulos<\/span><span style=\"font-size:11.0pt;font-family:\"Calibri\",\"sans-serif\";mso-ascii-theme-font:\nminor-latin;mso-hansi-theme-font:minor-latin;mso-bidi-theme-font:minor-latin;\ncolor:black;mso-themecolor:text1;font-weight:normal\"><o:p><\/o:p><\/span><\/h2>\n<p style=\"margin:0cm;margin-bottom:.0001pt;background:white;box-sizing: border-box;\n-webkit-tap-highlight-color: transparent;font-variant-ligatures: normal;\nfont-variant-caps: normal;orphans: 2;text-align:start;widows: 2;-webkit-text-stroke-width: 0px;\ntext-decoration-style: initial;text-decoration-color: initial;word-spacing:\n0px\"><span style=\"font-size:11.0pt;font-family:\"Calibri\",\"sans-serif\";\nmso-ascii-theme-font:minor-latin;mso-hansi-theme-font:minor-latin;mso-bidi-theme-font:\nminor-latin;color:black;mso-themecolor:text1\">En su homil\u00eda, el Santo Padre recuerda que, la liturgia de este domingo nos invita a hacernos part\u00edcipes de la alegr\u00eda y la fiesta del pueblo que es capaz de alabar a su Se\u00f1or; pero al mismo tiempo nos dice que esa alegr\u00eda se empa\u00f1a y deja un sabor amargo y doloroso al terminar de escuchar el relato de la Pasi\u00f3n. \u201cPareciera que en esta celebraci\u00f3n \u2013 se\u00f1ala el Pont\u00edfice \u2013 se entrecruzan historias de alegr\u00eda y sufrimiento, de errores y aciertos que forman parte de nuestro vivir cotidiano como disc\u00edpulos, ya que logra desnudar los sentimientos contradictorios que tambi\u00e9n hoy, hombres y mujeres de este tiempo, solemos tener\u201d.<o:p><\/o:p><\/span><\/p>\n<p style=\"margin:0cm;margin-bottom:.0001pt;background:white;box-sizing: border-box;\n-webkit-tap-highlight-color: transparent;font-variant-ligatures: normal;\nfont-variant-caps: normal;orphans: 2;text-align:start;widows: 2;-webkit-text-stroke-width: 0px;\ntext-decoration-style: initial;text-decoration-color: initial;word-spacing:\n0px\"><span style=\"font-size:11.0pt;font-family:\"Calibri\",\"sans-serif\";\nmso-ascii-theme-font:minor-latin;mso-hansi-theme-font:minor-latin;mso-bidi-theme-font:\nminor-latin;color:black;mso-themecolor:text1\"><o:p>\u00a0<\/o:p><\/span><\/p>\n<p style=\"margin:0cm;margin-bottom:.0001pt;background:white\"><span style=\"font-size:11.0pt;font-family:\"Calibri\",\"sans-serif\";mso-ascii-theme-font:\nminor-latin;mso-hansi-theme-font:minor-latin;mso-bidi-theme-font:minor-latin;\ncolor:black;mso-themecolor:text1\">Sentimientos, afirma el Papa, que son capaces de amar mucho y tambi\u00e9n de odiar mucho; capaces de entregas valerosas y tambi\u00e9n de saber \u00ablavarnos las manos\u00bb en el momento oportuno; capaces de fidelidades pero tambi\u00e9n de grandes abandonos y traiciones.<o:p><\/o:p><\/span><\/p>\n<h2 style=\"margin-top:0cm;line-height:normal;background:white;box-sizing: border-box;\n-webkit-tap-highlight-color: transparent;font-variant-ligatures: normal;\nfont-variant-caps: normal;orphans: 2;text-align:start;widows: 2;-webkit-text-stroke-width: 0px;\ntext-decoration-style: initial;text-decoration-color: initial;word-spacing:\n0px\"><span style=\"font-size:11.0pt;font-family:\"Calibri\",\"sans-serif\";\nmso-ascii-theme-font:minor-latin;mso-hansi-theme-font:minor-latin;mso-bidi-theme-font:\nminor-latin;color:black;mso-themecolor:text1\"><o:p>\u00a0<\/o:p><\/span><\/h2>\n<h2 style=\"margin-top:0cm;line-height:normal;background:white\"><span style=\"font-size:11.0pt;font-family:\"Calibri\",\"sans-serif\";mso-ascii-theme-font:\nminor-latin;mso-hansi-theme-font:minor-latin;mso-bidi-theme-font:minor-latin;\ncolor:black;mso-themecolor:text1\">El canto y la alegr\u00eda espont\u00e1nea de tantos \u201cpostergados\u201d<\/span><span style=\"font-size:11.0pt;font-family:\"Calibri\",\"sans-serif\";\nmso-ascii-theme-font:minor-latin;mso-hansi-theme-font:minor-latin;mso-bidi-theme-font:\nminor-latin;color:black;mso-themecolor:text1;font-weight:normal\"><o:p><\/o:p><\/span><\/h2>\n<p style=\"margin:0cm;margin-bottom:.0001pt;background:white;box-sizing: border-box;\n-webkit-tap-highlight-color: transparent;font-variant-ligatures: normal;\nfont-variant-caps: normal;orphans: 2;text-align:start;widows: 2;-webkit-text-stroke-width: 0px;\ntext-decoration-style: initial;text-decoration-color: initial;word-spacing:\n0px\"><span style=\"font-size:11.0pt;font-family:\"Calibri\",\"sans-serif\";\nmso-ascii-theme-font:minor-latin;mso-hansi-theme-font:minor-latin;mso-bidi-theme-font:\nminor-latin;color:black;mso-themecolor:text1\">Este relato evang\u00e9lico del ingreso de Jes\u00fas a Jerusal\u00e9n, precisa el Papa Francisco, puede suscitar cantos y alegr\u00eda, pero tambi\u00e9n, enojo e irritaci\u00f3n en manos de algunos. \u201cPodemos imaginar \u2013 afirma el Pont\u00edfice \u2013 que es la voz del hijo perdonado, del leproso sanado o el balar de la oveja perdida que resuena con fuerza en ese ingreso. Es el canto del publicano y del impuro; es el grito del que viv\u00eda en los m\u00e1rgenes de la ciudad. Es el grito de hombres y mujeres \u2013 subraya el Papa \u2013 que lo han seguido porque experimentaron su compasi\u00f3n ante su dolor y su miseria. Es el canto y la alegr\u00eda espont\u00e1nea de tantos postergados que tocados por Jes\u00fas pueden gritar: \u00abBendito el que llega en nombre del Se\u00f1or\u00bb\u201d.<o:p><\/o:p><\/span><\/p>\n<p style=\"margin:0cm;margin-bottom:.0001pt;background:white;box-sizing: border-box;\n-webkit-tap-highlight-color: transparent;font-variant-ligatures: normal;\nfont-variant-caps: normal;orphans: 2;text-align:start;widows: 2;-webkit-text-stroke-width: 0px;\ntext-decoration-style: initial;text-decoration-color: initial;word-spacing:\n0px\"><span style=\"font-size:11.0pt;font-family:\"Calibri\",\"sans-serif\";\nmso-ascii-theme-font:minor-latin;mso-hansi-theme-font:minor-latin;mso-bidi-theme-font:\nminor-latin;color:black;mso-themecolor:text1\"><o:p>\u00a0<\/o:p><\/span><\/p>\n<p style=\"margin:0cm;margin-bottom:.0001pt;background:white\"><span style=\"font-size:11.0pt;font-family:\"Calibri\",\"sans-serif\";mso-ascii-theme-font:\nminor-latin;mso-hansi-theme-font:minor-latin;mso-bidi-theme-font:minor-latin;\ncolor:black;mso-themecolor:text1\">Esta alegr\u00eda y alabanza, de los postergados agrega el Obispo de Roma, resulta inc\u00f3moda y se transforma en sinraz\u00f3n escandalosa para aquellos que se consideran a s\u00ed mismos justos y \u00abfieles\u00bb a la ley y a los preceptos rituales. \u201cAlegr\u00eda insoportable \u2013 se\u00f1ala el Papa \u2013 para quienes han bloqueado la sensibilidad ante el dolor, el sufrimiento y la miseria. Alegr\u00eda intolerable para quienes perdieron la memoria y se olvidaron de tantas oportunidades recibidas\u201d.<o:p><\/o:p><\/span><\/p>\n<h2 style=\"margin-top:0cm;line-height:normal;background:white;box-sizing: border-box;\n-webkit-tap-highlight-color: transparent;font-variant-ligatures: normal;\nfont-variant-caps: normal;orphans: 2;text-align:start;widows: 2;-webkit-text-stroke-width: 0px;\ntext-decoration-style: initial;text-decoration-color: initial;word-spacing:\n0px\"><span style=\"font-size:11.0pt;font-family:\"Calibri\",\"sans-serif\";\nmso-ascii-theme-font:minor-latin;mso-hansi-theme-font:minor-latin;mso-bidi-theme-font:\nminor-latin;color:black;mso-themecolor:text1\"><o:p>\u00a0<\/o:p><\/span><\/h2>\n<h2 style=\"margin-top:0cm;line-height:normal;background:white\"><span style=\"font-size:11.0pt;font-family:\"Calibri\",\"sans-serif\";mso-ascii-theme-font:\nminor-latin;mso-hansi-theme-font:minor-latin;mso-bidi-theme-font:minor-latin;\ncolor:black;mso-themecolor:text1\">El grito del \u201cmalhechor\u201d que s\u00f3lo conf\u00eda en sus propias fuerzas y se siente superior a los dem\u00e1s<\/span><span style=\"font-size:11.0pt;font-family:\"Calibri\",\"sans-serif\";mso-ascii-theme-font:\nminor-latin;mso-hansi-theme-font:minor-latin;mso-bidi-theme-font:minor-latin;\ncolor:black;mso-themecolor:text1;font-weight:normal\"><o:p><\/o:p><\/span><\/h2>\n<p style=\"margin:0cm;margin-bottom:.0001pt;background:white;box-sizing: border-box;\n-webkit-tap-highlight-color: transparent;font-variant-ligatures: normal;\nfont-variant-caps: normal;orphans: 2;text-align:start;widows: 2;-webkit-text-stroke-width: 0px;\ntext-decoration-style: initial;text-decoration-color: initial;word-spacing:\n0px\"><span style=\"font-size:11.0pt;font-family:\"Calibri\",\"sans-serif\";\nmso-ascii-theme-font:minor-latin;mso-hansi-theme-font:minor-latin;mso-bidi-theme-font:\nminor-latin;color:black;mso-themecolor:text1\">Es dif\u00edcil comprender la alegr\u00eda y la fiesta de la misericordia de Dios para quien quiere justificarse a s\u00ed mismo y acomodarse, afirma el Papa Francisco, es dif\u00edcil poder compartir esta alegr\u00eda para quienes solo conf\u00edan en sus propias fuerzas y se sienten superiores a otros y as\u00ed nace el grito del que no le tiembla la voz para gritar: \u00ab\u00a1Crucif\u00edcalo!\u00bb. \u201cNo es un grito espont\u00e1neo \u2013 puntualiza el Pont\u00edfice \u2013 sino el grito armado, producido, que se forma con el desprestigio, la calumnia, cuando se levanta falso testimonio. Es la voz de quien manipula la realidad y crea un relato a su conveniencia y no tiene problema en \u00abmanchar\u00bb a otros para acomodarse\u201d.<o:p><\/o:p><\/span><\/p>\n<p style=\"margin:0cm;margin-bottom:.0001pt;background:white;box-sizing: border-box;\n-webkit-tap-highlight-color: transparent;font-variant-ligatures: normal;\nfont-variant-caps: normal;orphans: 2;text-align:start;widows: 2;-webkit-text-stroke-width: 0px;\ntext-decoration-style: initial;text-decoration-color: initial;word-spacing:\n0px\"><span style=\"font-size:11.0pt;font-family:\"Calibri\",\"sans-serif\";\nmso-ascii-theme-font:minor-latin;mso-hansi-theme-font:minor-latin;mso-bidi-theme-font:\nminor-latin;color:black;mso-themecolor:text1\"><o:p>\u00a0<\/o:p><\/span><\/p>\n<p style=\"margin:0cm;margin-bottom:.0001pt;background:white\"><span style=\"font-size:11.0pt;font-family:\"Calibri\",\"sans-serif\";mso-ascii-theme-font:\nminor-latin;mso-hansi-theme-font:minor-latin;mso-bidi-theme-font:minor-latin;\ncolor:black;mso-themecolor:text1\">Es el grito, agrega el Santo Padre, del que no tiene problema en buscar los medios para hacerse m\u00e1s fuerte y silenciar las voces disonantes. Es el grito que nace de \u00abtrucar\u00bb la realidad y pintarla de manera tal que termina desfigurando el rostro de Jes\u00fas y lo convierte en un \u00abmalhechor\u00bb. Es la voz del que quiere defender la propia posici\u00f3n desacreditando especialmente a quien no puede defenderse. Es el grito fabricado por la \u00abtramoya\u00bb de la autosuficiencia, el orgullo y la soberbia que afirma sin problemas: \u00abCrucif\u00edcalo, crucif\u00edcalo\u00bb.<o:p><\/o:p><\/span><\/p>\n<p style=\"margin:0cm;margin-bottom:.0001pt;background:white;box-sizing: border-box;\n-webkit-tap-highlight-color: transparent;font-variant-ligatures: normal;\nfont-variant-caps: normal;orphans: 2;text-align:start;widows: 2;-webkit-text-stroke-width: 0px;\ntext-decoration-style: initial;text-decoration-color: initial;word-spacing:\n0px\"><span style=\"font-size:11.0pt;font-family:\"Calibri\",\"sans-serif\";\nmso-ascii-theme-font:minor-latin;mso-hansi-theme-font:minor-latin;mso-bidi-theme-font:\nminor-latin;color:black;mso-themecolor:text1\"><o:p>\u00a0<\/o:p><\/span><\/p>\n<p style=\"margin:0cm;margin-bottom:.0001pt;background:white\"><span style=\"font-size:11.0pt;font-family:\"Calibri\",\"sans-serif\";mso-ascii-theme-font:\nminor-latin;mso-hansi-theme-font:minor-latin;mso-bidi-theme-font:minor-latin;\ncolor:black;mso-themecolor:text1\">De este modo, concluye el Papa, se termina silenciando la fiesta del pueblo, derribando la esperanza, matando los sue\u00f1os, suprimiendo la alegr\u00eda; as\u00ed se termina blindando el coraz\u00f3n, enfriando la caridad. Es el grito del \u00abs\u00e1lvate a ti mismo\u00bb que quiere adormecer la solidaridad, apagar los ideales, insensibilizar la mirada\u2026 el grito que quiere borrar la compasi\u00f3n.<o:p><\/o:p><\/span><\/p>\n<h2 style=\"margin-top:0cm;line-height:normal;background:white;box-sizing: border-box;\n-webkit-tap-highlight-color: transparent;font-variant-ligatures: normal;\nfont-variant-caps: normal;orphans: 2;text-align:start;widows: 2;-webkit-text-stroke-width: 0px;\ntext-decoration-style: initial;text-decoration-color: initial;word-spacing:\n0px\"><span style=\"font-size:11.0pt;font-family:\"Calibri\",\"sans-serif\";\nmso-ascii-theme-font:minor-latin;mso-hansi-theme-font:minor-latin;mso-bidi-theme-font:\nminor-latin;color:black;mso-themecolor:text1\"><o:p>\u00a0<\/o:p><\/span><\/h2>\n<h2 style=\"margin-top:0cm;line-height:normal;background:white\"><span style=\"font-size:11.0pt;font-family:\"Calibri\",\"sans-serif\";mso-ascii-theme-font:\nminor-latin;mso-hansi-theme-font:minor-latin;mso-bidi-theme-font:minor-latin;\ncolor:black;mso-themecolor:text1\">La Cruz de Cristo el \u00faltimo grito<\/span><span style=\"font-size:11.0pt;font-family:\"Calibri\",\"sans-serif\";mso-ascii-theme-font:\nminor-latin;mso-hansi-theme-font:minor-latin;mso-bidi-theme-font:minor-latin;\ncolor:black;mso-themecolor:text1;font-weight:normal\"><o:p><\/o:p><\/span><\/h2>\n<p style=\"margin:0cm;margin-bottom:.0001pt;background:white;box-sizing: border-box;\n-webkit-tap-highlight-color: transparent;font-variant-ligatures: normal;\nfont-variant-caps: normal;orphans: 2;text-align:start;widows: 2;-webkit-text-stroke-width: 0px;\ntext-decoration-style: initial;text-decoration-color: initial;word-spacing:\n0px\"><span style=\"font-size:11.0pt;font-family:\"Calibri\",\"sans-serif\";\nmso-ascii-theme-font:minor-latin;mso-hansi-theme-font:minor-latin;mso-bidi-theme-font:\nminor-latin;color:black;mso-themecolor:text1\">Frente a todas estas voces y gritos, afirma el Papa Francisco, el mejor ant\u00eddoto es mirar la cruz de Cristo y dejarnos interpelar por su \u00faltimo grito. \u201cCristo muri\u00f3 gritando su amor por cada uno de nosotros; por j\u00f3venes y mayores, santos y pecadores, amor a los de su tiempo y a los de nuestro tiempo. En su cruz \u2013 se\u00f1ala el Pont\u00edfice \u2013 hemos sido salvados para que nadie apague la alegr\u00eda del evangelio; para que nadie, en la situaci\u00f3n que se encuentre, quede lejos de la mirada misericordiosa del Padre. Mirar la cruz es dejarse interpelar en nuestras prioridades, opciones y acciones. Es dejar cuestionar nuestra sensibilidad ante el que est\u00e1 pasando o viviendo un momento de dificultad\u201d.<o:p><\/o:p><\/span><\/p>\n<h2 style=\"margin-top:0cm;line-height:normal;background:white;box-sizing: border-box;\n-webkit-tap-highlight-color: transparent;font-variant-ligatures: normal;\nfont-variant-caps: normal;orphans: 2;text-align:start;widows: 2;-webkit-text-stroke-width: 0px;\ntext-decoration-style: initial;text-decoration-color: initial;word-spacing:\n0px\"><span style=\"font-size:11.0pt;font-family:\"Calibri\",\"sans-serif\";\nmso-ascii-theme-font:minor-latin;mso-hansi-theme-font:minor-latin;mso-bidi-theme-font:\nminor-latin;color:black;mso-themecolor:text1\"><o:p>\u00a0<\/o:p><\/span><\/h2>\n<h2 style=\"margin-top:0cm;line-height:normal;background:white\"><span style=\"font-size:11.0pt;font-family:\"Calibri\",\"sans-serif\";mso-ascii-theme-font:\nminor-latin;mso-hansi-theme-font:minor-latin;mso-bidi-theme-font:minor-latin;\ncolor:black;mso-themecolor:text1\">\u201cJ\u00f3venes, est\u00e1 en ustedes no quedarse callados\u201d<\/span><span style=\"font-size:11.0pt;font-family:\"Calibri\",\"sans-serif\";\nmso-ascii-theme-font:minor-latin;mso-hansi-theme-font:minor-latin;mso-bidi-theme-font:\nminor-latin;color:black;mso-themecolor:text1;font-weight:normal\"><o:p><\/o:p><\/span><\/h2>\n<p style=\"margin:0cm;margin-bottom:.0001pt;background:white;box-sizing: border-box;\n-webkit-tap-highlight-color: transparent;font-variant-ligatures: normal;\nfont-variant-caps: normal;orphans: 2;text-align:start;widows: 2;-webkit-text-stroke-width: 0px;\ntext-decoration-style: initial;text-decoration-color: initial;word-spacing:\n0px\"><span style=\"font-size:11.0pt;font-family:\"Calibri\",\"sans-serif\";\nmso-ascii-theme-font:minor-latin;mso-hansi-theme-font:minor-latin;mso-bidi-theme-font:\nminor-latin;color:black;mso-themecolor:text1\">Antes de concluir su homil\u00eda, el Santo Padre dirigi\u00f3 su atenci\u00f3n a los j\u00f3venes, a quienes invit\u00f3 a no quedarse callados, sino a manifestar la alegr\u00eda de haber encontrado a Jes\u00fas. \u201cHacer callar a los j\u00f3venes es una tentaci\u00f3n que siempre ha existido\u2026 Hay muchas formas de silenciar y de volver invisibles a los j\u00f3venes. Muchas formas de anestesiarlos y adormecerlos para que no hagan \u00abruido\u00bb, para que no se pregunten y cuestionen. Hay muchas formas de tranquilizarlos para que no se involucren y sus sue\u00f1os pierdan vuelo y se vuelvan enso\u00f1aciones rastreras, peque\u00f1as, tristes\u201d.<o:p><\/o:p><\/span><\/p>\n<p style=\"margin:0cm;margin-bottom:.0001pt;background:white;box-sizing: border-box;\n-webkit-tap-highlight-color: transparent;font-variant-ligatures: normal;\nfont-variant-caps: normal;orphans: 2;text-align:start;widows: 2;-webkit-text-stroke-width: 0px;\ntext-decoration-style: initial;text-decoration-color: initial;word-spacing:\n0px\"><span style=\"font-size:11.0pt;font-family:\"Calibri\",\"sans-serif\";\nmso-ascii-theme-font:minor-latin;mso-hansi-theme-font:minor-latin;mso-bidi-theme-font:\nminor-latin;color:black;mso-themecolor:text1\"><o:p>\u00a0<\/o:p><\/span><\/p>\n<p style=\"margin:0cm;margin-bottom:.0001pt;background:white\"><span style=\"font-size:11.0pt;font-family:\"Calibri\",\"sans-serif\";mso-ascii-theme-font:\nminor-latin;mso-hansi-theme-font:minor-latin;mso-bidi-theme-font:minor-latin;\ncolor:black;mso-themecolor:text1\">Queridos j\u00f3venes, dijo el Papa, est\u00e1 en ustedes la decisi\u00f3n de gritar, est\u00e1 en ustedes decidirse por el Hosanna del domingo para no caer en el \u00abcrucif\u00edcalo\u00bb del viernes. \u201cEst\u00e1 en ustedes no quedarse callados. Si los dem\u00e1s callan, si nosotros los mayores y los dirigentes callamos, si el mundo calla y pierde alegr\u00eda, les pregunto: \u00bfUstedes gritar\u00e1n?<o:p><\/o:p><\/span><\/p>\n<p class=\"MsoNormal\" style=\"margin-bottom:0cm;margin-bottom:.0001pt;line-height:\nnormal\"><span style=\"mso-bidi-font-family:Calibri;mso-bidi-theme-font:minor-latin;\ncolor:black;mso-themecolor:text1\"><o:p>\u00a0<\/o:p><\/span><\/p>\n<p style=\"margin:0cm;margin-bottom:.0001pt;background:white\"><i style=\"mso-bidi-font-style:normal\"><span style=\"font-size:11.0pt;font-family:\n\"Calibri\",\"sans-serif\";mso-ascii-theme-font:minor-latin;mso-hansi-theme-font:\nminor-latin;mso-bidi-theme-font:minor-latin;color:black;mso-themecolor:text1;\nmso-bidi-font-weight:bold\">Tomado de Vatican News por Renato Martinez. 25 de marzo de 2018.<\/span><\/i><i style=\"mso-bidi-font-style:normal\"><span style=\"font-size:11.0pt;font-family:\"Calibri\",\"sans-serif\";mso-ascii-theme-font:\nminor-latin;mso-hansi-theme-font:minor-latin;mso-bidi-theme-font:minor-latin;\ncolor:black;mso-themecolor:text1\"><o:p><\/o:p><\/span><\/i><\/p>\n<p class=\"MsoNormal\" style=\"margin-bottom:0cm;margin-bottom:.0001pt;line-height:\nnormal;box-sizing: border-box;-webkit-tap-highlight-color: transparent;\nfont-variant-ligatures: normal;font-variant-caps: normal;orphans: 2;text-align:\nstart;widows: 2;-webkit-text-stroke-width: 0px;text-decoration-style: initial;\ntext-decoration-color: initial;word-spacing:0px\"><span style=\"mso-bidi-font-family:\nCalibri;mso-bidi-theme-font:minor-latin;color:black;mso-themecolor:text1\"><o:p>\u00a0<\/o:p><\/span><\/p>\n<p><a href=\"http:\/\/web.hilo.org.pe\/wp-content\/uploads\/Domingo de Ramos.jpeg\" target=\"_blank\" rel=\"noopener\">Ver archivo adjunto<\/a><\/p>\n","protected":false},"excerpt":{"rendered":"<p>El Papa Francisco presidi\u00f3 la celebraci\u00f3n eucar\u00edstica del Domingo de Ramos y de la Pasi\u00f3n del Se\u00f1or, este domingo 25 de marzo, fecha en la que tambi\u00e9n se celebra la XXXIII Jornada Mundial de la Juventud.<\/p>\n","protected":false},"author":1,"featured_media":7874,"comment_status":"closed","ping_status":"closed","sticky":false,"template":"","format":"standard","meta":{"footnotes":""},"categories":[9],"tags":[],"class_list":["post-3046","post","type-post","status-publish","format-standard","has-post-thumbnail","hentry","category-noticias"],"_links":{"self":[{"href":"https:\/\/ceas.org.pe\/index.php\/wp-json\/wp\/v2\/posts\/3046","targetHints":{"allow":["GET"]}}],"collection":[{"href":"https:\/\/ceas.org.pe\/index.php\/wp-json\/wp\/v2\/posts"}],"about":[{"href":"https:\/\/ceas.org.pe\/index.php\/wp-json\/wp\/v2\/types\/post"}],"author":[{"embeddable":true,"href":"https:\/\/ceas.org.pe\/index.php\/wp-json\/wp\/v2\/users\/1"}],"replies":[{"embeddable":true,"href":"https:\/\/ceas.org.pe\/index.php\/wp-json\/wp\/v2\/comments?post=3046"}],"version-history":[{"count":1,"href":"https:\/\/ceas.org.pe\/index.php\/wp-json\/wp\/v2\/posts\/3046\/revisions"}],"predecessor-version":[{"id":6174,"href":"https:\/\/ceas.org.pe\/index.php\/wp-json\/wp\/v2\/posts\/3046\/revisions\/6174"}],"wp:featuredmedia":[{"embeddable":true,"href":"https:\/\/ceas.org.pe\/index.php\/wp-json\/wp\/v2\/media\/7874"}],"wp:attachment":[{"href":"https:\/\/ceas.org.pe\/index.php\/wp-json\/wp\/v2\/media?parent=3046"}],"wp:term":[{"taxonomy":"category","embeddable":true,"href":"https:\/\/ceas.org.pe\/index.php\/wp-json\/wp\/v2\/categories?post=3046"},{"taxonomy":"post_tag","embeddable":true,"href":"https:\/\/ceas.org.pe\/index.php\/wp-json\/wp\/v2\/tags?post=3046"}],"curies":[{"name":"wp","href":"https:\/\/api.w.org\/{rel}","templated":true}]}}