{"id":3045,"date":"2018-03-25T02:34:15","date_gmt":"2018-03-25T02:34:15","guid":{"rendered":""},"modified":"2026-03-11T09:11:58","modified_gmt":"2026-03-11T14:11:58","slug":"con-santa-misa-y-reflexion-ceas-celebro-53-anos-de-servicio","status":"publish","type":"post","link":"https:\/\/ceas.org.pe\/index.php\/2018\/03\/25\/con-santa-misa-y-reflexion-ceas-celebro-53-anos-de-servicio\/","title":{"rendered":"Con Santa Misa y reflexi\u00f3n CEAS celebr\u00f3 53 a\u00f1os de servicio"},"content":{"rendered":"<p style=\"margin-top:4.5pt;margin-right:0cm;margin-bottom:4.5pt;margin-left:\n0cm;text-align:justify;line-height:115%;background:white\"><span style=\"font-size:11.0pt;line-height:115%;font-family:\"Calibri\",\"sans-serif\"\">CEAS, celebr\u00f3 sus 53 a\u00f1os de vida institucional con una Eucarist\u00eda celebrada en la Capilla de la Conferencia Episcopal Peruana, el martes 20 de marzo. Estuvo presidida por nuestro nuevo Obispo Presidente, Monse\u00f1or Jorge Izaguirre, CSC y concelebrada por Monse\u00f1or H\u00e9ctor <span style=\"mso-spacerun:yes\">\u00a0<\/span>Miguel Cabrejos, OFM; Arzobispo de Trujillo, Presidente de la Conferencia Episcopal Peruana, por Monse\u00f1or Arturo Colgan, CSC, Obispo Auxiliar de Chosica y los sacerdotes Carlos Castillo M. y Ciro Quispe.<o:p><\/o:p><\/span><\/p>\n<p style=\"margin-top:4.5pt;margin-right:0cm;margin-bottom:4.5pt;margin-left:\n0cm;text-align:justify;line-height:115%;background:white\"><span style=\"font-size:11.0pt;line-height:115%;font-family:\"Calibri\",\"sans-serif\"\">Durante su homil\u00eda, Monse\u00f1or Jorge Izaguirre resalt\u00f3 el ser y quehacer de CEAS a lo largo de estos a\u00f1os, el retornar a sus fuentes que implica la necesidad de una mirada interna y de trabajo en conjunto con los miembros actuales y con la ayuda de agentes pastorales, religiosos\/as, instituciones de sociedad civil y del Estado, para defender y promover los derechos humanos universales, indivisibles, inalienables e inviolables de todas las personas sin excepci\u00f3n.<o:p><\/o:p><\/span><\/p>\n<p style=\"margin-top:4.5pt;margin-right:0cm;margin-bottom:4.5pt;margin-left:\n0cm;text-align:justify;line-height:115%;background:white\"><span style=\"font-size:11.0pt;line-height:115%;font-family:\"Calibri\",\"sans-serif\"\">Despu\u00e9s de la Eucarist\u00eda, <\/span><span lang=\"ES\" style=\"font-size:11.0pt;line-height:\n115%;font-family:\"Calibri\",\"sans-serif\";mso-ansi-language:ES\">en un ambiente c\u00e1lido y de mucha cercan\u00eda, se desarroll\u00f3 una reflexi\u00f3n colectiva sobre <span style=\"mso-spacerun:yes\">\u00a0<\/span><b><i>\u00abLa Misi\u00f3n de la Comisi\u00f3n Episcopal de Acci\u00f3n Social: De Medell\u00edn a la Era Francisco\u00bb<\/i><\/b><i><span style=\"mso-bidi-font-weight:bold\">,<b> <\/b><\/span><\/i>con la participaci\u00f3n de la Hna. Margarita Recavarren, religiosa del Sagrado Coraz\u00f3n, record\u00e1ndonos los principales desaf\u00edos de la II Conferencia General del Episcopado Latinoamericano y Caribe\u00f1o en Medell\u00edn, como fuente del nacimiento de CEAS, iluminando su misi\u00f3n y quehacer.<o:p><\/o:p><\/span><\/p>\n<p style=\"margin-top:4.5pt;margin-right:0cm;margin-bottom:4.5pt;margin-left:\n0cm;text-align:justify;line-height:115%;background:white\"><span lang=\"ES\" style=\"font-size:11.0pt;line-height:115%;font-family:\"Calibri\",\"sans-serif\";\nmso-ansi-language:ES\">Estuvo tambi\u00e9n Monse\u00f1or Arturo Colgan, quien comparti\u00f3 desde su experiencia como miembro de CEAS en sus primeros a\u00f1os de creaci\u00f3n, los desaf\u00edos que nos presenta el testimonio del Papa Francisco y su nuevo impulso para la misi\u00f3n de CEAS. Por su parte Javier Jahncke de la red Muqui, nos habl\u00f3 de los desaf\u00edos que nos dej\u00f3 el Papa Francisco sobre el Cuidado de los Bienes de la Creaci\u00f3n, destacando la defensa y promoci\u00f3n de los derechos de las poblaciones afectadas especialmente la miner\u00eda. Y finalmente R\u00f3mulo Torres de FSP, nos habl\u00f3 de los desaf\u00edos de CEAS en la alianza con <span style=\"mso-spacerun:yes\">\u00a0<\/span>la sociedad civil peruana frente a la acci\u00f3n social de la Iglesia en los tiempos actuales. Moder\u00f3 la reuni\u00f3n Silvia Alayo, responsable del Programa Justicia Penal y Penitenciaria y <span style=\"mso-spacerun:yes\">\u00a0<\/span>Humberto Ortiz, Secretario Ejecutivo de CEAS, hizo una reflexi\u00f3n final en la perspectiva de una \u201cIglesia en salida\u201d (Cfr. Papa Francisco).<o:p><\/o:p><\/span><\/p>\n<p style=\"margin-top:4.5pt;margin-right:0cm;margin-bottom:4.5pt;margin-left:\n0cm;text-align:justify;line-height:115%;background:white\"><span lang=\"ES\" style=\"font-size:11.0pt;line-height:115%;font-family:\"Calibri\",\"sans-serif\";\nmso-ansi-language:ES\">Tambi\u00e9n se hizo un reconocimiento a los casi 10 a\u00f1os de voluntariado de Walter Blake en CEAS en que nos viene aportando profesionalmente, humanamente, en su generosa entrega en el servicio.<o:p><\/o:p><\/span><\/p>\n<p class=\"MsoNormal\" style=\"text-align:justify;line-height:115%\"><span lang=\"ES\" style=\"mso-ansi-language:ES\">Agradecemos la asistencia de quienes estuvieron presentes, las innumerables muestras de cari\u00f1o que recibimos mediante mensajes y los lindos detalles que dieron realce a nuestro aniversario.<\/span><span lang=\"ES\" style=\"mso-ascii-font-family:Calibri;mso-hansi-font-family:Calibri;\nmso-bidi-font-family:Calibri;mso-ansi-language:ES\"><o:p><\/o:p><\/span><\/p>\n<p><a href=\"http:\/\/web.hilo.org.pe\/wp-content\/uploads\/foto web.jpg\" target=\"_blank\" rel=\"noopener\">Ver archivo adjunto<\/a><\/p>\n","protected":false},"excerpt":{"rendered":"<p>CEAS, celebr\u00f3 sus 53 a\u00f1os de vida institucional con una Eucarist\u00eda en la Capilla de la Conferencia Episcopal Peruana y una reflexi\u00f3n colectiva sobre \u00abLa Misi\u00f3n de la Comisi\u00f3n Episcopal de Acci\u00f3n Social: De Medell\u00edn a la Era Francisco\u00bb, el martes 20 de marzo.<\/p>\n","protected":false},"author":1,"featured_media":7861,"comment_status":"closed","ping_status":"closed","sticky":false,"template":"","format":"standard","meta":{"footnotes":""},"categories":[9],"tags":[],"class_list":["post-3045","post","type-post","status-publish","format-standard","has-post-thumbnail","hentry","category-noticias"],"_links":{"self":[{"href":"https:\/\/ceas.org.pe\/index.php\/wp-json\/wp\/v2\/posts\/3045","targetHints":{"allow":["GET"]}}],"collection":[{"href":"https:\/\/ceas.org.pe\/index.php\/wp-json\/wp\/v2\/posts"}],"about":[{"href":"https:\/\/ceas.org.pe\/index.php\/wp-json\/wp\/v2\/types\/post"}],"author":[{"embeddable":true,"href":"https:\/\/ceas.org.pe\/index.php\/wp-json\/wp\/v2\/users\/1"}],"replies":[{"embeddable":true,"href":"https:\/\/ceas.org.pe\/index.php\/wp-json\/wp\/v2\/comments?post=3045"}],"version-history":[{"count":1,"href":"https:\/\/ceas.org.pe\/index.php\/wp-json\/wp\/v2\/posts\/3045\/revisions"}],"predecessor-version":[{"id":6175,"href":"https:\/\/ceas.org.pe\/index.php\/wp-json\/wp\/v2\/posts\/3045\/revisions\/6175"}],"wp:featuredmedia":[{"embeddable":true,"href":"https:\/\/ceas.org.pe\/index.php\/wp-json\/wp\/v2\/media\/7861"}],"wp:attachment":[{"href":"https:\/\/ceas.org.pe\/index.php\/wp-json\/wp\/v2\/media?parent=3045"}],"wp:term":[{"taxonomy":"category","embeddable":true,"href":"https:\/\/ceas.org.pe\/index.php\/wp-json\/wp\/v2\/categories?post=3045"},{"taxonomy":"post_tag","embeddable":true,"href":"https:\/\/ceas.org.pe\/index.php\/wp-json\/wp\/v2\/tags?post=3045"}],"curies":[{"name":"wp","href":"https:\/\/api.w.org\/{rel}","templated":true}]}}