{"id":3044,"date":"2018-03-23T16:32:34","date_gmt":"2018-03-23T16:32:34","guid":{"rendered":""},"modified":"2026-03-11T09:11:58","modified_gmt":"2026-03-11T14:11:58","slug":"caritas-invita-a-un-viaje-de-fe-esperanza-y-amor-con-migrantes","status":"publish","type":"post","link":"https:\/\/ceas.org.pe\/index.php\/2018\/03\/23\/caritas-invita-a-un-viaje-de-fe-esperanza-y-amor-con-migrantes\/","title":{"rendered":"Caritas invita a un viaje de fe, esperanza y amor con migrantes"},"content":{"rendered":"<p><span style=\"font-family: Calibri, sans-serif; font-size: 11pt; text-align: justify;\">En su mensaje de Pascua, el Presidente de Caritas Internationalis, Cardenal Luis A. Tagle, expresa que todos los que formamos parte de Caritas invitamos a que se unan a nosotros en un viaje de fe, esperanza y amor con migrantes.<\/span><\/p>\n<p style=\"margin-top:0cm;margin-right:0cm;margin-bottom:11.25pt;margin-left:\n0cm;text-align:justify;background:white;font-variant-ligatures: normal;\nfont-variant-caps: normal;orphans: 2;text-align:start;widows: 2;-webkit-text-stroke-width: 0px;\ntext-decoration-style: initial;text-decoration-color: initial;word-spacing:\n0px\"><span style=\"font-size:11.0pt;font-family:\"Calibri\",sans-serif;mso-ascii-theme-font:\nminor-latin;mso-hansi-theme-font:minor-latin;mso-bidi-theme-font:minor-latin;\ncolor:black;mso-themecolor:text1\">Jes\u00fas realiz\u00f3 muchos viajes a lo largo de su vida. Antes de nacer viaj\u00f3 de Nazaret a Bel\u00e9n. Como ni\u00f1o refugiado fue a Egipto. Como predicador recorri\u00f3 los caminos de Galilea. Su aparente viaje final fue al Calvario, cargando el pesado madero de la cruz.<o:p><\/o:p><\/span><\/p>\n<p style=\"margin-top:0cm;margin-right:0cm;margin-bottom:11.25pt;margin-left:\n0cm;text-align:justify;background:white;font-variant-ligatures: normal;\nfont-variant-caps: normal;orphans: 2;text-align:start;widows: 2;-webkit-text-stroke-width: 0px;\ntext-decoration-style: initial;text-decoration-color: initial;word-spacing:\n0px\"><span style=\"font-size:11.0pt;font-family:\"Calibri\",sans-serif;mso-ascii-theme-font:\nminor-latin;mso-hansi-theme-font:minor-latin;mso-bidi-theme-font:minor-latin;\ncolor:black;mso-themecolor:text1\">No obstante, lo que pareci\u00f3 haber sido el final del viaje de Jes\u00fas fue realmente el principio. Al abandonar la tumba, Cristo destruye los l\u00edmites de lo que cre\u00edamos saber. A levantarse de entre los muertos, Cristo nos invita a apartar las piedras que bloquean nuestros propios corazones y nuestra imaginaci\u00f3n, y a compartir el viaje unos con otros &#8211; en particular con los m\u00e1s vulnerables, como los\u00a0migrantes.<o:p><\/o:p><\/span><\/p>\n<p style=\"margin-top:0cm;margin-right:0cm;margin-bottom:11.25pt;margin-left:\n0cm;text-align:justify;background:white;font-variant-ligatures: normal;\nfont-variant-caps: normal;orphans: 2;text-align:start;widows: 2;-webkit-text-stroke-width: 0px;\ntext-decoration-style: initial;text-decoration-color: initial;word-spacing:\n0px\"><span style=\"font-size:11.0pt;font-family:\"Calibri\",sans-serif;mso-ascii-theme-font:\nminor-latin;mso-hansi-theme-font:minor-latin;mso-bidi-theme-font:minor-latin;\ncolor:black;mso-themecolor:text1\">En septiembre de 2017, el Papa Francisco lanz\u00f3 nuestra campa\u00f1a \u00abCompartiendo el Viaje\u00bb y nos invit\u00f3 a abrir nuestros corazones a la esperanza, que es lo que motiva a los migrantes a dejar su tierra. Tambi\u00e9n est\u00e1 en los corazones de quienes los acogen: \u00abLa esperanza es el impulso para \u00abcompartir el viaje\u00bb, porque el viaje se hace en dos: los que vienen a nuestra tierra y nosotros, que\u00a0vamos hacia su coraz\u00f3n, para entenderlos, para entender su cultura, su lengua\u00bb.<o:p><\/o:p><\/span><\/p>\n<p style=\"margin-top:0cm;margin-right:0cm;margin-bottom:11.25pt;margin-left:\n0cm;text-align:justify;background:white;font-variant-ligatures: normal;\nfont-variant-caps: normal;orphans: 2;text-align:start;widows: 2;-webkit-text-stroke-width: 0px;\ntext-decoration-style: initial;text-decoration-color: initial;word-spacing:\n0px\"><span style=\"font-size:11.0pt;font-family:\"Calibri\",sans-serif;mso-ascii-theme-font:\nminor-latin;mso-hansi-theme-font:minor-latin;mso-bidi-theme-font:minor-latin;\ncolor:black;mso-themecolor:text1\">Poco despu\u00e9s de su muerte, Jes\u00fas se les apareci\u00f3 a dos disc\u00edpulos en el camino a Ema\u00fas. Los disc\u00edpulos estaban aterrados tras la muerte de Jes\u00fas. No lo reconocieron hasta que se sentaron a comer juntos y \u00c9l parti\u00f3 el pan.<o:p><\/o:p><\/span><\/p>\n<p style=\"margin-top:0cm;margin-right:0cm;margin-bottom:11.25pt;margin-left:\n0cm;text-align:justify;background:white;font-variant-ligatures: normal;\nfont-variant-caps: normal;orphans: 2;text-align:start;widows: 2;-webkit-text-stroke-width: 0px;\ntext-decoration-style: initial;text-decoration-color: initial;word-spacing:\n0px\"><span style=\"font-size:11.0pt;font-family:\"Calibri\",sans-serif;mso-ascii-theme-font:\nminor-latin;mso-hansi-theme-font:minor-latin;mso-bidi-theme-font:minor-latin;\ncolor:black;mso-themecolor:text1\">\u00bfCu\u00e1ntas veces al d\u00eda no reconocemos a Jes\u00fas en la gente que se cruza en nuestro camino? Puede que estemos ocupados o distra\u00eddos o que estemos encerrados en la tumba de nuestros propios miedos o nuestros conceptos err\u00f3neos.<o:p><\/o:p><\/span><\/p>\n<p style=\"margin-top:0cm;margin-right:0cm;margin-bottom:11.25pt;margin-left:\n0cm;text-align:justify;background:white;font-variant-ligatures: normal;\nfont-variant-caps: normal;orphans: 2;text-align:start;widows: 2;-webkit-text-stroke-width: 0px;\ntext-decoration-style: initial;text-decoration-color: initial;word-spacing:\n0px\"><span style=\"font-size:11.0pt;font-family:\"Calibri\",sans-serif;mso-ascii-theme-font:\nminor-latin;mso-hansi-theme-font:minor-latin;mso-bidi-theme-font:minor-latin;\ncolor:black;mso-themecolor:text1\">Sin embargo, hay momentos espec\u00edficos en nuestras vidas en que necesitamos que se nos recuerde de una verdad fundamental: se nos dio el uno al otro para poder tener a alguien con quien compartir nuestros viajes.\u00a0<o:p><\/o:p><\/span><\/p>\n<p style=\"margin-top:0cm;margin-right:0cm;margin-bottom:11.25pt;margin-left:\n0cm;text-align:justify;background:white;font-variant-ligatures: normal;\nfont-variant-caps: normal;orphans: 2;text-align:start;widows: 2;-webkit-text-stroke-width: 0px;\ntext-decoration-style: initial;text-decoration-color: initial;word-spacing:\n0px\"><span style=\"font-size:11.0pt;font-family:\"Calibri\",sans-serif;mso-ascii-theme-font:\nminor-latin;mso-hansi-theme-font:minor-latin;mso-bidi-theme-font:minor-latin;\ncolor:black;mso-themecolor:text1\">Un peque\u00f1o gesto, como tenderle la mano a alguien, significa mucho puesto que toca diferentes niveles de la existencia humana. Este es el gesto que estamos alentando a todos a hacer como parte de Compartiendo el Viaje.<o:p><\/o:p><\/span><\/p>\n<p style=\"margin-top:0cm;margin-right:0cm;margin-bottom:11.25pt;margin-left:\n0cm;text-align:justify;background:white;font-variant-ligatures: normal;\nfont-variant-caps: normal;orphans: 2;text-align:start;widows: 2;-webkit-text-stroke-width: 0px;\ntext-decoration-style: initial;text-decoration-color: initial;word-spacing:\n0px\"><span style=\"font-size:11.0pt;font-family:\"Calibri\",sans-serif;mso-ascii-theme-font:\nminor-latin;mso-hansi-theme-font:minor-latin;mso-bidi-theme-font:minor-latin;\ncolor:black;mso-themecolor:text1\">Yo tiendo la mano y si una persona se siente sola y aislada, mi gesto es un gesto de solidaridad. Si tiendo la mano y esa persona est\u00e1 herida, podr\u00eda ser un signo de sanaci\u00f3n. Si tiendo la mano y la persona est\u00e1 perdida, podr\u00eda significar que le ofrezco orientaci\u00f3n. Si tiendo la mano y la persona\u00a0siente que no le importa a nadie, ser\u00e1 una se\u00f1al de amistad.\u00a0<o:p><\/o:p><\/span><\/p>\n<p style=\"margin-top:0cm;margin-right:0cm;margin-bottom:11.25pt;margin-left:\n0cm;text-align:justify;background:white;font-variant-ligatures: normal;\nfont-variant-caps: normal;orphans: 2;text-align:start;widows: 2;-webkit-text-stroke-width: 0px;\ntext-decoration-style: initial;text-decoration-color: initial;word-spacing:\n0px\"><span style=\"font-size:11.0pt;font-family:\"Calibri\",sans-serif;mso-ascii-theme-font:\nminor-latin;mso-hansi-theme-font:minor-latin;mso-bidi-theme-font:minor-latin;\ncolor:black;mso-themecolor:text1\">Cristo tuvo el \u00faltimo gesto de llegar a otros en la cruz. Abri\u00f3 sus brazos y se vaci\u00f3 para recibir la voluntad de Dios.<o:p><\/o:p><\/span><\/p>\n<p style=\"margin-top:0cm;margin-right:0cm;margin-bottom:11.25pt;margin-left:\n0cm;text-align:justify;background:white;font-variant-ligatures: normal;\nfont-variant-caps: normal;orphans: 2;text-align:start;widows: 2;-webkit-text-stroke-width: 0px;\ntext-decoration-style: initial;text-decoration-color: initial;word-spacing:\n0px\"><span style=\"font-size:11.0pt;font-family:\"Calibri\",sans-serif;mso-ascii-theme-font:\nminor-latin;mso-hansi-theme-font:minor-latin;mso-bidi-theme-font:minor-latin;\ncolor:black;mso-themecolor:text1\">Nosotros no necesariamente tenemos que hacer cosas extraordinarias o extravagantes para hacer una diferencia en la vida de la gente. Los gestos peque\u00f1os, sencillos, cuando se hacen con sinceridad, con la luz del entendimiento humano y compasi\u00f3n, pueden hacer cosas extraordinarias.<o:p><\/o:p><\/span><\/p>\n<p style=\"margin-top:0cm;margin-right:0cm;margin-bottom:11.25pt;margin-left:\n0cm;text-align:justify;background:white;font-variant-ligatures: normal;\nfont-variant-caps: normal;orphans: 2;text-align:start;widows: 2;-webkit-text-stroke-width: 0px;\ntext-decoration-style: initial;text-decoration-color: initial;word-spacing:\n0px\"><span style=\"font-size:11.0pt;font-family:\"Calibri\",sans-serif;mso-ascii-theme-font:\nminor-latin;mso-hansi-theme-font:minor-latin;mso-bidi-theme-font:minor-latin;\ncolor:black;mso-themecolor:text1\">Les invitamos a unirse a nosotros haciendo peque\u00f1os gestos para mostrar compasi\u00f3n por los migrantes con quienes se encuentran en sus caminos diarios. Les invitamos a ver a Jes\u00fas en el migrante y en ustedes mismos.<o:p><\/o:p><\/span><\/p>\n<p style=\"margin-top:0cm;margin-right:0cm;margin-bottom:11.25pt;margin-left:\n0cm;text-align:justify;background:white;font-variant-ligatures: normal;\nfont-variant-caps: normal;orphans: 2;text-align:start;widows: 2;-webkit-text-stroke-width: 0px;\ntext-decoration-style: initial;text-decoration-color: initial;word-spacing:\n0px\"><span style=\"font-size:11.0pt;font-family:\"Calibri\",sans-serif;mso-ascii-theme-font:\nminor-latin;mso-hansi-theme-font:minor-latin;mso-bidi-theme-font:minor-latin;\ncolor:black;mso-themecolor:text1\">La semana del 17 al 24 de junio de 2018, llevaremos a cabo una semana mundial de acci\u00f3n como parte de Compartiendo el Viaje. Ustedes pueden unirse a organizaciones Caritas y a migrantes alrededor del mundo y participar en las actividades que organizaremos esa semana. En especial, al igual que Jes\u00fas y los disc\u00edpulos en Ema\u00fas, les invitamos a compartir una comida con migrantes como recordatorio de nuestra unidad como una sola familia mundial y de la necesidad que tenemos uno del otro.<o:p><\/o:p><\/span><\/p>\n<p style=\"margin-top:0cm;margin-right:0cm;margin-bottom:11.25pt;margin-left:\n0cm;text-align:justify;background:white;font-variant-ligatures: normal;\nfont-variant-caps: normal;orphans: 2;text-align:start;widows: 2;-webkit-text-stroke-width: 0px;\ntext-decoration-style: initial;text-decoration-color: initial;word-spacing:\n0px\"><span style=\"font-size:11.0pt;font-family:\"Calibri\",sans-serif;mso-ascii-theme-font:\nminor-latin;mso-hansi-theme-font:minor-latin;mso-bidi-theme-font:minor-latin;\ncolor:black;mso-themecolor:text1\">Esperamos que mediante estos peque\u00f1os actos de comprensi\u00f3n y comuni\u00f3n crearemos una ola de\u00a0solidaridad mundial que aparte las piedras que nos est\u00e1n bloqueando y nos lleve en un viaje que encienda nuestra imaginaci\u00f3n. Al utilizar nuestras energ\u00edas colectivas en todo el mundo &#8211; migrantes, refugiados y comunidades juntos &#8211; le prenderemos fuego al mundo con el amor de Dios.<o:p><\/o:p><\/span><\/p>\n<p style=\"margin-top:0cm;margin-right:0cm;margin-bottom:11.25pt;margin-left:\n0cm;text-align:justify;background:white;font-variant-ligatures: normal;\nfont-variant-caps: normal;orphans: 2;text-align:start;widows: 2;-webkit-text-stroke-width: 0px;\ntext-decoration-style: initial;text-decoration-color: initial;word-spacing:\n0px\"><span style=\"font-size:11.0pt;font-family:\"Calibri\",sans-serif;mso-ascii-theme-font:\nminor-latin;mso-hansi-theme-font:minor-latin;mso-bidi-theme-font:minor-latin;\ncolor:black;mso-themecolor:text1\">*Para Caritas, un migrante es una persona en tr\u00e1nsito, que necesita acompa\u00f1amiento, apoyo y protecci\u00f3n. En nuestra campa\u00f1a utilizamos este t\u00e9rmino amplio para referirnos a los migrantes.<o:p><\/o:p><\/span><\/p>\n<p style=\"margin-top:0cm;margin-right:0cm;margin-bottom:11.25pt;margin-left:\n0cm;text-align:justify;background:white;font-variant-ligatures: normal;\nfont-variant-caps: normal;orphans: 2;text-align:start;widows: 2;-webkit-text-stroke-width: 0px;\ntext-decoration-style: initial;text-decoration-color: initial;word-spacing:\n0px\"><span style=\"font-size:11.0pt;font-family:\"Calibri\",sans-serif;mso-ascii-theme-font:\nminor-latin;mso-hansi-theme-font:minor-latin;mso-bidi-theme-font:minor-latin;\ncolor:black;mso-themecolor:text1\">Pueden ser refugiados o solicitantes de asilo. Pueden ser desplazados internos en su propio pa\u00eds debido a un conflicto o un desastre natural, o es posible que se hayan desplazado en busca de empleo. Pueden ser adultos o ni\u00f1os, solos o con sus familias. Es posible que hayan sido v\u00edctimas de la trata de personas.<o:p><\/o:p><\/span><\/p>\n<p class=\"MsoNormal\"><i style=\"mso-bidi-font-style:normal\"><span style=\"mso-bidi-font-family:Calibri;mso-bidi-theme-font:minor-latin;color:black;\nmso-themecolor:text1;background:white\">C\u00e1ritas Am\u00e9rica Latina y el Caribe. Marzo 2018.<\/span><o:p><\/o:p><\/i><\/p>\n<p><a href=\"http:\/\/web.hilo.org.pe\/wp-content\/uploads\/EJEMPLO AFICHE web.jpg\" target=\"_blank\" rel=\"noopener\">Ver archivo adjunto<\/a><\/p>\n","protected":false},"excerpt":{"rendered":"<p>Les invitamos a unirse a nosotros haciendo peque\u00f1os gestos para mostrar compasi\u00f3n por los migrantes con quienes se encuentran en sus caminos diarios. Les invitamos a ver a Jes\u00fas en el migrante y en ustedes mismos en un viaje de fe, esperanza y amor.<\/p>\n","protected":false},"author":1,"featured_media":7878,"comment_status":"closed","ping_status":"closed","sticky":false,"template":"","format":"standard","meta":{"footnotes":""},"categories":[9],"tags":[],"class_list":["post-3044","post","type-post","status-publish","format-standard","has-post-thumbnail","hentry","category-noticias"],"_links":{"self":[{"href":"https:\/\/ceas.org.pe\/index.php\/wp-json\/wp\/v2\/posts\/3044","targetHints":{"allow":["GET"]}}],"collection":[{"href":"https:\/\/ceas.org.pe\/index.php\/wp-json\/wp\/v2\/posts"}],"about":[{"href":"https:\/\/ceas.org.pe\/index.php\/wp-json\/wp\/v2\/types\/post"}],"author":[{"embeddable":true,"href":"https:\/\/ceas.org.pe\/index.php\/wp-json\/wp\/v2\/users\/1"}],"replies":[{"embeddable":true,"href":"https:\/\/ceas.org.pe\/index.php\/wp-json\/wp\/v2\/comments?post=3044"}],"version-history":[{"count":1,"href":"https:\/\/ceas.org.pe\/index.php\/wp-json\/wp\/v2\/posts\/3044\/revisions"}],"predecessor-version":[{"id":6176,"href":"https:\/\/ceas.org.pe\/index.php\/wp-json\/wp\/v2\/posts\/3044\/revisions\/6176"}],"wp:featuredmedia":[{"embeddable":true,"href":"https:\/\/ceas.org.pe\/index.php\/wp-json\/wp\/v2\/media\/7878"}],"wp:attachment":[{"href":"https:\/\/ceas.org.pe\/index.php\/wp-json\/wp\/v2\/media?parent=3044"}],"wp:term":[{"taxonomy":"category","embeddable":true,"href":"https:\/\/ceas.org.pe\/index.php\/wp-json\/wp\/v2\/categories?post=3044"},{"taxonomy":"post_tag","embeddable":true,"href":"https:\/\/ceas.org.pe\/index.php\/wp-json\/wp\/v2\/tags?post=3044"}],"curies":[{"name":"wp","href":"https:\/\/api.w.org\/{rel}","templated":true}]}}