{"id":3043,"date":"2018-03-27T13:55:46","date_gmt":"2018-03-27T13:55:46","guid":{"rendered":""},"modified":"2026-03-11T09:11:58","modified_gmt":"2026-03-11T14:11:58","slug":"una-iglesia-amazonica","status":"publish","type":"post","link":"https:\/\/ceas.org.pe\/index.php\/2018\/03\/27\/una-iglesia-amazonica\/","title":{"rendered":"Una Iglesia Amaz\u00f3nica"},"content":{"rendered":"<h4 style=\"margin-top:0cm;margin-right:0cm;margin-bottom:12.0pt;margin-left:\n0cm;background:white\"><span style=\"font-size:11.0pt;font-family:\"Calibri\",sans-serif;\nmso-ascii-theme-font:minor-latin;mso-hansi-theme-font:minor-latin;mso-bidi-theme-font:\nminor-latin;color:black;mso-themecolor:text1\">Entrevista: Julio Heredia |\u00a0Para Mart\u00ednez de Aguirre, el obispo vasco de Madre de Dios, la nueva Iglesia tiene rostro selv\u00e1tico<o:p><\/o:p><\/span><\/h4>\n<p class=\"MsoNormal\"><strong><span style=\"font-family:\"Calibri\",sans-serif;\nmso-ascii-theme-font:minor-latin;mso-hansi-theme-font:minor-latin;mso-bidi-theme-font:\nminor-latin;color:black;mso-themecolor:text1;background:white\">La pasada visita del Papa a Puerto Maldonado ha marcado un hito hist\u00f3rico en la Iglesia Cat\u00f3lica. A ojos de observadores vaticanos, fue la forma de darle concreci\u00f3n a la enc\u00edclica\u00a0<\/span><\/strong><em><b><span style=\"font-family:\"Calibri\",sans-serif;\nmso-ascii-theme-font:minor-latin;mso-hansi-theme-font:minor-latin;mso-bidi-theme-font:\nminor-latin;color:black;mso-themecolor:text1;background:white\">Laudato<\/span><\/b><\/em><strong><span style=\"font-family:\"Calibri\",sans-serif;mso-ascii-theme-font:minor-latin;\nmso-hansi-theme-font:minor-latin;mso-bidi-theme-font:minor-latin;color:black;\nmso-themecolor:text1;background:white\">\u00a0<\/span><\/strong><em><b><span style=\"font-family:\"Calibri\",sans-serif;mso-ascii-theme-font:minor-latin;\nmso-hansi-theme-font:minor-latin;mso-bidi-theme-font:minor-latin;color:black;\nmso-themecolor:text1;background:white\">Si<\/span><\/b><\/em><strong><span style=\"font-family:\"Calibri\",sans-serif;mso-ascii-theme-font:minor-latin;\nmso-hansi-theme-font:minor-latin;mso-bidi-theme-font:minor-latin;color:black;\nmso-themecolor:text1;background:white\">\u00a0sobre la problem\u00e1tica ambiental del mundo. La cosa no ha quedado all\u00ed, pues el propio Francisco ha convocado para el pr\u00f3ximo a\u00f1o un\u00a0<\/span><\/strong><em><b><span style=\"font-family:\n\"Calibri\",sans-serif;mso-ascii-theme-font:minor-latin;mso-hansi-theme-font:\nminor-latin;mso-bidi-theme-font:minor-latin;color:black;mso-themecolor:text1;\nbackground:white\">S\u00ednodo Panamaz\u00f3nico<\/span><\/b><\/em><strong><span style=\"font-family:\"Calibri\",sans-serif;mso-ascii-theme-font:minor-latin;\nmso-hansi-theme-font:minor-latin;mso-bidi-theme-font:minor-latin;color:black;\nmso-themecolor:text1;background:white\">\u00a0que muy posiblemente tenga lugar tambi\u00e9n en la capital de Madre de Dios.<o:p><\/o:p><\/span><\/strong><\/p>\n<p class=\"MsoNormal\"><span style=\"mso-bidi-font-family:Calibri;mso-bidi-theme-font:\nminor-latin;color:black;mso-themecolor:text1;background:white\">Un S\u00ednodo es una asamblea de obispos escogidos por el Papa de las distintas regiones del mundo y tiene como tarea\u00a0\u201cayudar al Romano Pont\u00edfice\u00a0en el gobierno de la Iglesia universal d\u00e1ndole su consejo\u201d. Las asambleas sinodales tratan ordinariamente cuestiones relativas a la Iglesia universal, aunque tambi\u00e9n pueden referirse a las Iglesias particulares. Tal ser\u00e1 el caso del S\u00ednodo Panamaz\u00f3nico que tendr\u00e1 lugar en 2019. Estar\u00e1 compuesto por los obispos de nueve pa\u00edses sudamericanos que tienen a su cargo vicariatos en esa enorme regi\u00f3n del mundo considerada el \u201cpulm\u00f3n del planeta\u201d. Monse\u00f1or David Mart\u00ednez de Aguirre, obispo de Madre de Dios, integra la comisi\u00f3n preparatoria y se apresta a reunirse con el Papa en Roma el 12 y 13 de abril para preparar este hist\u00f3rico s\u00ednodo cuya reuni\u00f3n cumbre muy posiblemente tendr\u00e1 lugar tambi\u00e9n en Puerto Maldonado. Es lo que desea profundamente nuestro entrevistado:<\/span><o:p><\/o:p><\/p>\n<p style=\"background:white\"><strong><span style=\"font-size:11.0pt;font-family:\n\"Calibri\",sans-serif;mso-ascii-theme-font:minor-latin;mso-hansi-theme-font:\nminor-latin;mso-bidi-theme-font:minor-latin;color:black;mso-themecolor:text1\">\u2013\u00bfCu\u00e1ndo lleg\u00f3 a la Selva?<\/span><\/strong><span style=\"font-size:11.0pt;font-family:\n\"Calibri\",sans-serif;mso-ascii-theme-font:minor-latin;mso-hansi-theme-font:\nminor-latin;mso-bidi-theme-font:minor-latin;color:black;mso-themecolor:text1\"><br \/>\n\u2212Estoy desde el 2015. Pero la primera vez que vine al Per\u00fa estuve ya en Madre de Dios, me qued\u00e9 en Tambopata. Navegu\u00e9 pr\u00e1cticamente todo el r\u00edo Madre de Dios. Todav\u00eda no era sacerdote. Luego volv\u00ed el a\u00f1o 2001, ya como sacerdote, y estuve cuatro meses dando clases en el seminario. Luego he estado en el Bajo Urubamba con los Machiguengas hasta el 2014 que me nombraron obispo.<o:p><\/o:p><\/span><\/p>\n<p style=\"background:white;font-variant-ligatures: normal;font-variant-caps: normal;\norphans: 2;text-align:start;widows: 2;-webkit-text-stroke-width: 0px;\ntext-decoration-style: initial;text-decoration-color: initial;word-spacing:\n0px\"><strong><span style=\"font-size:11.0pt;font-family:\"Calibri\",sans-serif;\nmso-ascii-theme-font:minor-latin;mso-hansi-theme-font:minor-latin;mso-bidi-theme-font:\nminor-latin;color:black;mso-themecolor:text1\">\u2013Usted procede del Pa\u00eds Vasco, de un clima m\u00e1s bien fr\u00edo, \u00bfno le afect\u00f3 el calor, la humedad?<\/span><\/strong><span style=\"font-size:11.0pt;font-family:\"Calibri\",sans-serif;mso-ascii-theme-font:\nminor-latin;mso-hansi-theme-font:minor-latin;mso-bidi-theme-font:minor-latin;\ncolor:black;mso-themecolor:text1\"><br \/>\n\u2212S\u00ed vengo de un clima seco y fr\u00edo. Al principio me dio miedo, pues me daban dolores de cabeza, y mi primera experiencia se dio entre agosto y octubre que son los meses m\u00e1s calurosos y me dec\u00eda \u00a1Dios m\u00edo! quiz\u00e1s no voy a soportar, el cuerpo no lo va a aguantar, pero en alg\u00fan momento se lo coment\u00e9 a un nativo de Madre de Dios y me dijo: \u201cPadre, a nosotros tambi\u00e9n nos duele la cabeza\u201d\u2026Entonces me dije, si los nativos lo soportan por qu\u00e9 no lo voy a soportar yo\u2026.Y hasta el d\u00eda de hoy, ya ni me percato si hace calor o fr\u00edo, aqu\u00ed estamos.<o:p><\/o:p><\/span><\/p>\n<p style=\"background:white\"><strong><span style=\"font-size:11.0pt;font-family:\n\"Calibri\",sans-serif;mso-ascii-theme-font:minor-latin;mso-hansi-theme-font:\nminor-latin;mso-bidi-theme-font:minor-latin;color:black;mso-themecolor:text1\">\u2013Bueno, es usted heredero de los misioneros que llegaron desde finales del siglo XV con Col\u00f3n\u2026<\/span><\/strong><span style=\"font-size:11.0pt;font-family:\"Calibri\",sans-serif;\nmso-ascii-theme-font:minor-latin;mso-hansi-theme-font:minor-latin;mso-bidi-theme-font:\nminor-latin;color:black;mso-themecolor:text1\"><br \/>\n\u2212Mire, a los dominicos nos gusta sentirnos herederos del esp\u00edritu de Bartolom\u00e9 de Las Casas, conservamos ese ideal, y tenemos esa escuela que considera que las personas con las que uno se encuentra siempre tienen algo que decir y aportar, y a partir de all\u00ed descubrir en ellas los nuevos rostros de Cristo y del Evangelio. De Las Casas, Montesinos y aquellos frailes tuvieron esa grandeza de dejarse impactar por aquellos indios (como les llamaban en aquella \u00e9poca) y esas culturas, y empezar a ver la vida (y hasta interpretar la teolog\u00eda) a partir de aquella mirada.<o:p><\/o:p><\/span><\/p>\n<p style=\"background:white;font-variant-ligatures: normal;font-variant-caps: normal;\norphans: 2;text-align:start;widows: 2;-webkit-text-stroke-width: 0px;\ntext-decoration-style: initial;text-decoration-color: initial;word-spacing:\n0px\"><strong><span style=\"font-size:11.0pt;font-family:\"Calibri\",sans-serif;\nmso-ascii-theme-font:minor-latin;mso-hansi-theme-font:minor-latin;mso-bidi-theme-font:\nminor-latin;color:black;mso-themecolor:text1\">\u2013Lo desconcertante es que en aquel momento hasta se puso en duda la condici\u00f3n humana de aquellas gentes\u2026<\/span><\/strong><span style=\"font-size:11.0pt;font-family:\"Calibri\",sans-serif;mso-ascii-theme-font:\nminor-latin;mso-hansi-theme-font:minor-latin;mso-bidi-theme-font:minor-latin;\ncolor:black;mso-themecolor:text1\"><br \/>\n\u2212As\u00ed es, as\u00ed es. Y es curioso porque aquellos frailes pertenec\u00edan a una cultura que era la dominante, el colonialismo europeo, sin embargo fueron capaces de darle la vuelta a la tortilla, y ellos mismos fueron capaces no de cambiar a Am\u00e9rica sino de cambiar a Europa, fue tal el efecto que cambian las leyes, cambian las ideas, se produce toda una revoluci\u00f3n.<o:p><\/o:p><\/span><\/p>\n<p style=\"background:white;font-variant-ligatures: normal;font-variant-caps: normal;\norphans: 2;text-align:start;widows: 2;-webkit-text-stroke-width: 0px;\ntext-decoration-style: initial;text-decoration-color: initial;word-spacing:\n0px\"><strong><span style=\"font-size:11.0pt;font-family:\"Calibri\",sans-serif;\nmso-ascii-theme-font:minor-latin;mso-hansi-theme-font:minor-latin;mso-bidi-theme-font:\nminor-latin;color:black;mso-themecolor:text1\">\u2013Hay hasta una influencia en los fil\u00f3sofos del Siglo de las Luces despu\u00e9s\u2026<\/span><\/strong><span style=\"font-size:11.0pt;font-family:\"Calibri\",sans-serif;mso-ascii-theme-font:\nminor-latin;mso-hansi-theme-font:minor-latin;mso-bidi-theme-font:minor-latin;\ncolor:black;mso-themecolor:text1\"><br \/>\n\u2212Exacto, a partir de ese hecho hist\u00f3rico va surgiendo todo un pensamiento diferente\u2026<o:p><\/o:p><\/span><\/p>\n<p style=\"background:white\"><strong><span style=\"font-size:11.0pt;font-family:\n\"Calibri\",sans-serif;mso-ascii-theme-font:minor-latin;mso-hansi-theme-font:\nminor-latin;mso-bidi-theme-font:minor-latin;color:black;mso-themecolor:text1\">\u2013Sin embargo, Monse\u00f1or, cinco siglos despu\u00e9s en algunos lugares pareciera que las cosas no han cambiado mucho\u2026<\/span><\/strong><span style=\"font-size:11.0pt;\nfont-family:\"Calibri\",sans-serif;mso-ascii-theme-font:minor-latin;mso-hansi-theme-font:\nminor-latin;mso-bidi-theme-font:minor-latin;color:black;mso-themecolor:text1\"><br \/>\n\u2212La Amazon\u00eda es un lugar codiciado por muchas miradas. Y no son miradas inocentes. Estamos en un momento en que tambi\u00e9n desde la Iglesia se est\u00e1 dando un giro, como en aquellos tiempos, ahora se vuelve a mirar desde estos rostros amaz\u00f3nicos. El t\u00edtulo del s\u00ednodo ser\u00e1 \u201cAmazon\u00eda, hacia una nueva Iglesia\u201d, son los rostros de estas gentes que tendr\u00e1n un efecto transformador sobre ese pensamiento obsoleto que no est\u00e1 resolviendo los problemas de la humanidad\u2026<o:p><\/o:p><\/span><\/p>\n<p style=\"background:white;font-variant-ligatures: normal;font-variant-caps: normal;\norphans: 2;text-align:start;widows: 2;-webkit-text-stroke-width: 0px;\ntext-decoration-style: initial;text-decoration-color: initial;word-spacing:\n0px\"><strong><span style=\"font-size:11.0pt;font-family:\"Calibri\",sans-serif;\nmso-ascii-theme-font:minor-latin;mso-hansi-theme-font:minor-latin;mso-bidi-theme-font:\nminor-latin;color:black;mso-themecolor:text1\">\u2013\u00bfHay que entender entonces que no solo se trata de los pueblos amaz\u00f3nicos sino de darle un nuevo mensaje a toda la humanidad globalizada?<\/span><\/strong><span style=\"font-size:11.0pt;\nfont-family:\"Calibri\",sans-serif;mso-ascii-theme-font:minor-latin;mso-hansi-theme-font:\nminor-latin;mso-bidi-theme-font:minor-latin;color:black;mso-themecolor:text1\"><br \/>\n\u2212Es un problema global en efecto, y el Papa lo define muy bien, se trata de un problema de exclusi\u00f3n en medio de una crisis ambiental.<o:p><\/o:p><\/span><\/p>\n<p style=\"background:white;font-variant-ligatures: normal;font-variant-caps: normal;\norphans: 2;text-align:start;widows: 2;-webkit-text-stroke-width: 0px;\ntext-decoration-style: initial;text-decoration-color: initial;word-spacing:\n0px\"><strong><span style=\"font-size:11.0pt;font-family:\"Calibri\",sans-serif;\nmso-ascii-theme-font:minor-latin;mso-hansi-theme-font:minor-latin;mso-bidi-theme-font:\nminor-latin;color:black;mso-themecolor:text1\">\u2013\u00bfC\u00f3mo est\u00e1 Madre de Dios, cu\u00e1l es la realidad postvisita de Francisco?<\/span><\/strong><span style=\"font-size:\n11.0pt;font-family:\"Calibri\",sans-serif;mso-ascii-theme-font:minor-latin;\nmso-hansi-theme-font:minor-latin;mso-bidi-theme-font:minor-latin;color:black;\nmso-themecolor:text1\"><br \/>\n\u2212El impacto medi\u00e1tico ha sido muy fuerte, ha sido un evento explosivo. A nivel de la Iglesia est\u00e1 teniendo ya un impacto mundial, por ello el s\u00ednodo del pr\u00f3ximo a\u00f1o. Pero en Madre de Dios habr\u00e1 todo este a\u00f1o un gran impacto pol\u00edtico. A nivel de los pueblos ind\u00edgenas ha habido ya varias reuniones y la conciencia que hay que darle continuidad al proceso. Hay que ver cu\u00e1les ser\u00e1n las nuevas pol\u00edticas respecto a la represi\u00f3n tambi\u00e9n. Se han abierto nuevas puertas y se ha visibilizado un discurso que ya estaba all\u00ed. Hay que trabajar en eso en vista al futuro.<o:p><\/o:p><\/span><\/p>\n<p style=\"background:white;font-variant-ligatures: normal;font-variant-caps: normal;\norphans: 2;text-align:start;widows: 2;-webkit-text-stroke-width: 0px;\ntext-decoration-style: initial;text-decoration-color: initial;word-spacing:\n0px\"><strong><span style=\"font-size:11.0pt;font-family:\"Calibri\",sans-serif;\nmso-ascii-theme-font:minor-latin;mso-hansi-theme-font:minor-latin;mso-bidi-theme-font:\nminor-latin;color:black;mso-themecolor:text1\">\u2013Porque se sabe que incluso algunos dirigentes ind\u00edgenas tienen alg\u00fan tipo de connivencia con ciertas autoridades implicad<\/span><\/strong><strong><span style=\"font-size:11.0pt;\nfont-family:\"Calibri\",sans-serif;mso-ascii-theme-font:minor-latin;mso-fareast-font-family:\n\"Times New Roman\";mso-fareast-theme-font:major-fareast;mso-hansi-theme-font:\nminor-latin;mso-bidi-theme-font:minor-latin;color:black;mso-themecolor:text1\">as en la deforestaci\u00f3n y en la\u00a0<\/span><\/strong><strong><span style=\"font-size:11.0pt;font-family:\"Calibri\",sans-serif;mso-ascii-theme-font:\nminor-latin;mso-hansi-theme-font:minor-latin;mso-bidi-theme-font:minor-latin;\ncolor:black;mso-themecolor:text1\">miner\u00eda ilegal\u2026<\/span><\/strong><span style=\"font-size:11.0pt;font-family:\"Calibri\",sans-serif;mso-ascii-theme-font:\nminor-latin;mso-hansi-theme-font:minor-latin;mso-bidi-theme-font:minor-latin;\ncolor:black;mso-themecolor:text1\"><br \/>\n\u2212A veces nos gusta sacar conclusiones muy r\u00e1pidas. Yo a veces digo Madre de Dios encima de ser una tierra agredida se le considera agresora. Encima de ser v\u00edctima se le considera victimaria. En estos tres a\u00f1os que llevo all\u00ed como obispo, me he dado cuenta que las cosas son muy complicadas. Para comenzar el problema, ambiental no est\u00e1 en Madre de Dios, est\u00e1 en el Per\u00fa y estando en el Per\u00fa est\u00e1 en el mundo. \u00bfCu\u00e1l es el departamento con mayor crecimiento en el Per\u00fa? \u00a1Es Madre de Dios! \u00bfY en qu\u00e9 condiciones sociales, sanitarias, vive esa gente? No solo hay abuso sexual, \u00a1hay mucho m\u00e1s abuso laboral! \u00bfDe d\u00f3nde proceden las personas? Pues proceden del Ande y de muchas partes en que viv\u00edan en estado deplorable\u2026<o:p><\/o:p><\/span><\/p>\n<p style=\"background:white;font-variant-ligatures: normal;font-variant-caps: normal;\norphans: 2;text-align:start;widows: 2;-webkit-text-stroke-width: 0px;\ntext-decoration-style: initial;text-decoration-color: initial;word-spacing:\n0px\"><strong><span style=\"font-size:11.0pt;font-family:\"Calibri\",sans-serif;\nmso-ascii-theme-font:minor-latin;mso-hansi-theme-font:minor-latin;mso-bidi-theme-font:\nminor-latin;color:black;mso-themecolor:text1\">\u2013\u00bfEntonces, una vez m\u00e1s tenemos que concluir que la responsabilidad es del Estado?, la ausencia de Estado\u2026<\/span><\/strong><span style=\"font-size:11.0pt;font-family:\"Calibri\",sans-serif;mso-ascii-theme-font:\nminor-latin;mso-hansi-theme-font:minor-latin;mso-bidi-theme-font:minor-latin;\ncolor:black;mso-themecolor:text1\"><br \/>\n\u2212Esas personas que han venido, \u00bfde qu\u00e9 infierno salen para recalar en este infierno? La problem\u00e1tica excede a Madre de Dios. El problema medioambiental tiene su causa en los bolsones de pobreza que hay en nuestra Sierra. En el cambio de gobierno entre Humala y Kuczynski se saca un \u201cdecretazo\u201d declarando a Madre de Dios zona contaminada por mercurio. Vieras la\u00a0 perplejidad de la gente, pues lo del mercurio se sab\u00eda de d\u00e9cadas atr\u00e1s. Se supone que el efecto buscado era acelerar la inversi\u00f3n p\u00fablica, etc., pero tenemos que no ha tenido ninguna repercusi\u00f3n positiva en las comunidades (vaya uno a saber si algunos se beneficiaron de algunos proyectos) pero el efecto real ha sido que el peque\u00f1o agricultor no pudo vender m\u00e1s sus productos, que el turismo baj\u00f3 tremendamente. \u00bfQu\u00e9 alternativas le damos a estas gentes?<o:p><\/o:p><\/span><\/p>\n<h4 style=\"margin:0cm;margin-bottom:.0001pt;background:white\"><i style=\"mso-bidi-font-style:normal\"><span style=\"font-size:11.0pt;font-family:\n\"Calibri\",sans-serif;mso-ascii-theme-font:minor-latin;mso-hansi-theme-font:\nminor-latin;mso-bidi-theme-font:minor-latin;color:black;mso-themecolor:text1;\nfont-weight:normal;mso-bidi-font-weight:bold\">Art\u00edculo de la Revista Caretas N\u00b0 2531 22 de marzo de 2018. <o:p><\/o:p><\/span><\/i><\/h4>\n<h4 style=\"margin:0cm;margin-bottom:.0001pt;background:white\"><i style=\"mso-bidi-font-style:normal\"><span style=\"font-size:11.0pt;font-family:\n\"Calibri\",sans-serif;mso-ascii-theme-font:minor-latin;mso-hansi-theme-font:\nminor-latin;mso-bidi-theme-font:minor-latin;color:black;mso-themecolor:text1;\nfont-weight:normal;mso-bidi-font-weight:bold\">Entrevista de Julio Heredia.<o:p><\/o:p><\/span><\/i><\/h4>\n<p><a href=\"http:\/\/web.hilo.org.pe\/wp-content\/uploads\/articulo CARETAS.jpg\" target=\"_blank\" rel=\"noopener\">Ver archivo adjunto<\/a><\/p>\n","protected":false},"excerpt":{"rendered":"<p>La pasada visita del Papa a Puerto Maldonado ha marcado un hito hist\u00f3rico en la Iglesia Cat\u00f3lica. A ojos de observadores vaticanos, fue la forma de darle concreci\u00f3n a la enc\u00edclica Laudato Si sobre la problem\u00e1tica ambiental del mundo. La cosa no ha quedado all\u00ed, pues el propio Francisco ha convocado para el pr\u00f3ximo a\u00f1o un S\u00ednodo Panamaz\u00f3nico que muy posiblemente tenga lugar tambi\u00e9n en la capital de Madre de Dios.<\/p>\n","protected":false},"author":1,"featured_media":7857,"comment_status":"closed","ping_status":"closed","sticky":false,"template":"","format":"standard","meta":{"footnotes":""},"categories":[9],"tags":[],"class_list":["post-3043","post","type-post","status-publish","format-standard","has-post-thumbnail","hentry","category-noticias"],"_links":{"self":[{"href":"https:\/\/ceas.org.pe\/index.php\/wp-json\/wp\/v2\/posts\/3043","targetHints":{"allow":["GET"]}}],"collection":[{"href":"https:\/\/ceas.org.pe\/index.php\/wp-json\/wp\/v2\/posts"}],"about":[{"href":"https:\/\/ceas.org.pe\/index.php\/wp-json\/wp\/v2\/types\/post"}],"author":[{"embeddable":true,"href":"https:\/\/ceas.org.pe\/index.php\/wp-json\/wp\/v2\/users\/1"}],"replies":[{"embeddable":true,"href":"https:\/\/ceas.org.pe\/index.php\/wp-json\/wp\/v2\/comments?post=3043"}],"version-history":[{"count":1,"href":"https:\/\/ceas.org.pe\/index.php\/wp-json\/wp\/v2\/posts\/3043\/revisions"}],"predecessor-version":[{"id":6172,"href":"https:\/\/ceas.org.pe\/index.php\/wp-json\/wp\/v2\/posts\/3043\/revisions\/6172"}],"wp:featuredmedia":[{"embeddable":true,"href":"https:\/\/ceas.org.pe\/index.php\/wp-json\/wp\/v2\/media\/7857"}],"wp:attachment":[{"href":"https:\/\/ceas.org.pe\/index.php\/wp-json\/wp\/v2\/media?parent=3043"}],"wp:term":[{"taxonomy":"category","embeddable":true,"href":"https:\/\/ceas.org.pe\/index.php\/wp-json\/wp\/v2\/categories?post=3043"},{"taxonomy":"post_tag","embeddable":true,"href":"https:\/\/ceas.org.pe\/index.php\/wp-json\/wp\/v2\/tags?post=3043"}],"curies":[{"name":"wp","href":"https:\/\/api.w.org\/{rel}","templated":true}]}}