{"id":3042,"date":"2018-03-22T15:49:39","date_gmt":"2018-03-22T15:49:39","guid":{"rendered":""},"modified":"2026-03-11T09:11:58","modified_gmt":"2026-03-11T14:11:58","slug":"mensaje-de-los-obispos-ante-la-crisis-actual","status":"publish","type":"post","link":"https:\/\/ceas.org.pe\/index.php\/2018\/03\/22\/mensaje-de-los-obispos-ante-la-crisis-actual\/","title":{"rendered":"Mensaje de los Obispos ante la crisis actual"},"content":{"rendered":"<p>\u00a0<\/p>\n<p class=\"gmail-msonospacing\" align=\"center\" style=\"margin:0cm;margin-bottom:.0001pt;\ntext-align:center\"><b><i><span style=\"font-size:11.0pt;font-family:\"Calibri\",sans-serif;\nmso-ascii-theme-font:minor-latin;mso-hansi-theme-font:minor-latin;mso-bidi-theme-font:\nminor-latin;color:#222222\">Conferencia Episcopal Peruana<\/span><\/i><\/b><span style=\"font-size:11.0pt;font-family:\"Calibri\",sans-serif;mso-ascii-theme-font:\nminor-latin;mso-hansi-theme-font:minor-latin;mso-bidi-theme-font:minor-latin;\ncolor:#222222\"><o:p><\/o:p><\/span><\/p>\n<p class=\"gmail-msonospacing\" align=\"center\" style=\"margin:0cm;margin-bottom:.0001pt;\ntext-align:center\"><b><span style=\"font-size:11.0pt;font-family:\"Calibri\",sans-serif;\nmso-ascii-theme-font:minor-latin;mso-hansi-theme-font:minor-latin;mso-bidi-theme-font:\nminor-latin;color:#222222\">\u00a0<\/span><\/b><span style=\"font-size:11.0pt;\nfont-family:\"Calibri\",sans-serif;mso-ascii-theme-font:minor-latin;mso-hansi-theme-font:\nminor-latin;mso-bidi-theme-font:minor-latin;color:#222222\"><o:p><\/o:p><\/span><\/p>\n<p class=\"gmail-msonospacing\" align=\"center\" style=\"margin:0cm;margin-bottom:.0001pt;\ntext-align:center\"><b><span style=\"font-size:11.0pt;font-family:\"Calibri\",sans-serif;\nmso-ascii-theme-font:minor-latin;mso-hansi-theme-font:minor-latin;mso-bidi-theme-font:\nminor-latin;color:#222222\">MENSAJE ANTE LA CRISIS ACTUAL<\/span><\/b><span style=\"font-size:11.0pt;font-family:\"Calibri\",sans-serif;mso-ascii-theme-font:\nminor-latin;mso-hansi-theme-font:minor-latin;mso-bidi-theme-font:minor-latin;\ncolor:#222222\"><o:p><\/o:p><\/span><\/p>\n<p class=\"gmail-msonospacing\" style=\"margin:0cm;margin-bottom:.0001pt;text-align:\njustify\"><span style=\"font-size:11.0pt;font-family:\"Calibri\",sans-serif;\nmso-ascii-theme-font:minor-latin;mso-hansi-theme-font:minor-latin;mso-bidi-theme-font:\nminor-latin;color:#222222\">\u00a0<o:p><\/o:p><\/span><\/p>\n<p class=\"gmail-msonospacing\" style=\"margin:0cm;margin-bottom:.0001pt;text-align:\njustify\"><span style=\"font-size:11.0pt;font-family:\"Calibri\",sans-serif;\nmso-ascii-theme-font:minor-latin;mso-hansi-theme-font:minor-latin;mso-bidi-theme-font:\nminor-latin;color:#222222\">Hace dos meses hemos celebrado con el Papa Francisco d\u00edas bellos que marcan nuestra memoria. Hoy nos encontramos ante una inmensa crisis pol\u00edtica. \u201cCuando se trata del bien del Per\u00fa, no han de regir intereses particulares sino el Bien Com\u00fan de la Patria\u201d. (CEP, 18 de diciembre 2017)<o:p><\/o:p><\/span><\/p>\n<p class=\"gmail-msonospacing\" style=\"margin:0cm;margin-bottom:.0001pt;text-align:\njustify\"><span style=\"font-size:11.0pt;font-family:\"Calibri\",sans-serif;\nmso-ascii-theme-font:minor-latin;mso-hansi-theme-font:minor-latin;mso-bidi-theme-font:\nminor-latin;color:#222222\">\u00a0<o:p><\/o:p><\/span><\/p>\n<p class=\"gmail-msonospacing\" style=\"margin-top:0cm;margin-right:0cm;margin-bottom:\n0cm;margin-left:1.0cm;margin-bottom:.0001pt;text-align:justify;text-indent:\n-1.0cm;tab-stops:1.0cm\"><span style=\"font-size:11.0pt;font-family:\"Calibri\",sans-serif;\nmso-ascii-theme-font:minor-latin;mso-hansi-theme-font:minor-latin;mso-bidi-theme-font:\nminor-latin;color:#222222\">1.\u00a0\u00a0\u00a0\u00a0\u00a0Constatamos un proceso sist\u00e9mico de corrupci\u00f3n causado por el divorcio entre \u00e9tica y pol\u00edtica, reforzado por ambiciones personales y de grupo, agudizado por la impunidad y maltratado por un sistema que soslaya la justicia.<o:p><\/o:p><\/span><\/p>\n<p class=\"gmail-msonospacing\" style=\"margin-top:0cm;margin-right:0cm;margin-bottom:\n0cm;margin-left:1.0cm;margin-bottom:.0001pt;text-align:justify;text-indent:\n-1.0cm;tab-stops:1.0cm\"><span style=\"font-size:11.0pt;font-family:\"Calibri\",sans-serif;\nmso-ascii-theme-font:minor-latin;mso-hansi-theme-font:minor-latin;mso-bidi-theme-font:\nminor-latin;color:#222222\">\u00a0<o:p><\/o:p><\/span><\/p>\n<p class=\"gmail-msonospacing\" style=\"margin-top:0cm;margin-right:0cm;margin-bottom:\n0cm;margin-left:1.0cm;margin-bottom:.0001pt;text-align:justify;text-indent:\n-1.0cm;tab-stops:1.0cm\"><span style=\"font-size:11.0pt;font-family:\"Calibri\",sans-serif;\nmso-ascii-theme-font:minor-latin;mso-hansi-theme-font:minor-latin;mso-bidi-theme-font:\nminor-latin;color:#222222\">2.\u00a0\u00a0\u00a0\u00a0\u00a0 <span style=\"mso-tab-count:1\">\u00a0\u00a0<\/span>Hemos llegado a un punto de quiebre pol\u00edtico. Un nuevo comienzo exige no solo un cambio de mando sino la recuperaci\u00f3n \u00e9tica y moral del pa\u00eds en todos los niveles, porque los altos niveles de corrupci\u00f3n roban la esperanza, especialmente de los pobres y de los j\u00f3venes. \u201cLos heridos est\u00e1n ah\u00ed. El desempleo es real, la violencia es real, la corrupci\u00f3n es real&#8230; El vaciamiento de la democracia es real. La gangrena de un sistema no se puede maquillar eternamente porque tarde o temprano el hedor se siente\u201d. (Carta del Papa Francisco 10-2-2017).<o:p><\/o:p><\/span><\/p>\n<p class=\"gmail-msonospacing\" style=\"margin-top:0cm;margin-right:0cm;margin-bottom:\n0cm;margin-left:1.0cm;margin-bottom:.0001pt;text-align:justify;text-indent:\n-1.0cm;tab-stops:1.0cm\"><span style=\"font-size:11.0pt;font-family:\"Calibri\",sans-serif;\nmso-ascii-theme-font:minor-latin;mso-hansi-theme-font:minor-latin;mso-bidi-theme-font:\nminor-latin;color:#222222\">\u00a0<o:p><\/o:p><\/span><\/p>\n<p class=\"gmail-msonospacing\" style=\"margin-top:0cm;margin-right:0cm;margin-bottom:\n0cm;margin-left:1.0cm;margin-bottom:.0001pt;text-align:justify;text-indent:\n-1.0cm;tab-stops:1.0cm\"><span style=\"font-size:11.0pt;font-family:\"Calibri\",sans-serif;\nmso-ascii-theme-font:minor-latin;mso-hansi-theme-font:minor-latin;mso-bidi-theme-font:\nminor-latin;color:#222222\">3.\u00a0\u00a0\u00a0\u00a0\u00a0<span style=\"mso-tab-count:1\">\u00a0 <\/span>Cumplir el deber constitucional de gobernar es una responsabilidad de todos los poderes del Estado. Ninguna autoridad puede sentirse eximida. Quien asuma el liderazgo del Per\u00fa debe promover y recibir el apoyo de todas las fuerzas sociales para generar paso a paso un -Acuerdo de Gobernabilidad-.<o:p><\/o:p><\/span><\/p>\n<p class=\"gmail-msonospacing\" style=\"margin-top:0cm;margin-right:0cm;margin-bottom:\n0cm;margin-left:1.0cm;margin-bottom:.0001pt;text-align:justify;text-indent:\n-1.0cm;tab-stops:1.0cm\"><span style=\"font-size:11.0pt;font-family:\"Calibri\",sans-serif;\nmso-ascii-theme-font:minor-latin;mso-hansi-theme-font:minor-latin;mso-bidi-theme-font:\nminor-latin;color:#222222\">\u00a0<o:p><\/o:p><\/span><\/p>\n<p class=\"gmail-msonospacing\" style=\"margin-top:0cm;margin-right:0cm;margin-bottom:\n0cm;margin-left:1.0cm;margin-bottom:.0001pt;text-align:justify;text-indent:\n-1.0cm;tab-stops:1.0cm\"><span style=\"font-size:11.0pt;font-family:\"Calibri\",sans-serif;\nmso-ascii-theme-font:minor-latin;mso-hansi-theme-font:minor-latin;mso-bidi-theme-font:\nminor-latin;color:#222222\">4.\u00a0\u00a0\u00a0\u00a0\u00a0 <span style=\"mso-tab-count:1\">\u00a0<\/span>Convocamos a los ciudadanos para asumir los cargos p\u00fablicos, conscientes del compromiso de servir a la patria y no servirse de la pol\u00edtica para sus propios intereses. Hacemos un llamado a la responsabilidad de aquellos que tienen mucho por aportar y no lo hacen, desinter\u00e9s presente, desgraciadamente desde la juventud.<o:p><\/o:p><\/span><\/p>\n<p class=\"gmail-msonospacing\" style=\"margin-top:0cm;margin-right:0cm;margin-bottom:\n0cm;margin-left:1.0cm;margin-bottom:.0001pt;text-align:justify;text-indent:\n-1.0cm;tab-stops:1.0cm\"><span style=\"font-size:11.0pt;font-family:\"Calibri\",sans-serif;\nmso-ascii-theme-font:minor-latin;mso-hansi-theme-font:minor-latin;mso-bidi-theme-font:\nminor-latin;color:#222222\">\u00a0<o:p><\/o:p><\/span><\/p>\n<p class=\"gmail-msonospacing\" style=\"margin-top:0cm;margin-right:0cm;margin-bottom:\n0cm;margin-left:1.0cm;margin-bottom:.0001pt;text-align:justify;text-indent:\n-1.0cm;tab-stops:1.0cm\"><span style=\"font-size:11.0pt;font-family:\"Calibri\",sans-serif;\nmso-ascii-theme-font:minor-latin;mso-hansi-theme-font:minor-latin;mso-bidi-theme-font:\nminor-latin;color:#222222\">5.\u00a0\u00a0\u00a0\u00a0\u00a0 <span style=\"mso-tab-count:1\">\u00a0<\/span>En este momento crucial urge poner en primer lugar el Bien Com\u00fan ante los intereses particulares. Recuperemos los valores \u00e9ticos y morales que han construido la esencia de nuestra peruanidad. No hay nada m\u00e1s contrario al mensaje cristiano que el individualismo: vivir sin pr\u00f3jimos y aprovecharse de ellos.<o:p><\/o:p><\/span><\/p>\n<p class=\"gmail-msonospacing\" style=\"margin:0cm;margin-bottom:.0001pt;text-align:\njustify\"><span style=\"font-size:11.0pt;font-family:\"Calibri\",sans-serif;\nmso-ascii-theme-font:minor-latin;mso-hansi-theme-font:minor-latin;mso-bidi-theme-font:\nminor-latin;color:#222222\">\u00a0<o:p><\/o:p><\/span><\/p>\n<p class=\"gmail-msonospacing\" style=\"margin:0cm;margin-bottom:.0001pt;text-align:\njustify\"><span style=\"font-size:11.0pt;font-family:\"Calibri\",sans-serif;\nmso-ascii-theme-font:minor-latin;mso-hansi-theme-font:minor-latin;mso-bidi-theme-font:\nminor-latin;color:#222222\">Queremos caminar con todos los ciudadanos para participar vigilantes en los procesos que promuevan la vida y la institucionalidad democr\u00e1tica del pa\u00eds, \u201cy as\u00ed forjar un Per\u00fa que tenga espacio para todas las sangres, en el que pueda realizarse la promesa de la vida peruana\u201d. (Discurso del Papa Francisco, 19\/01\/2018).<o:p><\/o:p><\/span><\/p>\n<p class=\"gmail-msonospacing\" style=\"margin:0cm;margin-bottom:.0001pt;text-align:\njustify\"><span style=\"font-size:11.0pt;font-family:\"Calibri\",sans-serif;\nmso-ascii-theme-font:minor-latin;mso-hansi-theme-font:minor-latin;mso-bidi-theme-font:\nminor-latin;color:#222222\">\u00a0<o:p><\/o:p><\/span><\/p>\n<p class=\"gmail-msonospacing\" style=\"margin:0cm;margin-bottom:.0001pt;text-align:\njustify\"><span style=\"font-size:11.0pt;font-family:\"Calibri\",sans-serif;\nmso-ascii-theme-font:minor-latin;mso-hansi-theme-font:minor-latin;mso-bidi-theme-font:\nminor-latin;color:#222222\">Que el Se\u00f1or nos bendiga para hacer grande nuestro Per\u00fa.<o:p><\/o:p><\/span><\/p>\n<p class=\"gmail-msonospacing\" style=\"margin:0cm;margin-bottom:.0001pt;text-align:\njustify\"><span style=\"font-size:11.0pt;font-family:\"Calibri\",sans-serif;\nmso-ascii-theme-font:minor-latin;mso-hansi-theme-font:minor-latin;mso-bidi-theme-font:\nminor-latin;color:#222222\">\u00a0<o:p><\/o:p><\/span><\/p>\n<p class=\"MsoNormal\"><span style=\"font-size:11.0pt;font-family:\"Calibri\",sans-serif;\nmso-ascii-theme-font:minor-latin;mso-hansi-theme-font:minor-latin;mso-bidi-theme-font:\nminor-latin;color:#222222\">Lima, 22 de marzo de 2018<\/span><span style=\"font-size:11.0pt;font-family:\"Calibri\",sans-serif;mso-ascii-theme-font:\nminor-latin;mso-hansi-theme-font:minor-latin;mso-bidi-theme-font:minor-latin\"><o:p><\/o:p><\/span><\/p>\n<p><a href=\"http:\/\/web.hilo.org.pe\/wp-content\/uploads\/portada 1 web.jpg\" target=\"_blank\" rel=\"noopener\">Ver archivo adjunto<\/a><\/p>\n","protected":false},"excerpt":{"rendered":"<p>Hoy nos encontramos ante una inmensa crisis pol\u00edtica. \u201cCuando se trata del bien del Per\u00fa, no han de regir intereses particulares sino el Bien Com\u00fan de la Patria\u201d.<\/p>\n","protected":false},"author":1,"featured_media":7973,"comment_status":"closed","ping_status":"closed","sticky":false,"template":"","format":"standard","meta":{"footnotes":""},"categories":[9],"tags":[],"class_list":["post-3042","post","type-post","status-publish","format-standard","has-post-thumbnail","hentry","category-noticias"],"_links":{"self":[{"href":"https:\/\/ceas.org.pe\/index.php\/wp-json\/wp\/v2\/posts\/3042","targetHints":{"allow":["GET"]}}],"collection":[{"href":"https:\/\/ceas.org.pe\/index.php\/wp-json\/wp\/v2\/posts"}],"about":[{"href":"https:\/\/ceas.org.pe\/index.php\/wp-json\/wp\/v2\/types\/post"}],"author":[{"embeddable":true,"href":"https:\/\/ceas.org.pe\/index.php\/wp-json\/wp\/v2\/users\/1"}],"replies":[{"embeddable":true,"href":"https:\/\/ceas.org.pe\/index.php\/wp-json\/wp\/v2\/comments?post=3042"}],"version-history":[{"count":1,"href":"https:\/\/ceas.org.pe\/index.php\/wp-json\/wp\/v2\/posts\/3042\/revisions"}],"predecessor-version":[{"id":6177,"href":"https:\/\/ceas.org.pe\/index.php\/wp-json\/wp\/v2\/posts\/3042\/revisions\/6177"}],"wp:featuredmedia":[{"embeddable":true,"href":"https:\/\/ceas.org.pe\/index.php\/wp-json\/wp\/v2\/media\/7973"}],"wp:attachment":[{"href":"https:\/\/ceas.org.pe\/index.php\/wp-json\/wp\/v2\/media?parent=3042"}],"wp:term":[{"taxonomy":"category","embeddable":true,"href":"https:\/\/ceas.org.pe\/index.php\/wp-json\/wp\/v2\/categories?post=3042"},{"taxonomy":"post_tag","embeddable":true,"href":"https:\/\/ceas.org.pe\/index.php\/wp-json\/wp\/v2\/tags?post=3042"}],"curies":[{"name":"wp","href":"https:\/\/api.w.org\/{rel}","templated":true}]}}