{"id":3039,"date":"2018-03-13T01:07:49","date_gmt":"2018-03-13T01:07:49","guid":{"rendered":""},"modified":"2026-03-11T09:11:58","modified_gmt":"2026-03-11T14:11:58","slug":"francisco-5-anos-5-grandes-y-pequenos-gestos","status":"publish","type":"post","link":"https:\/\/ceas.org.pe\/index.php\/2018\/03\/13\/francisco-5-anos-5-grandes-y-pequenos-gestos\/","title":{"rendered":"Francisco: 5 a\u00f1os, 5 grandes (y peque\u00f1os) gestos"},"content":{"rendered":"<h1 style=\"margin:0cm;margin-bottom:.0001pt;vertical-align:baseline\"><span style=\"font-size:11.0pt;font-family:\"Arial\",\"sans-serif\";font-weight:normal;\nmso-bidi-font-weight:bold\">Francisco: 5 a\u00f1os, 5 grandes (y peque\u00f1os) gestos<o:p><\/o:p><\/span><\/h1>\n<p class=\"paragraph\" style=\"margin:0cm;margin-bottom:.0001pt;vertical-align:baseline\"><span style=\"font-size:11.0pt;font-family:\"Calibri\",\"sans-serif\";mso-ascii-theme-font:\nminor-latin;mso-hansi-theme-font:minor-latin;mso-bidi-theme-font:minor-latin\">\u00a0<\/span><\/p>\n<p class=\"paragraph\" style=\"margin:0cm;margin-bottom:.0001pt;vertical-align:baseline\"><span style=\"font-size:11.0pt;font-family:\"Calibri\",\"sans-serif\";mso-ascii-theme-font:\nminor-latin;mso-hansi-theme-font:minor-latin;mso-bidi-theme-font:minor-latin\">De un Papa dicen mucho sus grandes escritos y homil\u00edas. Tambi\u00e9n dice mucho qu\u00e9 ha hecho en la esfera internacional y dentro del Vaticano, como Francisco, con la reforma de la Curia.<o:p><\/o:p><\/span><\/p>\n<p class=\"paragraph\" style=\"margin: 0cm 0cm 0.0001pt; vertical-align: baseline; box-sizing: inherit; font-variant-numeric: inherit; font-variant-east-asian: inherit; font-stretch: inherit; max-width: 95%;\"><span style=\"font-size:11.0pt;font-family:\"Calibri\",\"sans-serif\";\nmso-ascii-theme-font:minor-latin;mso-hansi-theme-font:minor-latin;mso-bidi-theme-font:\nminor-latin\">Sin embargo tambi\u00e9n detr\u00e1s de sus gestos transmite un mensaje m\u00e1s directo que el de una enc\u00edclica. En el caso de Francisco esta \u201cenc\u00edclica\u201d de los gestos es la m\u00e1s rica que ha hecho.<o:p><\/o:p><\/span><\/p>\n<p class=\"paragraph\" style=\"margin: 0cm 0cm 0.0001pt; vertical-align: baseline; box-sizing: inherit; font-variant-numeric: inherit; font-variant-east-asian: inherit; font-stretch: inherit; max-width: 95%;\"><strong style=\"box-sizing: inherit;font-style:inherit;font-variant:inherit;\nfont-stretch: inherit;line-height:inherit\"><span style=\"font-size:11.0pt;\nfont-family:\"Calibri\",\"sans-serif\";mso-ascii-theme-font:minor-latin;mso-hansi-theme-font:\nminor-latin;mso-bidi-theme-font:minor-latin;border:none windowtext 1.0pt;\nmso-border-alt:none windowtext 0cm;padding:0cm\">\u00a0<\/span><\/strong><\/p>\n<p class=\"paragraph\" style=\"margin:0cm;margin-bottom:.0001pt;vertical-align:baseline\"><strong><span style=\"font-size:11.0pt;font-family:\"Calibri\",\"sans-serif\";mso-ascii-theme-font:\nminor-latin;mso-hansi-theme-font:minor-latin;mso-bidi-theme-font:minor-latin;\nborder:none windowtext 1.0pt;mso-border-alt:none windowtext 0cm;padding:0cm\">1.- LOS \u00daLTIMOS<\/span><\/strong><span style=\"font-size:11.0pt;font-family:\"Calibri\",\"sans-serif\";\nmso-ascii-theme-font:minor-latin;mso-hansi-theme-font:minor-latin;mso-bidi-theme-font:\nminor-latin\"><o:p><\/o:p><\/span><\/p>\n<p class=\"paragraph\" style=\"margin: 0cm 0cm 0.0001pt; vertical-align: baseline; box-sizing: inherit; font-variant-numeric: inherit; font-variant-east-asian: inherit; font-stretch: inherit; max-width: 95%;\"><span style=\"font-size:11.0pt;font-family:\"Calibri\",\"sans-serif\";\nmso-ascii-theme-font:minor-latin;mso-hansi-theme-font:minor-latin;mso-bidi-theme-font:\nminor-latin\">Desde el primer minuto de su pontificado dej\u00f3 claro que no hay encuentro p\u00fablico en el que no tengan un lugar prioritario los enfermos o los pobres. Con ellos ha almorzado en varias ocasiones. Y algunos de sus abrazos a enfermos se han vuelto virales.\u00a0<o:p><\/o:p><\/span><\/p>\n<p class=\"paragraph\" style=\"margin: 0cm 0cm 0.0001pt; vertical-align: baseline; box-sizing: inherit; font-variant-numeric: inherit; font-variant-east-asian: inherit; font-stretch: inherit; max-width: 95%;\"><strong style=\"box-sizing: inherit;font-style:inherit;font-variant:inherit;\nfont-stretch: inherit;line-height:inherit\"><span style=\"font-size:11.0pt;\nfont-family:\"Calibri\",\"sans-serif\";mso-ascii-theme-font:minor-latin;mso-hansi-theme-font:\nminor-latin;mso-bidi-theme-font:minor-latin;border:none windowtext 1.0pt;\nmso-border-alt:none windowtext 0cm;padding:0cm\">\u00a0<\/span><\/strong><\/p>\n<p class=\"paragraph\" style=\"margin:0cm;margin-bottom:.0001pt;vertical-align:baseline\"><strong><span style=\"font-size:11.0pt;font-family:\"Calibri\",\"sans-serif\";mso-ascii-theme-font:\nminor-latin;mso-hansi-theme-font:minor-latin;mso-bidi-theme-font:minor-latin;\nborder:none windowtext 1.0pt;mso-border-alt:none windowtext 0cm;padding:0cm\">2.- MUJER<\/span><\/strong><span style=\"font-size:11.0pt;font-family:\"Calibri\",\"sans-serif\";\nmso-ascii-theme-font:minor-latin;mso-hansi-theme-font:minor-latin;mso-bidi-theme-font:\nminor-latin\"><o:p><\/o:p><\/span><\/p>\n<p class=\"paragraph\" style=\"margin: 0cm 0cm 0.0001pt; vertical-align: baseline; box-sizing: inherit; font-variant-numeric: inherit; font-variant-east-asian: inherit; font-stretch: inherit; max-width: 95%;\"><span style=\"font-size:11.0pt;font-family:\"Calibri\",\"sans-serif\";\nmso-ascii-theme-font:minor-latin;mso-hansi-theme-font:minor-latin;mso-bidi-theme-font:\nminor-latin\">Francisco fue el primer Papa que visita una c\u00e1rcel femenina. Tambi\u00e9n lav\u00f3 los pies a varias reclusas en un Jueves Santo y visit\u00f3 a exprostitutas v\u00edctimas de las mafias. Sus denuncias contra los maltratos y la explotaci\u00f3n laboral y sexual han sido en\u00e9rgicas.\u00a0<o:p><\/o:p><\/span><\/p>\n<p class=\"paragraph\" style=\"margin: 0cm 0cm 0.0001pt; vertical-align: baseline; box-sizing: inherit; font-variant-numeric: inherit; font-variant-east-asian: inherit; font-stretch: inherit; max-width: 95%;\"><strong style=\"box-sizing: inherit;font-style:inherit;font-variant:inherit;\nfont-stretch: inherit;line-height:inherit\"><span style=\"font-size:11.0pt;\nfont-family:\"Calibri\",\"sans-serif\";mso-ascii-theme-font:minor-latin;mso-hansi-theme-font:\nminor-latin;mso-bidi-theme-font:minor-latin;border:none windowtext 1.0pt;\nmso-border-alt:none windowtext 0cm;padding:0cm\">\u00a0<\/span><\/strong><\/p>\n<p class=\"paragraph\" style=\"margin:0cm;margin-bottom:.0001pt;vertical-align:baseline\"><strong><span style=\"font-size:11.0pt;font-family:\"Calibri\",\"sans-serif\";mso-ascii-theme-font:\nminor-latin;mso-hansi-theme-font:minor-latin;mso-bidi-theme-font:minor-latin;\nborder:none windowtext 1.0pt;mso-border-alt:none windowtext 0cm;padding:0cm\">FRANCISCO<\/span><\/strong><b><span style=\"font-size:11.0pt;font-family:\"Calibri\",\"sans-serif\";mso-ascii-theme-font:\nminor-latin;mso-hansi-theme-font:minor-latin;mso-bidi-theme-font:minor-latin;\nborder:none windowtext 1.0pt;mso-border-alt:none windowtext 0cm;padding:0cm\"><br style=\"box-sizing: inherit\" \/><br \/>\n<\/span><\/b><em style=\"box-sizing: inherit;font-variant:inherit;font-weight:\ninherit;font-stretch: inherit;line-height:inherit\"><span style=\"font-size:11.0pt;\nfont-family:\"Calibri\",\"sans-serif\";mso-ascii-theme-font:minor-latin;mso-hansi-theme-font:\nminor-latin;mso-bidi-theme-font:minor-latin;border:none windowtext 1.0pt;\nmso-border-alt:none windowtext 0cm;padding:0cm\">\u201cHoy os pido perd\u00f3n a todas vosotras. Por todos los cristianos, los cat\u00f3licos, que han abusado de vosotras\u201d.<o:p><\/o:p><\/span><\/em><\/p>\n<p class=\"paragraph\" style=\"margin:0cm;margin-bottom:.0001pt;vertical-align:baseline\"><span style=\"font-size:11.0pt;font-family:\"Calibri\",\"sans-serif\";mso-ascii-theme-font:\nminor-latin;mso-hansi-theme-font:minor-latin;mso-bidi-theme-font:minor-latin\">\u00a0<\/span><\/p>\n<p class=\"paragraph\" style=\"margin: 0cm 0cm 0.0001pt; vertical-align: baseline; box-sizing: inherit; font-variant-numeric: inherit; font-variant-east-asian: inherit; font-stretch: inherit; max-width: 95%;\"><strong style=\"box-sizing: inherit;font-style:inherit;font-variant:inherit;\nfont-stretch: inherit;line-height:inherit\"><span style=\"font-size:11.0pt;\nfont-family:\"Calibri\",\"sans-serif\";mso-ascii-theme-font:minor-latin;mso-hansi-theme-font:\nminor-latin;mso-bidi-theme-font:minor-latin;border:none windowtext 1.0pt;\nmso-border-alt:none windowtext 0cm;padding:0cm\">FRANCISCO<\/span><\/strong><b><span style=\"font-size:11.0pt;font-family:\"Calibri\",\"sans-serif\";mso-ascii-theme-font:\nminor-latin;mso-hansi-theme-font:minor-latin;mso-bidi-theme-font:minor-latin;\nborder:none windowtext 1.0pt;mso-border-alt:none windowtext 0cm;padding:0cm\"><br style=\"box-sizing: inherit\" \/><br \/>\n<\/span><\/b><em style=\"box-sizing: inherit;font-variant:inherit;font-weight:\ninherit;font-stretch: inherit;line-height:inherit\"><span style=\"font-size:11.0pt;\nfont-family:\"Calibri\",\"sans-serif\";mso-ascii-theme-font:minor-latin;mso-hansi-theme-font:\nminor-latin;mso-bidi-theme-font:minor-latin;border:none windowtext 1.0pt;\nmso-border-alt:none windowtext 0cm;padding:0cm\">\u201cNinguno de nosotros es cosa. Todos somos personas\u201d.<\/span><\/em><span style=\"font-size:11.0pt;font-family:\n\"Calibri\",\"sans-serif\";mso-ascii-theme-font:minor-latin;mso-hansi-theme-font:\nminor-latin;mso-bidi-theme-font:minor-latin\"><o:p><\/o:p><\/span><\/p>\n<p class=\"paragraph\" style=\"margin: 0cm 0cm 0.0001pt; vertical-align: baseline; box-sizing: inherit; font-variant-numeric: inherit; font-variant-east-asian: inherit; font-stretch: inherit; max-width: 95%;\"><span style=\"font-size:11.0pt;font-family:\"Calibri\",\"sans-serif\";\nmso-ascii-theme-font:minor-latin;mso-hansi-theme-font:minor-latin;mso-bidi-theme-font:\nminor-latin\">Para \u00e9l la sensibilidad de la mujer y la maternidad son dos elementos clave que pide redescubrir tanto a la Iglesia como al mundo. Dice que hay que darle un mayor protagonismo pero que en la Iglesia esto no significa ordenarlas sacerdotisas.\u00a0<o:p><\/o:p><\/span><\/p>\n<p class=\"paragraph\" style=\"margin: 0cm 0cm 0.0001pt; vertical-align: baseline; box-sizing: inherit; font-variant-numeric: inherit; font-variant-east-asian: inherit; font-stretch: inherit; max-width: 95%;\"><strong style=\"box-sizing: inherit;font-style:inherit;font-variant:inherit;\nfont-stretch: inherit;line-height:inherit\"><span style=\"font-size:11.0pt;\nfont-family:\"Calibri\",\"sans-serif\";mso-ascii-theme-font:minor-latin;mso-hansi-theme-font:\nminor-latin;mso-bidi-theme-font:minor-latin;border:none windowtext 1.0pt;\nmso-border-alt:none windowtext 0cm;padding:0cm\">\u00a0<\/span><\/strong><\/p>\n<p class=\"paragraph\" style=\"margin:0cm;margin-bottom:.0001pt;vertical-align:baseline\"><strong><span style=\"font-size:11.0pt;font-family:\"Calibri\",\"sans-serif\";mso-ascii-theme-font:\nminor-latin;mso-hansi-theme-font:minor-latin;mso-bidi-theme-font:minor-latin;\nborder:none windowtext 1.0pt;mso-border-alt:none windowtext 0cm;padding:0cm\">3.- ABATIR MUROS, CONSTRUIR PUENTES<\/span><\/strong><b><span style=\"font-size:11.0pt;\nfont-family:\"Calibri\",\"sans-serif\";mso-ascii-theme-font:minor-latin;mso-hansi-theme-font:\nminor-latin;mso-bidi-theme-font:minor-latin;border:none windowtext 1.0pt;\nmso-border-alt:none windowtext 0cm;padding:0cm\"><br style=\"box-sizing: inherit\" \/><br \/>\n<\/span><\/b><span style=\"font-size:11.0pt;font-family:\"Calibri\",\"sans-serif\";\nmso-ascii-theme-font:minor-latin;mso-hansi-theme-font:minor-latin;mso-bidi-theme-font:\nminor-latin\">Este es el gesto m\u00e1s pol\u00edtico, pero es un gesto al fin y al cabo, y muy elocuente. En su visita a Bel\u00e9n el Papa sorprendi\u00f3 baj\u00e1ndose del papam\u00f3vil y rezando ante el muro construido por Israel.<o:p><\/o:p><\/span><\/p>\n<p class=\"paragraph\" style=\"margin: 0cm 0cm 0.0001pt; vertical-align: baseline; box-sizing: inherit; font-variant-numeric: inherit; font-variant-east-asian: inherit; font-stretch: inherit; max-width: 95%;\"><span style=\"font-size:11.0pt;font-family:\"Calibri\",\"sans-serif\";\nmso-ascii-theme-font:minor-latin;mso-hansi-theme-font:minor-latin;mso-bidi-theme-font:\nminor-latin\">Algo similar hizo en M\u00e9xico cuando rez\u00f3 en la frontera ante Estados Unidos. Se trata de dos lugares con problem\u00e1ticas distintas pero que simbolizan el gran problema de la falta de di\u00e1logo que tanto pide el pont\u00edfice.\u00a0<o:p><\/o:p><\/span><\/p>\n<p class=\"paragraph\" style=\"margin: 0cm 0cm 0.0001pt; vertical-align: baseline; box-sizing: inherit; font-variant-numeric: inherit; font-variant-east-asian: inherit; font-stretch: inherit; max-width: 95%;\"><strong style=\"box-sizing: inherit;font-style:inherit;font-variant:inherit;\nfont-stretch: inherit;line-height:inherit\"><span style=\"font-size:11.0pt;\nfont-family:\"Calibri\",\"sans-serif\";mso-ascii-theme-font:minor-latin;mso-hansi-theme-font:\nminor-latin;mso-bidi-theme-font:minor-latin;border:none windowtext 1.0pt;\nmso-border-alt:none windowtext 0cm;padding:0cm\">\u00a0<\/span><\/strong><\/p>\n<p class=\"paragraph\" style=\"margin:0cm;margin-bottom:.0001pt;vertical-align:baseline\"><strong><span style=\"font-size:11.0pt;font-family:\"Calibri\",\"sans-serif\";mso-ascii-theme-font:\nminor-latin;mso-hansi-theme-font:minor-latin;mso-bidi-theme-font:minor-latin;\nborder:none windowtext 1.0pt;mso-border-alt:none windowtext 0cm;padding:0cm\">4.- SENCILLEZ<\/span><\/strong><b><span style=\"font-size:11.0pt;font-family:\"Calibri\",\"sans-serif\";\nmso-ascii-theme-font:minor-latin;mso-hansi-theme-font:minor-latin;mso-bidi-theme-font:\nminor-latin;border:none windowtext 1.0pt;mso-border-alt:none windowtext 0cm;\npadding:0cm\"><br style=\"box-sizing: inherit\" \/><br \/>\n<\/span><\/b><span style=\"font-size:11.0pt;font-family:\"Calibri\",\"sans-serif\";\nmso-ascii-theme-font:minor-latin;mso-hansi-theme-font:minor-latin;mso-bidi-theme-font:\nminor-latin\">Dicen el modo de presentarse dice mucho de una persona y Francisco impact\u00f3 por su sencillez: se present\u00f3 al mundo sin triunfalismos y sin ocultar sus problemas de edad. Lleva zapatos ortop\u00e9dicos y tuvo que comprar unos nuevos en 2016. Para hacerlo se fue a un negocio normal fuera del Vaticano. Lo mismo sus gafas, que fue a renovar en persona, como cualquier ciudadano, a un \u00f3ptico del centro de Roma.<o:p><\/o:p><\/span><\/p>\n<p class=\"paragraph\" style=\"margin: 0cm 0cm 0.0001pt; vertical-align: baseline; box-sizing: inherit; font-variant-numeric: inherit; font-variant-east-asian: inherit; font-stretch: inherit; max-width: 95%;\"><strong style=\"box-sizing: inherit;font-style:inherit;font-variant:inherit;\nfont-stretch: inherit;line-height:inherit\"><span style=\"font-size:11.0pt;\nfont-family:\"Calibri\",\"sans-serif\";mso-ascii-theme-font:minor-latin;mso-hansi-theme-font:\nminor-latin;mso-bidi-theme-font:minor-latin;border:none windowtext 1.0pt;\nmso-border-alt:none windowtext 0cm;padding:0cm\">\u00a0<\/span><\/strong><\/p>\n<p class=\"paragraph\" style=\"margin:0cm;margin-bottom:.0001pt;vertical-align:baseline\"><strong><span style=\"font-size:11.0pt;font-family:\"Calibri\",\"sans-serif\";mso-ascii-theme-font:\nminor-latin;mso-hansi-theme-font:minor-latin;mso-bidi-theme-font:minor-latin;\nborder:none windowtext 1.0pt;mso-border-alt:none windowtext 0cm;padding:0cm\">5.- CERCAN\u00cdA<\/span><\/strong><span style=\"font-size:11.0pt;font-family:\"Calibri\",\"sans-serif\";\nmso-ascii-theme-font:minor-latin;mso-hansi-theme-font:minor-latin;mso-bidi-theme-font:\nminor-latin\"><o:p><\/o:p><\/span><\/p>\n<p class=\"paragraph\" style=\"margin: 0cm 0cm 0.0001pt; vertical-align: baseline; box-sizing: inherit; font-variant-numeric: inherit; font-variant-east-asian: inherit; font-stretch: inherit; max-width: 95%;\"><span style=\"font-size:11.0pt;font-family:\"Calibri\",\"sans-serif\";\nmso-ascii-theme-font:minor-latin;mso-hansi-theme-font:minor-latin;mso-bidi-theme-font:\nminor-latin\">Este es un gran gesto compuesto de centenares de gestos peque\u00f1os. Son los que realiza cada semana, cuando deja a los j\u00f3venes hacerse un selfie con \u00e9l, cuando bebe mate o cuando bromea con quienes se encuentra.\u00a0<o:p><\/o:p><\/span><\/p>\n<p class=\"paragraph\" style=\"margin: 0cm 0cm 0.0001pt; vertical-align: baseline; box-sizing: inherit; font-variant-numeric: inherit; font-variant-east-asian: inherit; font-stretch: inherit; max-width: 95%;\"><span style=\"font-size:11.0pt;font-family:\"Calibri\",\"sans-serif\";\nmso-ascii-theme-font:minor-latin;mso-hansi-theme-font:minor-latin;mso-bidi-theme-font:\nminor-latin\">Son los peque\u00f1os pero continuos gestos cotidianos y que lo coronan como uno de las personas mejor valoradas en el mundo.<o:p><\/o:p><\/span><\/p>\n<p class=\"paragraph\" style=\"margin: 0cm 0cm 0.0001pt; vertical-align: baseline; box-sizing: inherit; font-variant-numeric: inherit; font-variant-east-asian: inherit; font-stretch: inherit; max-width: 95%;\"><span style=\"font-size:11.0pt;font-family:\"Calibri\",\"sans-serif\";\nmso-ascii-theme-font:minor-latin;mso-hansi-theme-font:minor-latin;mso-bidi-theme-font:\nminor-latin\">La \u00faltima encuesta realizada por Gallup International muestra que Francisco es el l\u00edder mundial m\u00e1s estimado, con un 56% de aceptaci\u00f3n, siete puntos m\u00e1s que el segundo en la clasificaci\u00f3n: la canciller alemana \u00c1ngela Merkel.\u00a0<o:p><\/o:p><\/span><\/p>\n<p class=\"paragraph\" style=\"margin:0cm;margin-bottom:.0001pt;vertical-align:baseline\"><span style=\"font-size:11.0pt;font-family:\"Calibri\",\"sans-serif\";mso-ascii-theme-font:\nminor-latin;mso-hansi-theme-font:minor-latin;mso-bidi-theme-font:minor-latin\">\u00a0<\/span><\/p>\n<p class=\"paragraph\" style=\"margin:0cm;margin-bottom:.0001pt;vertical-align:baseline\"><i><span style=\"font-size:11.0pt;font-family:\n\"Calibri\",\"sans-serif\";mso-ascii-theme-font:minor-latin;mso-hansi-theme-font:\nminor-latin;mso-bidi-theme-font:minor-latin\">ROME REPORTS, 12 de marzo de 2018<o:p><\/o:p><\/span><\/i><\/p>\n<h1 style=\"margin-top:0cm;margin-right:0cm;margin-bottom:17.25pt;margin-left:\n0cm;line-height:33.0pt;vertical-align:baseline\">\u00a0<\/h1>\n<p><a href=\"http:\/\/web.hilo.org.pe\/wp-content\/uploads\/Nunciatura.jpg\" target=\"_blank\" rel=\"noopener\">Ver archivo adjunto<\/a><\/p>\n","protected":false},"excerpt":{"rendered":"<p>De un Papa dicen mucho sus grandes escritos y homil\u00edas. Tambi\u00e9n dice mucho qu\u00e9 ha hecho en la esfera internacional y dentro del Vaticano, como Francisco, con la reforma de la Curia.<\/p>\n","protected":false},"author":1,"featured_media":7855,"comment_status":"closed","ping_status":"closed","sticky":false,"template":"","format":"standard","meta":{"footnotes":""},"categories":[9],"tags":[],"class_list":["post-3039","post","type-post","status-publish","format-standard","has-post-thumbnail","hentry","category-noticias"],"_links":{"self":[{"href":"https:\/\/ceas.org.pe\/index.php\/wp-json\/wp\/v2\/posts\/3039","targetHints":{"allow":["GET"]}}],"collection":[{"href":"https:\/\/ceas.org.pe\/index.php\/wp-json\/wp\/v2\/posts"}],"about":[{"href":"https:\/\/ceas.org.pe\/index.php\/wp-json\/wp\/v2\/types\/post"}],"author":[{"embeddable":true,"href":"https:\/\/ceas.org.pe\/index.php\/wp-json\/wp\/v2\/users\/1"}],"replies":[{"embeddable":true,"href":"https:\/\/ceas.org.pe\/index.php\/wp-json\/wp\/v2\/comments?post=3039"}],"version-history":[{"count":1,"href":"https:\/\/ceas.org.pe\/index.php\/wp-json\/wp\/v2\/posts\/3039\/revisions"}],"predecessor-version":[{"id":6182,"href":"https:\/\/ceas.org.pe\/index.php\/wp-json\/wp\/v2\/posts\/3039\/revisions\/6182"}],"wp:featuredmedia":[{"embeddable":true,"href":"https:\/\/ceas.org.pe\/index.php\/wp-json\/wp\/v2\/media\/7855"}],"wp:attachment":[{"href":"https:\/\/ceas.org.pe\/index.php\/wp-json\/wp\/v2\/media?parent=3039"}],"wp:term":[{"taxonomy":"category","embeddable":true,"href":"https:\/\/ceas.org.pe\/index.php\/wp-json\/wp\/v2\/categories?post=3039"},{"taxonomy":"post_tag","embeddable":true,"href":"https:\/\/ceas.org.pe\/index.php\/wp-json\/wp\/v2\/tags?post=3039"}],"curies":[{"name":"wp","href":"https:\/\/api.w.org\/{rel}","templated":true}]}}