{"id":3038,"date":"2018-03-15T00:34:37","date_gmt":"2018-03-15T00:34:37","guid":{"rendered":""},"modified":"2026-03-11T09:11:58","modified_gmt":"2026-03-11T14:11:58","slug":"encuentro-de-comunicacion-del-celam-2018","status":"publish","type":"post","link":"https:\/\/ceas.org.pe\/index.php\/2018\/03\/15\/encuentro-de-comunicacion-del-celam-2018\/","title":{"rendered":"Encuentro de Comunicaci\u00f3n del CELAM 2018"},"content":{"rendered":"<p><b><span style=\"mso-fareast-font-family:\"Times New Roman\";\nmso-fareast-theme-font:major-fareast;mso-bidi-font-family:Calibri;mso-bidi-theme-font:\nminor-latin;color:#373737\">Concluye el encuentro de comunicaci\u00f3n del CELAM 2018<\/span><\/b><\/p>\n<p class=\"MsoNormal\" style=\"margin-bottom:0cm;margin-bottom:.0001pt;line-height:\nnormal;mso-outline-level:1\"><span style=\"mso-fareast-font-family:\"Times New Roman\";mso-bidi-font-family:\nCalibri;mso-bidi-theme-font:minor-latin;color:#646464;mso-fareast-language:\nES-PE\">La reuni\u00f3n tuvo lugar del 5 al 9 de marzo en Bogot\u00e1 y se realiz\u00f3 de manera satisfactoria tal y como refleja el comunicado final<\/span><b><span style=\"mso-fareast-font-family:\"Times New Roman\";mso-bidi-font-family:Calibri;\nmso-bidi-theme-font:minor-latin;color:#373737;letter-spacing:-.55pt;mso-font-kerning:\n18.0pt;mso-fareast-language:ES-PE\"><o:p><\/o:p><\/span><\/b><\/p>\n<p style=\"margin:0cm;margin-bottom:.0001pt;background:white\"><span style=\"font-size:11.0pt;font-family:\"Calibri\",\"sans-serif\";mso-ascii-theme-font:\nminor-latin;mso-hansi-theme-font:minor-latin;mso-bidi-theme-font:minor-latin;\ncolor:#373737\"><o:p>\u00a0<\/o:p><\/span><\/p>\n<p style=\"margin:0cm;margin-bottom:.0001pt;background:white\"><span style=\"font-size:11.0pt;font-family:\"Calibri\",\"sans-serif\";mso-ascii-theme-font:\nminor-latin;mso-hansi-theme-font:minor-latin;mso-bidi-theme-font:minor-latin;\ncolor:#373737\">Obispos presidentes, secretarios ejecutivos y algunos delegados\/as de comunicaci\u00f3n de 17 de las 22 Conferencias Episcopales de Latinoam\u00e9rica y El Caribe se reunieron en Bogot\u00e1 en un encuentro marcado por la comuni\u00f3n, el deseo de intensificar el trabajo, y el compromiso de sembrar esperanza por medio de la comunicaci\u00f3n al servicio de la Iglesia y la sociedad.<o:p><\/o:p><\/span><\/p>\n<p style=\"margin:0cm;margin-bottom:.0001pt;background:white\"><span style=\"font-size:11.0pt;font-family:\"Calibri\",\"sans-serif\";mso-ascii-theme-font:\nminor-latin;mso-hansi-theme-font:minor-latin;mso-bidi-theme-font:minor-latin;\ncolor:#373737\"><o:p>\u00a0<\/o:p><\/span><\/p>\n<p style=\"margin:0cm;margin-bottom:.0001pt;background:white;box-sizing: border-box;\n-webkit-tap-highlight-color: transparent;font-variant-ligatures: normal;\nfont-variant-caps: normal;orphans: 2;text-align:start;widows: 2;-webkit-text-stroke-width: 0px;\ntext-decoration-style: initial;text-decoration-color: initial;word-spacing:\n0px\"><span style=\"font-size:11.0pt;font-family:\"Calibri\",\"sans-serif\";\nmso-ascii-theme-font:minor-latin;mso-hansi-theme-font:minor-latin;mso-bidi-theme-font:\nminor-latin;color:#373737\">M\u00e9xico, Guatemala, El salvador, Honduras, Costa Rica, Panam\u00e1, Colombia, Ecuador, Argentina, Brasil, Bolivia, Rep\u00fablica Dominicana, Paraguay, Uruguay, Chile, Puerto Rico y Venezuela fueron los pa\u00edses que participaron en este Encuentro convocado por el Departamento de Comunicaci\u00f3n y Prensa del CELAM. Siendo en total 40, los asistentes.<o:p><\/o:p><\/span><\/p>\n<h2 style=\"margin-top:0cm;line-height:normal;background:white;box-sizing: border-box;\n-webkit-tap-highlight-color: transparent;font-variant-ligatures: normal;\nfont-variant-caps: normal;orphans: 2;text-align:start;widows: 2;-webkit-text-stroke-width: 0px;\ntext-decoration-style: initial;text-decoration-color: initial;word-spacing:\n0px\"><span style=\"font-size:11.0pt;font-family:\"Calibri\",\"sans-serif\";\nmso-ascii-theme-font:minor-latin;mso-hansi-theme-font:minor-latin;mso-bidi-theme-font:\nminor-latin;color:#373737\"><o:p>\u00a0<\/o:p><\/span><\/h2>\n<h2 style=\"margin-top:0cm;line-height:normal;background:white\"><span style=\"font-size:11.0pt;font-family:\"Calibri\",\"sans-serif\";mso-ascii-theme-font:\nminor-latin;mso-hansi-theme-font:minor-latin;mso-bidi-theme-font:minor-latin;\ncolor:#373737\">Objetivos del encuentro<\/span><span style=\"font-size:11.0pt;\nfont-family:\"Calibri\",\"sans-serif\";mso-ascii-theme-font:minor-latin;mso-hansi-theme-font:\nminor-latin;mso-bidi-theme-font:minor-latin;color:#373737;font-weight:normal\"><o:p><\/o:p><\/span><\/h2>\n<p style=\"margin:0cm;margin-bottom:.0001pt;background:white\"><span style=\"font-size:11.0pt;font-family:\"Calibri\",\"sans-serif\";mso-ascii-theme-font:\nminor-latin;mso-hansi-theme-font:minor-latin;mso-bidi-theme-font:minor-latin;\ncolor:#373737\">Seg\u00fan se lee en el comunicado final elaborado por el Departamento de Comunicaci\u00f3n del CELAM, la reuni\u00f3n que se realiz\u00f3 en Bogot\u00e1, Colombia, del 5 al 9 de marzo, ten\u00eda como objetivos exponer y compartir desde el ver, el trabajo y las realidades de cada pa\u00eds, para desde el actuar, construir l\u00edneas comunes de pastoral de la comunicaci\u00f3n y prensa a nivel de Latinoam\u00e9rica y El Caribe.<o:p><\/o:p><\/span><\/p>\n<p style=\"margin:0cm;margin-bottom:.0001pt;background:white;box-sizing: border-box;\n-webkit-tap-highlight-color: transparent;font-variant-ligatures: normal;\nfont-variant-caps: normal;orphans: 2;text-align:start;widows: 2;-webkit-text-stroke-width: 0px;\ntext-decoration-style: initial;text-decoration-color: initial;word-spacing:\n0px\"><span style=\"font-size:11.0pt;font-family:\"Calibri\",\"sans-serif\";\nmso-ascii-theme-font:minor-latin;mso-hansi-theme-font:minor-latin;mso-bidi-theme-font:\nminor-latin;color:#373737\"><o:p>\u00a0<\/o:p><\/span><\/p>\n<p style=\"margin:0cm;margin-bottom:.0001pt;background:white\"><span style=\"font-size:11.0pt;font-family:\"Calibri\",\"sans-serif\";mso-ascii-theme-font:\nminor-latin;mso-hansi-theme-font:minor-latin;mso-bidi-theme-font:minor-latin;\ncolor:#373737\">En la parte inicial, fueron presentados informes de trabajo de cada pa\u00eds, en regiones desde la realidad de cada naci\u00f3n, para ubicar los temas, desaf\u00edos, m\u00e9todos y estrategias para la comunicaci\u00f3n social. Brasil como pa\u00eds grande en el cono sur de Am\u00e9rica, present\u00f3 al final el trabajo que realiza el Departamento de Comunicaci\u00f3n, atendiendo las distintas estructuras de la Iglesia y comunic\u00e1ndolo en el marco del conjunto de la Naci\u00f3n.<o:p><\/o:p><\/span><\/p>\n<p style=\"margin:0cm;margin-bottom:.0001pt;background:white;box-sizing: border-box;\n-webkit-tap-highlight-color: transparent;font-variant-ligatures: normal;\nfont-variant-caps: normal;orphans: 2;text-align:start;widows: 2;-webkit-text-stroke-width: 0px;\ntext-decoration-style: initial;text-decoration-color: initial;word-spacing:\n0px\"><span style=\"font-size:11.0pt;font-family:\"Calibri\",\"sans-serif\";\nmso-ascii-theme-font:minor-latin;mso-hansi-theme-font:minor-latin;mso-bidi-theme-font:\nminor-latin;color:#373737\"><o:p>\u00a0<\/o:p><\/span><\/p>\n<p style=\"margin:0cm;margin-bottom:.0001pt;background:white\"><span style=\"font-size:11.0pt;font-family:\"Calibri\",\"sans-serif\";mso-ascii-theme-font:\nminor-latin;mso-hansi-theme-font:minor-latin;mso-bidi-theme-font:minor-latin;\ncolor:#373737\">Tambi\u00e9n hubo espacio para la presentaci\u00f3n de estad\u00edsticas y datos de investigaci\u00f3n, ofrecidos por Cesar Da Costa, soci\u00f3logo uruguayo que profundiz\u00f3 sobre el escenario \u201cLa religi\u00f3n vivida en Am\u00e9rica Latina, en una sociedad en Proceso de secularizaci\u00f3n\u201d.<o:p><\/o:p><\/span><\/p>\n<p style=\"margin:0cm;margin-bottom:.0001pt;background:white\"><span style=\"font-size:11.0pt;font-family:\"Calibri\",\"sans-serif\";mso-ascii-theme-font:\nminor-latin;mso-hansi-theme-font:minor-latin;mso-bidi-theme-font:minor-latin;\ncolor:#373737\"><o:p>\u00a0<\/o:p><\/span><\/p>\n<p style=\"margin:0cm;margin-bottom:.0001pt;background:white;box-sizing: border-box;\n-webkit-tap-highlight-color: transparent;font-variant-ligatures: normal;\nfont-variant-caps: normal;orphans: 2;text-align:start;widows: 2;-webkit-text-stroke-width: 0px;\ntext-decoration-style: initial;text-decoration-color: initial;word-spacing:\n0px\"><span style=\"font-size:11.0pt;font-family:\"Calibri\",\"sans-serif\";\nmso-ascii-theme-font:minor-latin;mso-hansi-theme-font:minor-latin;mso-bidi-theme-font:\nminor-latin;color:#373737\">Da costa expuso cifras y porcentajes sobre quienes profesan distintos credos religiosos, los hechos o periodos hist\u00f3ricos que han impactado socialmente en Am\u00e9rica Latina y sus efectos, para dejar mostrar la evoluci\u00f3n y tendencia de cambio en cifras y pensamiento hacia un creciente secularismo de las sociedades en la regi\u00f3n.<o:p><\/o:p><\/span><\/p>\n<h2 style=\"margin-top:0cm;line-height:normal;background:white;box-sizing: border-box;\n-webkit-tap-highlight-color: transparent;font-variant-ligatures: normal;\nfont-variant-caps: normal;orphans: 2;text-align:start;widows: 2;-webkit-text-stroke-width: 0px;\ntext-decoration-style: initial;text-decoration-color: initial;word-spacing:\n0px\"><span style=\"font-size:11.0pt;font-family:\"Calibri\",\"sans-serif\";\nmso-ascii-theme-font:minor-latin;mso-hansi-theme-font:minor-latin;mso-bidi-theme-font:\nminor-latin;color:#373737\"><o:p>\u00a0<\/o:p><\/span><\/h2>\n<h2 style=\"margin-top:0cm;line-height:normal;background:white\"><span style=\"font-size:11.0pt;font-family:\"Calibri\",\"sans-serif\";mso-ascii-theme-font:\nminor-latin;mso-hansi-theme-font:minor-latin;mso-bidi-theme-font:minor-latin;\ncolor:#373737\">Comunicar a Jes\u00fas en mundos complejos<\/span><span style=\"font-size:11.0pt;font-family:\"Calibri\",\"sans-serif\";mso-ascii-theme-font:\nminor-latin;mso-hansi-theme-font:minor-latin;mso-bidi-theme-font:minor-latin;\ncolor:#373737;font-weight:normal\"><o:p><\/o:p><\/span><\/h2>\n<p style=\"margin:0cm;margin-bottom:.0001pt;background:white\"><span style=\"font-size:11.0pt;font-family:\"Calibri\",\"sans-serif\";mso-ascii-theme-font:\nminor-latin;mso-hansi-theme-font:minor-latin;mso-bidi-theme-font:minor-latin;\ncolor:#373737\">Por otra parte, Monse\u00f1or Eusebio Ramos, Obispo de Puerto Rico y miembro del Departamento de Comunicaci\u00f3n y Prensa del CELAM, imparti\u00f3 la ponencia de \u201cLa espiritualidad del Comunicador desde el compromiso de Jes\u00fas\u201d.<o:p><\/o:p><\/span><\/p>\n<p style=\"margin:0cm;margin-bottom:.0001pt;background:white\"><span style=\"font-size:11.0pt;font-family:\"Calibri\",\"sans-serif\";mso-ascii-theme-font:\nminor-latin;mso-hansi-theme-font:minor-latin;mso-bidi-theme-font:minor-latin;\ncolor:#373737\">Extrayendo la fuerza espiritual que desde Jes\u00fas y el Evangelio ha recibido en herencia la Iglesia por siglos, Monse\u00f1or Eusebio dej\u00f3 clara la importancia de ser amigos y testigos de Jes\u00fas y portadores del Evangelio en la propia vida como elemento esencial para realizar la comunicaci\u00f3n en mundos complejos en los nuevos aere\u00f3pagos.<o:p><\/o:p><\/span><\/p>\n<p style=\"margin:0cm;margin-bottom:.0001pt;background:white\"><span style=\"font-size:11.0pt;font-family:\"Calibri\",\"sans-serif\";mso-ascii-theme-font:\nminor-latin;mso-hansi-theme-font:minor-latin;mso-bidi-theme-font:minor-latin;\ncolor:#373737\"><o:p>\u00a0<\/o:p><\/span><\/p>\n<p style=\"margin:0cm;margin-bottom:.0001pt;background:white\"><span style=\"font-size:11.0pt;font-family:\"Calibri\",\"sans-serif\";mso-ascii-theme-font:\nminor-latin;mso-hansi-theme-font:minor-latin;mso-bidi-theme-font:minor-latin;\ncolor:#373737\">Asimismo, Monse\u00f1or Juan Espinoza, Secretario General del CELAM, expuso los \u00e9nfasis del Plan Global del CELAM para este cuatrienio, el caminar de Am\u00e9rica Latina y el aporte en los documentos de las cinco conferencias y el compromiso de ser una Iglesia pobre para los pobres. Es decir que hace opci\u00f3n por ellos desde Jes\u00fas y como Jes\u00fas.<o:p><\/o:p><\/span><\/p>\n<p style=\"margin:0cm;margin-bottom:.0001pt;background:white;box-sizing: border-box;\n-webkit-tap-highlight-color: transparent;font-variant-ligatures: normal;\nfont-variant-caps: normal;orphans: 2;text-align:start;widows: 2;-webkit-text-stroke-width: 0px;\ntext-decoration-style: initial;text-decoration-color: initial;word-spacing:\n0px\"><span style=\"font-size:11.0pt;font-family:\"Calibri\",\"sans-serif\";\nmso-ascii-theme-font:minor-latin;mso-hansi-theme-font:minor-latin;mso-bidi-theme-font:\nminor-latin;color:#373737\"><o:p>\u00a0<\/o:p><\/span><\/p>\n<p style=\"margin:0cm;margin-bottom:.0001pt;background:white\"><span style=\"font-size:11.0pt;font-family:\"Calibri\",\"sans-serif\";mso-ascii-theme-font:\nminor-latin;mso-hansi-theme-font:minor-latin;mso-bidi-theme-font:minor-latin;\ncolor:#373737\">Una de las partes medulares fue el trabajo por regiones del documento base de \u201cPropuestas de l\u00edneas pastorales en Comunicaci\u00f3n para Am\u00e9rica Latina y El Caribe\u201d. Este fue un punto fuerte de inter\u00e9s para todos los pa\u00edses.<o:p><\/o:p><\/span><\/p>\n<p style=\"margin:0cm;margin-bottom:.0001pt;background:white\"><span style=\"font-size:11.0pt;font-family:\"Calibri\",\"sans-serif\";mso-ascii-theme-font:\nminor-latin;mso-hansi-theme-font:minor-latin;mso-bidi-theme-font:minor-latin;\ncolor:#373737\"><o:p>\u00a0<\/o:p><\/span><\/p>\n<p style=\"margin:0cm;margin-bottom:.0001pt;background:white\"><span style=\"font-size:11.0pt;font-family:\"Calibri\",\"sans-serif\";mso-ascii-theme-font:\nminor-latin;mso-hansi-theme-font:minor-latin;mso-bidi-theme-font:minor-latin;\ncolor:#373737\">El documento tendr\u00e1 un trabajo posterior con la respectiva consolidaci\u00f3n para convertirse en documento de la pastoral de la Comunicaci\u00f3n y Prensa Latinoamericana.<o:p><\/o:p><\/span><\/p>\n<h2 style=\"margin-top:0cm;line-height:normal;background:white;box-sizing: border-box;\n-webkit-tap-highlight-color: transparent;font-variant-ligatures: normal;\nfont-variant-caps: normal;orphans: 2;text-align:start;widows: 2;-webkit-text-stroke-width: 0px;\ntext-decoration-style: initial;text-decoration-color: initial;word-spacing:\n0px\"><span style=\"font-size:11.0pt;font-family:\"Calibri\",\"sans-serif\";\nmso-ascii-theme-font:minor-latin;mso-hansi-theme-font:minor-latin;mso-bidi-theme-font:\nminor-latin;color:#373737\"><o:p>\u00a0<\/o:p><\/span><\/h2>\n<h2 style=\"margin-top:0cm;line-height:normal;background:white\"><span style=\"font-size:11.0pt;font-family:\"Calibri\",\"sans-serif\";mso-ascii-theme-font:\nminor-latin;mso-hansi-theme-font:minor-latin;mso-bidi-theme-font:minor-latin;\ncolor:#373737\">Presentada la propuesta de comunicaci\u00f3n para la JMJ Panam\u00e1\u00a0<\/span><span style=\"font-size:11.0pt;font-family:\"Calibri\",\"sans-serif\";mso-ascii-theme-font:\nminor-latin;mso-hansi-theme-font:minor-latin;mso-bidi-theme-font:minor-latin;\ncolor:#373737;font-weight:normal\"><o:p><\/o:p><\/span><\/h2>\n<p style=\"margin:0cm;margin-bottom:.0001pt;background:white\"><span style=\"font-size:11.0pt;font-family:\"Calibri\",\"sans-serif\";mso-ascii-theme-font:\nminor-latin;mso-hansi-theme-font:minor-latin;mso-bidi-theme-font:minor-latin;\ncolor:#373737\">Otro punto destacable fue la presentaci\u00f3n del DECOS de Panam\u00e1 sobre la propuesta de comunicaci\u00f3n para la Jornada Mundial de la Juventud,\u00a0que tendr\u00e1 su sede en ese pa\u00eds que recibir\u00e1 al Papa Francisco quien se encontrar\u00e1 con los j\u00f3venes del mundo en esa naci\u00f3n sede.<o:p><\/o:p><\/span><\/p>\n<p class=\"MsoNormal\" style=\"margin-bottom:0cm;margin-bottom:.0001pt;line-height:\nnormal\"><span style=\"mso-bidi-font-family:Calibri;mso-bidi-theme-font:minor-latin;\ncolor:#373737;background:white\"><o:p>\u00a0<\/o:p><\/span><\/p>\n<p class=\"MsoNormal\" style=\"margin-bottom:0cm;margin-bottom:.0001pt;line-height:\nnormal\"><span style=\"mso-bidi-font-family:Calibri;mso-bidi-theme-font:minor-latin;\ncolor:#373737;background:white\">Tras varios d\u00edas de ponencias y momentos de di\u00e1logo, el encuentro culmin\u00f3 con una Eucarist\u00eda de acci\u00f3n de gracias en la Capilla del CELAM, presidida por Monse\u00f1or Rafael Quir\u00f3s, Arzobispo de San Jos\u00e9 de Costa Rica y un concierto musical de jovencitos y jovencitas de diversos barrios de Bogot\u00e1, que conformaron una banda musical, fundada por un sacerdote salesiano, quienes interpretaron m\u00fasica sudamericana en el patio frontal del CELAM ubicado en Usaqu\u00e9n.<\/span><o:p><\/o:p><\/p>\n<p class=\"MsoNormal\" style=\"margin-bottom:0cm;margin-bottom:.0001pt;line-height:\nnormal\"><span style=\"mso-bidi-font-family:Calibri;mso-bidi-theme-font:minor-latin;\ncolor:#373737;background:white\"><o:p>\u00a0<\/o:p><\/span><\/p>\n<p class=\"MsoNormal\" style=\"margin-bottom:0cm;margin-bottom:.0001pt;line-height:\nnormal\"><i style=\"mso-bidi-font-style:normal\"><span style=\"mso-bidi-font-family:\nCalibri;mso-bidi-theme-font:minor-latin;color:#373737;background:white\">Tomado de: Vatican News. Marzo 2018.<\/span><\/i><i style=\"mso-bidi-font-style:normal\"><span style=\"mso-bidi-font-family:Calibri;mso-bidi-theme-font:minor-latin\"><o:p><\/o:p><\/span><\/i><\/p>\n<p><a href=\"http:\/\/web.hilo.org.pe\/wp-content\/uploads\/EncuentroCELAM.jpeg\" target=\"_blank\" rel=\"noopener\">Ver archivo adjunto<\/a><\/p>\n","protected":false},"excerpt":{"rendered":"<p>Obispos presidentes, secretarios ejecutivos y algunos delegados\/as de comunicaci\u00f3n de 17 de las 22 Conferencias Episcopales de Latinoam\u00e9rica y El Caribe se reunieron en Bogot\u00e1 en un encuentro marcado por la comuni\u00f3n, el deseo de intensificar el trabajo, y el compromiso de sembrar esperanza por medio de la comunicaci\u00f3n al servicio de la Iglesia y la sociedad.<\/p>\n","protected":false},"author":1,"featured_media":7931,"comment_status":"closed","ping_status":"closed","sticky":false,"template":"","format":"standard","meta":{"footnotes":""},"categories":[9],"tags":[],"class_list":["post-3038","post","type-post","status-publish","format-standard","has-post-thumbnail","hentry","category-noticias"],"_links":{"self":[{"href":"https:\/\/ceas.org.pe\/index.php\/wp-json\/wp\/v2\/posts\/3038","targetHints":{"allow":["GET"]}}],"collection":[{"href":"https:\/\/ceas.org.pe\/index.php\/wp-json\/wp\/v2\/posts"}],"about":[{"href":"https:\/\/ceas.org.pe\/index.php\/wp-json\/wp\/v2\/types\/post"}],"author":[{"embeddable":true,"href":"https:\/\/ceas.org.pe\/index.php\/wp-json\/wp\/v2\/users\/1"}],"replies":[{"embeddable":true,"href":"https:\/\/ceas.org.pe\/index.php\/wp-json\/wp\/v2\/comments?post=3038"}],"version-history":[{"count":1,"href":"https:\/\/ceas.org.pe\/index.php\/wp-json\/wp\/v2\/posts\/3038\/revisions"}],"predecessor-version":[{"id":6180,"href":"https:\/\/ceas.org.pe\/index.php\/wp-json\/wp\/v2\/posts\/3038\/revisions\/6180"}],"wp:featuredmedia":[{"embeddable":true,"href":"https:\/\/ceas.org.pe\/index.php\/wp-json\/wp\/v2\/media\/7931"}],"wp:attachment":[{"href":"https:\/\/ceas.org.pe\/index.php\/wp-json\/wp\/v2\/media?parent=3038"}],"wp:term":[{"taxonomy":"category","embeddable":true,"href":"https:\/\/ceas.org.pe\/index.php\/wp-json\/wp\/v2\/categories?post=3038"},{"taxonomy":"post_tag","embeddable":true,"href":"https:\/\/ceas.org.pe\/index.php\/wp-json\/wp\/v2\/tags?post=3038"}],"curies":[{"name":"wp","href":"https:\/\/api.w.org\/{rel}","templated":true}]}}