{"id":3037,"date":"2018-03-13T00:54:03","date_gmt":"2018-03-13T00:54:03","guid":{"rendered":""},"modified":"2026-03-11T09:11:58","modified_gmt":"2026-03-11T14:11:58","slug":"tres-misioneros-espanoles-en-el-consejo-que-preparara-el-sinodo-pan-amazonico","status":"publish","type":"post","link":"https:\/\/ceas.org.pe\/index.php\/2018\/03\/13\/tres-misioneros-espanoles-en-el-consejo-que-preparara-el-sinodo-pan-amazonico\/","title":{"rendered":"Tres misioneros espa\u00f1oles, en el consejo que preparar\u00e1 el S\u00ednodo Pan-Amaz\u00f3nico"},"content":{"rendered":"<p><span style=\"background-image: initial; background-position: initial; background-size: initial; background-repeat: initial; background-attachment: initial; background-origin: initial; background-clip: initial; color: rgb(51, 51, 51);\">El Vaticano acaba de hacer p\u00fablico este jueves, 8 de marzo, el tema del pr\u00f3ximo\u00a0<\/span><b style=\"box-sizing: border-box;\">S\u00ednodo para la Panamazonia,<\/b>\u00a0as\u00ed como la lista de los miembros del Consejo Pre-Sinodal. El tema de reflexi\u00f3n es\u00a0<b style=\"box-sizing: border-box;\">\u00abAmazonia: nuevos caminos para la Iglesia y para una ecolog\u00eda integral\u00bb,<\/b>\u00a0mostrando que no es posible una presencia v\u00e1lida de la Iglesia en el principal pulm\u00f3n del Planeta, si no es desde la perspectiva de aquello que es fundamento de la Enc\u00edclica Laudato Si, la ecolog\u00eda integral.<\/p>\n<p class=\"MsoNormal\" style=\"margin-bottom: 0.0001pt; line-height: normal; background-image: initial; background-position: initial; background-size: initial; background-repeat: initial; background-attachment: initial; background-origin: initial; background-clip: initial;\"><o:p><\/o:p><\/p>\n<p style=\"margin: 0cm 0cm 0.0001pt; text-align: justify; background-image: initial; background-position: initial; background-size: initial; background-repeat: initial; background-attachment: initial; background-origin: initial; background-clip: initial;\"><span style=\"font-size:11.0pt;font-family:\"Calibri\",\"sans-serif\";mso-ascii-theme-font:\nminor-latin;mso-hansi-theme-font:minor-latin;mso-bidi-theme-font:minor-latin;\ncolor:#333333\">\u00a0<\/span><\/p>\n<p style=\"margin: 0cm 0cm 0.0001pt; text-align: justify; background-image: initial; background-position: initial; background-size: initial; background-repeat: initial; background-attachment: initial; background-origin: initial; background-clip: initial;\"><span style=\"font-size:11.0pt;font-family:\"Calibri\",\"sans-serif\";mso-ascii-theme-font:\nminor-latin;mso-hansi-theme-font:minor-latin;mso-bidi-theme-font:minor-latin;\ncolor:#333333\">El S\u00ednodo de la Amazonia es visto por algunos como un d<b style=\"box-sizing: border-box\">ivisor de aguas dentro de las reformas que el Papa Francisco\u00a0<\/b>quiere llevar a cabo dentro de la Iglesia, pues se prev\u00e9 que sean discutidos aspectos que, como recoge el tema, marquen nuevos caminos para la Iglesia, no s\u00f3lo de la Amazonia.<o:p><\/o:p><\/span><\/p>\n<p style=\"margin: 0cm 0cm 0.0001pt; text-align: justify; background-image: initial; background-position: initial; background-size: initial; background-repeat: initial; background-attachment: initial; background-origin: initial; background-clip: initial;\"><span style=\"font-size:11.0pt;font-family:\"Calibri\",\"sans-serif\";mso-ascii-theme-font:\nminor-latin;mso-hansi-theme-font:minor-latin;mso-bidi-theme-font:minor-latin;\ncolor:#333333\">\u00a0<\/span><\/p>\n<p style=\"margin: 0cm 0cm 0.0001pt; text-align: justify; background-image: initial; background-position: initial; background-size: initial; background-repeat: initial; background-attachment: initial; background-origin: initial; background-clip: initial;\"><span style=\"font-size:11.0pt;font-family:\"Calibri\",\"sans-serif\";mso-ascii-theme-font:\nminor-latin;mso-hansi-theme-font:minor-latin;mso-bidi-theme-font:minor-latin;\ncolor:#333333\">Los elegidos han sido llamados para colaborar con la Secretar\u00eda General, comandada por el Cardenal\u00a0<b style=\"box-sizing: border-box\">Lorenzo Baldisseri<\/b>, en la preparaci\u00f3n de la Asamblea Sinodal, que tendr\u00e1 lugar en octubre de 2019 en el Vaticano. En la lista, compuesta por 18 personas, aparecen los nombres de\u00a0<b style=\"box-sizing: border-box\">16 cardenales, arzobispos y obispos,<\/b>\u00a0junto con el de la religiosa\u00a0<b style=\"box-sizing: border-box\">Irene Lopes,<\/b>\u00a0la \u00fanica mujer presente, que representa a la CLAR, Confederaci\u00f3n Latinoamericana y Caribe\u00f1a de Religiosos y Religiosas, y del laico Mauricio L\u00f3pez, Secretario Ejecutivo de la Red Eclesial Panamaz\u00f3nica, REPAM, entidad que se vislumbra como uno de los grandes interlocutores del trabajo preparatorio de cara al S\u00ednodo, dado el trabajo de estudio de la realidad amaz\u00f3nica llevado a cabo en los \u00faltimos a\u00f1os.<o:p><\/o:p><\/span><\/p>\n<p style=\"margin: 0cm 0cm 0.0001pt; text-align: justify; background-image: initial; background-position: initial; background-size: initial; background-repeat: initial; background-attachment: initial; background-origin: initial; background-clip: initial;\"><span style=\"font-size:11.0pt;font-family:\"Calibri\",\"sans-serif\";mso-ascii-theme-font:\nminor-latin;mso-hansi-theme-font:minor-latin;mso-bidi-theme-font:minor-latin;\ncolor:#333333\">\u00a0<\/span><\/p>\n<p style=\"margin: 0cm 0cm 0.0001pt; text-align: justify; background-image: initial; background-position: initial; background-size: initial; background-repeat: initial; background-attachment: initial; background-origin: initial; background-clip: initial;\"><span style=\"font-size:11.0pt;font-family:\"Calibri\",\"sans-serif\";mso-ascii-theme-font:\nminor-latin;mso-hansi-theme-font:minor-latin;mso-bidi-theme-font:minor-latin;\ncolor:#333333\">Entre los prelados, se hacen presentes el\u00a0<b style=\"box-sizing: border-box\">Cardenal Hummes,<\/b>\u00a0Presidente de la REPAM, representantes de los diferentes pa\u00edses que forman parte de la Amazonia, as\u00ed como de algunos episcopados del continente, como Argentina, Paraguay y M\u00e9xico, cuyo delegado, el Cardenal\u00a0<b style=\"box-sizing: border-box\">Carlos Aguiar Retes<\/b>, recientemente nombrado Arzobispo de M\u00e9xico por el Papa Francisco, ya fue Presidente del CELAM, Consejo Episcopal Latino-Americano.<o:p><\/o:p><\/span><\/p>\n<p style=\"margin: 0cm 0cm 0.0001pt; text-align: justify; background-image: initial; background-position: initial; background-size: initial; background-repeat: initial; background-attachment: initial; background-origin: initial; background-clip: initial; box-sizing: border-box;\"><span style=\"font-size:11.0pt;\nfont-family:\"Calibri\",\"sans-serif\";mso-ascii-theme-font:minor-latin;mso-hansi-theme-font:\nminor-latin;mso-bidi-theme-font:minor-latin;color:#333333\">\u00a0<\/span><\/p>\n<p style=\"margin: 0cm 0cm 0.0001pt; text-align: justify; background-image: initial; background-position: initial; background-size: initial; background-repeat: initial; background-attachment: initial; background-origin: initial; background-clip: initial;\"><span style=\"font-size:11.0pt;font-family:\"Calibri\",\"sans-serif\";mso-ascii-theme-font:\nminor-latin;mso-hansi-theme-font:minor-latin;mso-bidi-theme-font:minor-latin;\ncolor:#333333\">As\u00ed mismo, cabe destacar la presencia de tres misioneros espa\u00f1oles, obispos en diferentes regiones de la Amazonia. Monse\u00f1or\u00a0<b style=\"box-sizing: border-box\">Rafael Cob<\/b>, miembro de la OCSHA, Obra de Cooperaci\u00f3n Sacerdotal para Hispano Am\u00e9rica, Vicario Apost\u00f3lico de Puyo, en la Amazonia ecuatoriana, el salesiano\u00a0<b style=\"box-sizing: border-box\">Jos\u00e9 \u00c1ngel Divass\u00f3n,<\/b>\u00a0Vicario Apost\u00f3lico em\u00e9rito de Puerto Ayacucho, que cuida de la Iglesia de la Amazonia venezolana, y\u00a0<b style=\"box-sizing: border-box\">Monse\u00f1or David Mart\u00ednez de Aguirre Guinea<\/b>, Vicario Apost\u00f3lico de Puerto Maldonado, en Per\u00fa, y anfitri\u00f3n del Papa Francisco en su \u00fanico viaje a la Amazonia, en enero pasado.<o:p><\/o:p><\/span><\/p>\n<p style=\"margin: 0cm 0cm 0.0001pt; text-align: justify; background-image: initial; background-position: initial; background-size: initial; background-repeat: initial; background-attachment: initial; background-origin: initial; background-clip: initial; box-sizing: border-box;\"><span style=\"font-size:11.0pt;\nfont-family:\"Calibri\",\"sans-serif\";mso-ascii-theme-font:minor-latin;mso-hansi-theme-font:\nminor-latin;mso-bidi-theme-font:minor-latin;color:#333333\">\u00a0<\/span><\/p>\n<p style=\"margin: 0cm 0cm 0.0001pt; text-align: justify; background-image: initial; background-position: initial; background-size: initial; background-repeat: initial; background-attachment: initial; background-origin: initial; background-clip: initial;\"><span style=\"font-size:11.0pt;font-family:\"Calibri\",\"sans-serif\";mso-ascii-theme-font:\nminor-latin;mso-hansi-theme-font:minor-latin;mso-bidi-theme-font:minor-latin;\ncolor:#333333\">La primera reuni\u00f3n de este equipo est\u00e1 prevista para los d\u00edas 12 y 13 de abril en el Vaticano, donde tambi\u00e9n est\u00e1 previsto que se hagan presentes los asesores sobre las diferentes tem\u00e1ticas que deben ser abordadas en la asamblea sinodal.<o:p><\/o:p><\/span><\/p>\n<p style=\"margin: 0cm 0cm 0.0001pt; text-align: justify; background-image: initial; background-position: initial; background-size: initial; background-repeat: initial; background-attachment: initial; background-origin: initial; background-clip: initial;\"><span style=\"font-size:11.0pt;font-family:\"Calibri\",\"sans-serif\";mso-ascii-theme-font:\nminor-latin;mso-hansi-theme-font:minor-latin;mso-bidi-theme-font:minor-latin;\ncolor:#333333\">\u00a0<\/span><\/p>\n<p style=\"margin: 0cm 0cm 0.0001pt; background-image: initial; background-position: initial; background-size: initial; background-repeat: initial; background-attachment: initial; background-origin: initial; background-clip: initial; box-sizing: border-box;\"><span style=\"font-size:11.0pt;font-family:\"Calibri\",\"sans-serif\";\nmso-ascii-theme-font:minor-latin;mso-hansi-theme-font:minor-latin;mso-bidi-theme-font:\nminor-latin;color:#333333\">Lista de los miembros del Consejo Pre-Sinodal:<o:p><\/o:p><\/span><\/p>\n<p style=\"margin: 0cm 0cm 0.0001pt 21.3pt; text-indent: -18pt; background-image: initial; background-position: initial; background-size: initial; background-repeat: initial; background-attachment: initial; background-origin: initial; background-clip: initial; box-sizing: border-box;\"><!--[if !supportLists]--><span style=\"font-size:11.0pt;\nfont-family:Symbol;mso-fareast-font-family:Symbol;mso-bidi-font-family:Symbol;\ncolor:#3C3C3C;mso-bidi-font-style:italic\">\u00b7<span style=\"font-variant-numeric: normal; font-variant-east-asian: normal; font-stretch: normal; font-size: 7pt; line-height: normal; font-family: \"Times New Roman\";\">\u00a0\u00a0\u00a0\u00a0\u00a0\u00a0\u00a0\u00a0 <\/span><\/span><!--[endif]--><i><span style=\"font-size:11.0pt;font-family:\n\"Calibri\",\"sans-serif\";mso-ascii-theme-font:minor-latin;mso-hansi-theme-font:\nminor-latin;mso-bidi-theme-font:minor-latin;color:#3C3C3C\">Card. Claudio Hummes, Arzobispo em\u00e9rito de S\u00e3o Paulo (Brasil), Presidente de la Red Eclesial Panamaz\u00f3nica.<o:p><\/o:p><\/span><\/i><\/p>\n<p style=\"margin: 0cm 0cm 0.0001pt 21.3pt; text-indent: -18pt; background-image: initial; background-position: initial; background-size: initial; background-repeat: initial; background-attachment: initial; background-origin: initial; background-clip: initial;\"><!--[if !supportLists]--><span style=\"font-size:11.0pt;font-family:Symbol;\nmso-fareast-font-family:Symbol;mso-bidi-font-family:Symbol;color:#3C3C3C;\nmso-bidi-font-style:italic\">\u00b7<span style=\"font-variant-numeric: normal; font-variant-east-asian: normal; font-stretch: normal; font-size: 7pt; line-height: normal; font-family: \"Times New Roman\";\">\u00a0\u00a0\u00a0\u00a0\u00a0\u00a0\u00a0\u00a0 <\/span><\/span><!--[endif]--><i><span style=\"font-size:11.0pt;font-family:\n\"Calibri\",\"sans-serif\";mso-ascii-theme-font:minor-latin;mso-hansi-theme-font:\nminor-latin;mso-bidi-theme-font:minor-latin;color:#3C3C3C\">Card. Peter Kodwo Appiah Turkson, Prefecto del Dicasterio para el Servicio del Desarrollo Humano Integral.<o:p><\/o:p><\/span><\/i><\/p>\n<p style=\"margin: 0cm 0cm 0.0001pt 21.3pt; text-indent: -18pt; background-image: initial; background-position: initial; background-size: initial; background-repeat: initial; background-attachment: initial; background-origin: initial; background-clip: initial;\"><!--[if !supportLists]--><span style=\"font-size:11.0pt;font-family:Symbol;\nmso-fareast-font-family:Symbol;mso-bidi-font-family:Symbol;color:#3C3C3C;\nmso-bidi-font-style:italic\">\u00b7<span style=\"font-variant-numeric: normal; font-variant-east-asian: normal; font-stretch: normal; font-size: 7pt; line-height: normal; font-family: \"Times New Roman\";\">\u00a0\u00a0\u00a0\u00a0\u00a0\u00a0\u00a0\u00a0 <\/span><\/span><!--[endif]--><i><span style=\"font-size:11.0pt;font-family:\n\"Calibri\",\"sans-serif\";mso-ascii-theme-font:minor-latin;mso-hansi-theme-font:\nminor-latin;mso-bidi-theme-font:minor-latin;color:#3C3C3C\">Card. Carlos Aguiar Retes, Arzobispo de M\u00e9xico (M\u00e9xico).<o:p><\/o:p><\/span><\/i><\/p>\n<p style=\"margin: 0cm 0cm 0.0001pt 21.3pt; text-indent: -18pt; background-image: initial; background-position: initial; background-size: initial; background-repeat: initial; background-attachment: initial; background-origin: initial; background-clip: initial;\"><!--[if !supportLists]--><span style=\"font-size:11.0pt;font-family:Symbol;\nmso-fareast-font-family:Symbol;mso-bidi-font-family:Symbol;color:#3C3C3C;\nmso-bidi-font-style:italic\">\u00b7<span style=\"font-variant-numeric: normal; font-variant-east-asian: normal; font-stretch: normal; font-size: 7pt; line-height: normal; font-family: \"Times New Roman\";\">\u00a0\u00a0\u00a0\u00a0\u00a0\u00a0\u00a0\u00a0 <\/span><\/span><!--[endif]--><i><span style=\"font-size:11.0pt;font-family:\n\"Calibri\",\"sans-serif\";mso-ascii-theme-font:minor-latin;mso-hansi-theme-font:\nminor-latin;mso-bidi-theme-font:minor-latin;color:#3C3C3C\">Mons. Pedro Ricardo Barreto Jimeno, S.I., Arzobispo de Huancayo (Per\u00f9), Vicepresidente de la Red Eclesial Panamaz\u00f3nica.<o:p><\/o:p><\/span><\/i><\/p>\n<p style=\"margin: 0cm 0cm 0.0001pt 21.3pt; text-indent: -18pt; background-image: initial; background-position: initial; background-size: initial; background-repeat: initial; background-attachment: initial; background-origin: initial; background-clip: initial;\"><!--[if !supportLists]--><span style=\"font-size:11.0pt;font-family:Symbol;\nmso-fareast-font-family:Symbol;mso-bidi-font-family:Symbol;color:#3C3C3C;\nmso-bidi-font-style:italic\">\u00b7<span style=\"font-variant-numeric: normal; font-variant-east-asian: normal; font-stretch: normal; font-size: 7pt; line-height: normal; font-family: \"Times New Roman\";\">\u00a0\u00a0\u00a0\u00a0\u00a0\u00a0\u00a0\u00a0 <\/span><\/span><!--[endif]--><i><span style=\"font-size:11.0pt;font-family:\n\"Calibri\",\"sans-serif\";mso-ascii-theme-font:minor-latin;mso-hansi-theme-font:\nminor-latin;mso-bidi-theme-font:minor-latin;color:#3C3C3C\">Mons. Paul Richard Gallagher, Arzobispo titular de Hodelm, Secretario para las Relaciones con los Estados.<o:p><\/o:p><\/span><\/i><\/p>\n<p style=\"margin: 0cm 0cm 0.0001pt 21.3pt; text-indent: -18pt; background-image: initial; background-position: initial; background-size: initial; background-repeat: initial; background-attachment: initial; background-origin: initial; background-clip: initial;\"><!--[if !supportLists]--><span style=\"font-size:11.0pt;font-family:Symbol;\nmso-fareast-font-family:Symbol;mso-bidi-font-family:Symbol;color:#3C3C3C;\nmso-bidi-font-style:italic\">\u00b7<span style=\"font-variant-numeric: normal; font-variant-east-asian: normal; font-stretch: normal; font-size: 7pt; line-height: normal; font-family: \"Times New Roman\";\">\u00a0\u00a0\u00a0\u00a0\u00a0\u00a0\u00a0\u00a0 <\/span><\/span><!--[endif]--><i><span style=\"font-size:11.0pt;font-family:\n\"Calibri\",\"sans-serif\";mso-ascii-theme-font:minor-latin;mso-hansi-theme-font:\nminor-latin;mso-bidi-theme-font:minor-latin;color:#3C3C3C\">Mons. Edmundo Ponciano Valenzuela Mellid, S.D.B., Arzobispo de Asunci\u00f3n (Paraguay).<o:p><\/o:p><\/span><\/i><\/p>\n<p style=\"margin: 0cm 0cm 0.0001pt 21.3pt; text-indent: -18pt; background-image: initial; background-position: initial; background-size: initial; background-repeat: initial; background-attachment: initial; background-origin: initial; background-clip: initial;\"><!--[if !supportLists]--><span style=\"font-size:11.0pt;font-family:Symbol;\nmso-fareast-font-family:Symbol;mso-bidi-font-family:Symbol;color:#3C3C3C;\nmso-bidi-font-style:italic\">\u00b7<span style=\"font-variant-numeric: normal; font-variant-east-asian: normal; font-stretch: normal; font-size: 7pt; line-height: normal; font-family: \"Times New Roman\";\">\u00a0\u00a0\u00a0\u00a0\u00a0\u00a0\u00a0\u00a0 <\/span><\/span><!--[endif]--><i><span style=\"font-size:11.0pt;font-family:\n\"Calibri\",\"sans-serif\";mso-ascii-theme-font:minor-latin;mso-hansi-theme-font:\nminor-latin;mso-bidi-theme-font:minor-latin;color:#3C3C3C\">Mons. Roque Paloschi, Arzobispo de Porto Velho, Rond\u00f4nia (Brasil).<o:p><\/o:p><\/span><\/i><\/p>\n<p style=\"margin: 0cm 0cm 0.0001pt 21.3pt; text-indent: -18pt; background-image: initial; background-position: initial; background-size: initial; background-repeat: initial; background-attachment: initial; background-origin: initial; background-clip: initial;\"><!--[if !supportLists]--><span style=\"font-size:11.0pt;font-family:Symbol;\nmso-fareast-font-family:Symbol;mso-bidi-font-family:Symbol;color:#3C3C3C;\nmso-bidi-font-style:italic\">\u00b7<span style=\"font-variant-numeric: normal; font-variant-east-asian: normal; font-stretch: normal; font-size: 7pt; line-height: normal; font-family: \"Times New Roman\";\">\u00a0\u00a0\u00a0\u00a0\u00a0\u00a0\u00a0\u00a0 <\/span><\/span><!--[endif]--><i><span style=\"font-size:11.0pt;font-family:\n\"Calibri\",\"sans-serif\";mso-ascii-theme-font:minor-latin;mso-hansi-theme-font:\nminor-latin;mso-bidi-theme-font:minor-latin;color:#3C3C3C\">\u00a0Mons. Oscar Vicente Ojea, Obispo de San Isidro, Presidente de la Conferencia Episcopal (Argentina).<o:p><\/o:p><\/span><\/i><\/p>\n<p style=\"margin: 0cm 0cm 0.0001pt 21.3pt; text-indent: -18pt; background-image: initial; background-position: initial; background-size: initial; background-repeat: initial; background-attachment: initial; background-origin: initial; background-clip: initial;\"><!--[if !supportLists]--><span style=\"font-size:11.0pt;font-family:Symbol;\nmso-fareast-font-family:Symbol;mso-bidi-font-family:Symbol;color:#3C3C3C;\nmso-bidi-font-style:italic\">\u00b7<span style=\"font-variant-numeric: normal; font-variant-east-asian: normal; font-stretch: normal; font-size: 7pt; line-height: normal; font-family: \"Times New Roman\";\">\u00a0\u00a0\u00a0\u00a0\u00a0\u00a0\u00a0\u00a0 <\/span><\/span><!--[endif]--><i><span style=\"font-size:11.0pt;font-family:\n\"Calibri\",\"sans-serif\";mso-ascii-theme-font:minor-latin;mso-hansi-theme-font:\nminor-latin;mso-bidi-theme-font:minor-latin;color:#3C3C3C\">\u00a0Mons. Neri Jos\u00e9 Tondello, Obispo de Ju\u00edna, Mato Grosso (Brasil).<o:p><\/o:p><\/span><\/i><\/p>\n<p style=\"margin: 0cm 0cm 0.0001pt 21.3pt; text-indent: -18pt; background-image: initial; background-position: initial; background-size: initial; background-repeat: initial; background-attachment: initial; background-origin: initial; background-clip: initial;\"><!--[if !supportLists]--><span style=\"font-size:11.0pt;font-family:Symbol;\nmso-fareast-font-family:Symbol;mso-bidi-font-family:Symbol;color:#3C3C3C;\nmso-bidi-font-style:italic\">\u00b7<span style=\"font-variant-numeric: normal; font-variant-east-asian: normal; font-stretch: normal; font-size: 7pt; line-height: normal; font-family: \"Times New Roman\";\">\u00a0\u00a0\u00a0\u00a0\u00a0\u00a0\u00a0\u00a0 <\/span><\/span><!--[endif]--><i><span style=\"font-size:11.0pt;font-family:\n\"Calibri\",\"sans-serif\";mso-ascii-theme-font:minor-latin;mso-hansi-theme-font:\nminor-latin;mso-bidi-theme-font:minor-latin;color:#3C3C3C\">\u00a0Mons. Karel Martinus Choennie, Obispo de Paramaribo (Surinam).<o:p><\/o:p><\/span><\/i><\/p>\n<p style=\"margin: 0cm 0cm 0.0001pt 21.3pt; text-indent: -18pt; background-image: initial; background-position: initial; background-size: initial; background-repeat: initial; background-attachment: initial; background-origin: initial; background-clip: initial;\"><!--[if !supportLists]--><span style=\"font-size:11.0pt;font-family:Symbol;\nmso-fareast-font-family:Symbol;mso-bidi-font-family:Symbol;color:#3C3C3C;\nmso-bidi-font-style:italic\">\u00b7<span style=\"font-variant-numeric: normal; font-variant-east-asian: normal; font-stretch: normal; font-size: 7pt; line-height: normal; font-family: \"Times New Roman\";\">\u00a0\u00a0\u00a0\u00a0\u00a0\u00a0\u00a0\u00a0 <\/span><\/span><!--[endif]--><i><span style=\"font-size:11.0pt;font-family:\n\"Calibri\",\"sans-serif\";mso-ascii-theme-font:minor-latin;mso-hansi-theme-font:\nminor-latin;mso-bidi-theme-font:minor-latin;color:#3C3C3C\">\u00a0Mons. Erwin Kr\u00e4utler, C.PP.S., Prelado em\u00e9rito di Xingu, Par\u00e0 (Brasil).<o:p><\/o:p><\/span><\/i><\/p>\n<p style=\"margin: 0cm 0cm 0.0001pt 21.3pt; text-indent: -18pt; background-image: initial; background-position: initial; background-size: initial; background-repeat: initial; background-attachment: initial; background-origin: initial; background-clip: initial;\"><!--[if !supportLists]--><span style=\"font-size:11.0pt;font-family:Symbol;\nmso-fareast-font-family:Symbol;mso-bidi-font-family:Symbol;color:#3C3C3C;\nmso-bidi-font-style:italic\">\u00b7<span style=\"font-variant-numeric: normal; font-variant-east-asian: normal; font-stretch: normal; font-size: 7pt; line-height: normal; font-family: \"Times New Roman\";\">\u00a0\u00a0\u00a0\u00a0\u00a0\u00a0\u00a0\u00a0 <\/span><\/span><!--[endif]--><i><span style=\"font-size:11.0pt;font-family:\n\"Calibri\",\"sans-serif\";mso-ascii-theme-font:minor-latin;mso-hansi-theme-font:\nminor-latin;mso-bidi-theme-font:minor-latin;color:#3C3C3C\">\u00a0Mons. Jos\u00e9 \u00c1ngel Divass\u00f3n Cilveti, S.D.B., ex Vicario Apost\u00f3lico de Puerto Ayacucho (Venezuela), Obispo titular de Bamaccora.<o:p><\/o:p><\/span><\/i><\/p>\n<p style=\"margin: 0cm 0cm 0.0001pt 21.3pt; text-indent: -18pt; background-image: initial; background-position: initial; background-size: initial; background-repeat: initial; background-attachment: initial; background-origin: initial; background-clip: initial;\"><!--[if !supportLists]--><span style=\"font-size:11.0pt;font-family:Symbol;\nmso-fareast-font-family:Symbol;mso-bidi-font-family:Symbol;color:#3C3C3C;\nmso-bidi-font-style:italic\">\u00b7<span style=\"font-variant-numeric: normal; font-variant-east-asian: normal; font-stretch: normal; font-size: 7pt; line-height: normal; font-family: \"Times New Roman\";\">\u00a0\u00a0\u00a0\u00a0\u00a0\u00a0\u00a0\u00a0 <\/span><\/span><!--[endif]--><i><span style=\"font-size:11.0pt;font-family:\n\"Calibri\",\"sans-serif\";mso-ascii-theme-font:minor-latin;mso-hansi-theme-font:\nminor-latin;mso-bidi-theme-font:minor-latin;color:#3C3C3C\">\u00a0Mons. Rafael Cob Garc\u00eda, Vicario Apost\u00f3lico de Puyo, Obispo titular de Cerbali (Ecuador).<o:p><\/o:p><\/span><\/i><\/p>\n<p style=\"margin: 0cm 0cm 0.0001pt 21.3pt; text-indent: -18pt; background-image: initial; background-position: initial; background-size: initial; background-repeat: initial; background-attachment: initial; background-origin: initial; background-clip: initial;\"><!--[if !supportLists]--><span style=\"font-size:11.0pt;font-family:Symbol;\nmso-fareast-font-family:Symbol;mso-bidi-font-family:Symbol;color:#3C3C3C;\nmso-bidi-font-style:italic\">\u00b7<span style=\"font-variant-numeric: normal; font-variant-east-asian: normal; font-stretch: normal; font-size: 7pt; line-height: normal; font-family: \"Times New Roman\";\">\u00a0\u00a0\u00a0\u00a0\u00a0\u00a0\u00a0\u00a0 <\/span><\/span><!--[endif]--><i><span style=\"font-size:11.0pt;font-family:\n\"Calibri\",\"sans-serif\";mso-ascii-theme-font:minor-latin;mso-hansi-theme-font:\nminor-latin;mso-bidi-theme-font:minor-latin;color:#3C3C3C\">\u00a0Mons. Eugenio Coter, Vicario Apost\u00f3lico de Pando, Obispo titular de Tibiuca (Bolivia).<o:p><\/o:p><\/span><\/i><\/p>\n<p style=\"margin: 0cm 0cm 0.0001pt 21.3pt; text-indent: -18pt; background-image: initial; background-position: initial; background-size: initial; background-repeat: initial; background-attachment: initial; background-origin: initial; background-clip: initial;\"><!--[if !supportLists]--><span style=\"font-size:11.0pt;font-family:Symbol;\nmso-fareast-font-family:Symbol;mso-bidi-font-family:Symbol;color:#3C3C3C;\nmso-bidi-font-style:italic\">\u00b7<span style=\"font-variant-numeric: normal; font-variant-east-asian: normal; font-stretch: normal; font-size: 7pt; line-height: normal; font-family: \"Times New Roman\";\">\u00a0\u00a0\u00a0\u00a0\u00a0\u00a0\u00a0\u00a0 <\/span><\/span><!--[endif]--><i><span style=\"font-size:11.0pt;font-family:\n\"Calibri\",\"sans-serif\";mso-ascii-theme-font:minor-latin;mso-hansi-theme-font:\nminor-latin;mso-bidi-theme-font:minor-latin;color:#3C3C3C\">\u00a0Mons. Joaqu\u00edn Humberto Pinz\u00f3n G\u00fciza, I.M.C., Vicario Apost\u00f3lico de Puerto Legu\u00edzamo-Solano, Obispo titular de Ottocio (Colombia).<o:p><\/o:p><\/span><\/i><\/p>\n<p style=\"margin: 0cm 0cm 0.0001pt 21.3pt; text-indent: -18pt; background-image: initial; background-position: initial; background-size: initial; background-repeat: initial; background-attachment: initial; background-origin: initial; background-clip: initial;\"><!--[if !supportLists]--><span style=\"font-size:11.0pt;font-family:Symbol;\nmso-fareast-font-family:Symbol;mso-bidi-font-family:Symbol;color:#3C3C3C;\nmso-bidi-font-style:italic\">\u00b7<span style=\"font-variant-numeric: normal; font-variant-east-asian: normal; font-stretch: normal; font-size: 7pt; line-height: normal; font-family: \"Times New Roman\";\">\u00a0\u00a0\u00a0\u00a0\u00a0\u00a0\u00a0\u00a0 <\/span><\/span><!--[endif]--><i><span style=\"font-size:11.0pt;font-family:\n\"Calibri\",\"sans-serif\";mso-ascii-theme-font:minor-latin;mso-hansi-theme-font:\nminor-latin;mso-bidi-theme-font:minor-latin;color:#3C3C3C\">\u00a0Mons. David Mart\u00ednez de Aguirre Guinea, O.P., Vicario Apost\u00f3lico de Puerto Maldonado, Obispo titular de Izirzada (Per\u00f9).<o:p><\/o:p><\/span><\/i><\/p>\n<p style=\"margin: 0cm 0cm 0.0001pt 21.3pt; text-indent: -18pt; background-image: initial; background-position: initial; background-size: initial; background-repeat: initial; background-attachment: initial; background-origin: initial; background-clip: initial;\"><!--[if !supportLists]--><span style=\"font-size:11.0pt;font-family:Symbol;\nmso-fareast-font-family:Symbol;mso-bidi-font-family:Symbol;color:#3C3C3C;\nmso-bidi-font-style:italic\">\u00b7<span style=\"font-variant-numeric: normal; font-variant-east-asian: normal; font-stretch: normal; font-size: 7pt; line-height: normal; font-family: \"Times New Roman\";\">\u00a0\u00a0\u00a0\u00a0\u00a0\u00a0\u00a0\u00a0 <\/span><\/span><!--[endif]--><i><span style=\"font-size:11.0pt;font-family:\n\"Calibri\",\"sans-serif\";mso-ascii-theme-font:minor-latin;mso-hansi-theme-font:\nminor-latin;mso-bidi-theme-font:minor-latin;color:#3C3C3C\">\u00a0Hermana Mar\u00eda Irene Lopez Dos Santos, Delegada de la Confederaci\u00f3n Latinoamericana y Caribe\u00f1a de Religiosos y Religiosas (CLAR).<o:p><\/o:p><\/span><\/i><\/p>\n<p style=\"margin: 0cm 0cm 0.0001pt 21.3pt; text-indent: -18pt; background-image: initial; background-position: initial; background-size: initial; background-repeat: initial; background-attachment: initial; background-origin: initial; background-clip: initial;\"><!--[if !supportLists]--><span style=\"font-size:11.0pt;font-family:Symbol;\nmso-fareast-font-family:Symbol;mso-bidi-font-family:Symbol;color:#3C3C3C;\nmso-bidi-font-style:italic\">\u00b7<span style=\"font-variant-numeric: normal; font-variant-east-asian: normal; font-stretch: normal; font-size: 7pt; line-height: normal; font-family: \"Times New Roman\";\">\u00a0\u00a0\u00a0\u00a0\u00a0\u00a0\u00a0\u00a0 <\/span><\/span><!--[endif]--><i><span style=\"font-size:11.0pt;font-family:\n\"Calibri\",\"sans-serif\";mso-ascii-theme-font:minor-latin;mso-hansi-theme-font:\nminor-latin;mso-bidi-theme-font:minor-latin;color:#3C3C3C\">\u00a0Mauricio L\u00f3pez, Secretario Ejecutivo de la REPAM (Ecuador).<o:p><\/o:p><\/span><\/i><\/p>\n<p class=\"MsoNormal\" style=\"margin-bottom: 0.0001pt; line-height: normal; background-image: initial; background-position: initial; background-size: initial; background-repeat: initial; background-attachment: initial; background-origin: initial; background-clip: initial;\"><span style=\"mso-fareast-font-family:\"Times New Roman\";\nmso-bidi-font-family:Calibri;mso-bidi-theme-font:minor-latin;color:#1D2129;\nmso-fareast-language:ES-PE\">\u00a0<\/span><\/p>\n<p><span style=\"font-size:11.0pt;line-height:115%;font-family:\"Calibri\",\"sans-serif\";\nmso-ascii-theme-font:minor-latin;mso-fareast-font-family:\"Times New Roman\";\nmso-hansi-theme-font:minor-latin;mso-bidi-theme-font:minor-latin;color:#1D2129;\nmso-ansi-language:ES-PE;mso-fareast-language:ES-PE;mso-bidi-language:AR-SA\">Religi\u00f3n Digital. <\/span><span style=\"font-size: 11pt; line-height: 115%; font-family: Calibri, sans-serif; color: rgb(5, 40, 82); background-image: initial; background-position: initial; background-size: initial; background-repeat: initial; background-attachment: initial; background-origin: initial; background-clip: initial;\">Luis Miguel Modino, 08 de marzo de 2018<\/span><span style=\"font-size:13.0pt;line-height:\n115%;font-family:\"Georgia\",\"serif\";mso-fareast-font-family:\"Times New Roman\";\nmso-bidi-font-family:\"Times New Roman\";color:#1D2129;mso-ansi-language:ES-PE;\nmso-fareast-language:ES-PE;mso-bidi-language:AR-SA\"><br \/>\n<!--[if !supportLineBreakNewLine]--><br \/>\n<!--[endif]--><\/span><\/p>\n<p><a href=\"http:\/\/web.hilo.org.pe\/wp-content\/uploads\/Coliseo Puerto Maldonado.jpg\" target=\"_blank\" rel=\"noopener\">Ver archivo adjunto<\/a><\/p>\n","protected":false},"excerpt":{"rendered":"<p>RAFAEL COB, JOS\u00c9 \u00c1NGEL DIVASS\u00d3N Y DAVID MART\u00cdNEZ DE AGUIRRE<br \/>\nTres misioneros espa\u00f1oles, en el consejo que preparar\u00e1 el S\u00ednodo Pan-Amaz\u00f3nico<br \/>\n\u00abAmazonia: nuevos caminos para la Iglesia y para una ecolog\u00eda integral\u00bb, ser\u00e1 el lema<\/p>\n","protected":false},"author":1,"featured_media":8031,"comment_status":"closed","ping_status":"closed","sticky":false,"template":"","format":"standard","meta":{"footnotes":""},"categories":[9],"tags":[],"class_list":["post-3037","post","type-post","status-publish","format-standard","has-post-thumbnail","hentry","category-noticias"],"_links":{"self":[{"href":"https:\/\/ceas.org.pe\/index.php\/wp-json\/wp\/v2\/posts\/3037","targetHints":{"allow":["GET"]}}],"collection":[{"href":"https:\/\/ceas.org.pe\/index.php\/wp-json\/wp\/v2\/posts"}],"about":[{"href":"https:\/\/ceas.org.pe\/index.php\/wp-json\/wp\/v2\/types\/post"}],"author":[{"embeddable":true,"href":"https:\/\/ceas.org.pe\/index.php\/wp-json\/wp\/v2\/users\/1"}],"replies":[{"embeddable":true,"href":"https:\/\/ceas.org.pe\/index.php\/wp-json\/wp\/v2\/comments?post=3037"}],"version-history":[{"count":1,"href":"https:\/\/ceas.org.pe\/index.php\/wp-json\/wp\/v2\/posts\/3037\/revisions"}],"predecessor-version":[{"id":6183,"href":"https:\/\/ceas.org.pe\/index.php\/wp-json\/wp\/v2\/posts\/3037\/revisions\/6183"}],"wp:featuredmedia":[{"embeddable":true,"href":"https:\/\/ceas.org.pe\/index.php\/wp-json\/wp\/v2\/media\/8031"}],"wp:attachment":[{"href":"https:\/\/ceas.org.pe\/index.php\/wp-json\/wp\/v2\/media?parent=3037"}],"wp:term":[{"taxonomy":"category","embeddable":true,"href":"https:\/\/ceas.org.pe\/index.php\/wp-json\/wp\/v2\/categories?post=3037"},{"taxonomy":"post_tag","embeddable":true,"href":"https:\/\/ceas.org.pe\/index.php\/wp-json\/wp\/v2\/tags?post=3037"}],"curies":[{"name":"wp","href":"https:\/\/api.w.org\/{rel}","templated":true}]}}