{"id":3036,"date":"2018-03-13T00:23:21","date_gmt":"2018-03-13T00:23:21","guid":{"rendered":""},"modified":"2026-03-11T09:11:58","modified_gmt":"2026-03-11T14:11:58","slug":"carta-de-los-obispos-del-peru-a-los-obispos-de-venezuela-respecto-a-la-situacion-social-de-ese-pais","status":"publish","type":"post","link":"https:\/\/ceas.org.pe\/index.php\/2018\/03\/13\/carta-de-los-obispos-del-peru-a-los-obispos-de-venezuela-respecto-a-la-situacion-social-de-ese-pais\/","title":{"rendered":"Carta de los Obispos del Per\u00fa a los obispos de Venezuela, respecto a la situaci\u00f3n social de ese pa\u00eds"},"content":{"rendered":"<p><span style=\"color: rgb(29, 33, 41);\">Carta de los Obispos del Per\u00fa a los obispos de Venezuela, respecto a la situaci\u00f3n social de ese pa\u00eds<\/span><\/p>\n<p class=\"MsoNormal\" style=\"line-height: normal; background-image: initial; background-position: initial; background-size: initial; background-repeat: initial; background-attachment: initial; background-origin: initial; background-clip: initial;\"><span style=\"mso-fareast-font-family:\"Times New Roman\";mso-bidi-font-family:Calibri;\nmso-bidi-theme-font:minor-latin;color:#1D2129;mso-fareast-language:ES-PE\">En la conferencia de prensa convocada al final de la 111\u00aa Asamblea del Episcopado Peruano, los Obispos dieron a conocer una carta que enviaron a sus hermanos Obispos de Venezuela, con motivo de la dif\u00edcil situaci\u00f3n pol\u00edtica, econ\u00f3mica y social que se vive en ese pa\u00eds.<o:p><\/o:p><\/span><\/p>\n<p class=\"MsoNormal\" style=\"line-height: normal; background-image: initial; background-position: initial; background-size: initial; background-repeat: initial; background-attachment: initial; background-origin: initial; background-clip: initial;\"><span style=\"mso-fareast-font-family:\"Times New Roman\";mso-bidi-font-family:Calibri;\nmso-bidi-theme-font:minor-latin;color:#1D2129;mso-fareast-language:ES-PE\">La carta fue le\u00edda por Monse\u00f1or Norberto Strotmann, Obispo de Chosica y Secretario General de la Conferencia Episcopal Peruana, y est\u00e1 firmada por Monse\u00f1or Miguel Cabrejos Vidarte, OFM., Arzobispo de Trujillo y Presidente de la Conferencia Episcopal Peruana, en nombre de todos los Obispos del Per\u00fa.<o:p><\/o:p><\/span><\/p>\n<p class=\"MsoNormal\" style=\"line-height: normal; background-image: initial; background-position: initial; background-size: initial; background-repeat: initial; background-attachment: initial; background-origin: initial; background-clip: initial;\"><span style=\"mso-fareast-font-family:\"Times New Roman\";mso-bidi-font-family:Calibri;\nmso-bidi-theme-font:minor-latin;color:#1D2129;mso-fareast-language:ES-PE\">En la carta, dirigida a Monse\u00f1or Jos\u00e9 Luis Azuaje Ayala, Obispo de Barinas y Presidente de la Conferencia Episcopal de Venezuela, la Conferencia Episcopal Peruana env\u00eda al pueblo y al Episcopado Venezolano su profunda solidaridad as\u00ed como sus oraciones \u201cpara que cese todo tipo de violencia y autoritarismo, y por medio del dialogo, el respeto a la vida y a los derechos fundamentales de todos los venezolanos se encuentren caminos de libertad, reconciliaci\u00f3n y unidad\u201d.<o:p><\/o:p><\/span><\/p>\n<p class=\"MsoNormal\" style=\"line-height: normal; background-image: initial; background-position: initial; background-size: initial; background-repeat: initial; background-attachment: initial; background-origin: initial; background-clip: initial;\"><span style=\"mso-fareast-font-family:\"Times New Roman\";mso-bidi-font-family:Calibri;\nmso-bidi-theme-font:minor-latin;color:#1D2129;mso-fareast-language:ES-PE\">Tambi\u00e9n, los Obispos del Per\u00fa manifiestan su alegr\u00eda de poder acoger fraternalmente en nuestro pa\u00eds y en la Iglesia a miles de hermanos venezolanos migrantes, recordando con gratitud la fraterna acogida que ustedes dieron a miles de peruanos en las d\u00e9cadas de los ochenta y noventa.<o:p><\/o:p><\/span><\/p>\n<p class=\"MsoNormal\" style=\"line-height: normal; background-image: initial; background-position: initial; background-size: initial; background-repeat: initial; background-attachment: initial; background-origin: initial; background-clip: initial;\"><span style=\"mso-fareast-font-family:\"Times New Roman\";mso-bidi-font-family:Calibri;\nmso-bidi-theme-font:minor-latin;color:#1D2129;mso-fareast-language:ES-PE\">Finalmente, invocaron la protecci\u00f3n amorosa de Nuestra Se\u00f1ora de Coromoto \u201cpara que en estos momentos mantenga viva la esperanza en el hermano pueblo de Venezuela, y que el Se\u00f1or, cuyo misterio pascual celebraremos dentro de pocos d\u00edas, los libere de todo temor y mal\u201d.<o:p><\/o:p><\/span><\/p>\n<p class=\"MsoNormal\" style=\"line-height: normal; background-image: initial; background-position: initial; background-size: initial; background-repeat: initial; background-attachment: initial; background-origin: initial; background-clip: initial;\"><span style=\"mso-fareast-font-family:\"Times New Roman\";mso-bidi-font-family:Calibri;\nmso-bidi-theme-font:minor-latin;color:#1D2129;mso-fareast-language:ES-PE\">Lea la carta completa, en el siguiente enlace: <a href=\"https:\/\/l.facebook.com\/l.php?u=https%3A%2F%2Fgoo.gl%2FyywKcX&#038;h=ATMdqTJqx07puexeWVIJ2NDAXOyXKz-jwbEgz3pQ5HmL4Ca9TsB0sjEL0GPt2p05nBiXTndWuWeE62WJVeejOrozgANFU8AvfCWBm-CJ2SC0l25sWTk\" target=\"_blank\"><span style=\"color: rgb(54, 88, 153); text-decoration-line: none;\">https:\/\/goo.gl\/yywKcX<\/span><\/a><o:p><\/o:p><\/span><\/p>\n<p><span style=\"font-size:11.0pt;line-height:115%;font-family:\"Calibri\",\"sans-serif\";\nmso-ascii-theme-font:minor-latin;mso-fareast-font-family:\"Times New Roman\";\nmso-hansi-theme-font:minor-latin;mso-bidi-theme-font:minor-latin;color:#1D2129;\nmso-ansi-language:ES-PE;mso-fareast-language:ES-PE;mso-bidi-language:AR-SA\">Conferencia Episcopal Peruana<br \/>\n9 de marzo de 2018<\/span><\/p>\n<p><a href=\"http:\/\/web.hilo.org.pe\/wp-content\/uploads\/Peru Venezuela.jpg\" target=\"_blank\" rel=\"noopener\">Ver archivo adjunto<\/a><\/p>\n","protected":false},"excerpt":{"rendered":"<p>En la conferencia de prensa convocada al final de la 111\u00aa Asamblea del Episcopado Peruano, los Obispos dieron a conocer una carta que enviaron a sus hermanos Obispos de Venezuela, con motivo de la dif\u00edcil situaci\u00f3n pol\u00edtica, econ\u00f3mica y social que se vive en ese pa\u00eds.<\/p>\n","protected":false},"author":1,"featured_media":7854,"comment_status":"closed","ping_status":"closed","sticky":false,"template":"","format":"standard","meta":{"footnotes":""},"categories":[9],"tags":[],"class_list":["post-3036","post","type-post","status-publish","format-standard","has-post-thumbnail","hentry","category-noticias"],"_links":{"self":[{"href":"https:\/\/ceas.org.pe\/index.php\/wp-json\/wp\/v2\/posts\/3036","targetHints":{"allow":["GET"]}}],"collection":[{"href":"https:\/\/ceas.org.pe\/index.php\/wp-json\/wp\/v2\/posts"}],"about":[{"href":"https:\/\/ceas.org.pe\/index.php\/wp-json\/wp\/v2\/types\/post"}],"author":[{"embeddable":true,"href":"https:\/\/ceas.org.pe\/index.php\/wp-json\/wp\/v2\/users\/1"}],"replies":[{"embeddable":true,"href":"https:\/\/ceas.org.pe\/index.php\/wp-json\/wp\/v2\/comments?post=3036"}],"version-history":[{"count":1,"href":"https:\/\/ceas.org.pe\/index.php\/wp-json\/wp\/v2\/posts\/3036\/revisions"}],"predecessor-version":[{"id":6184,"href":"https:\/\/ceas.org.pe\/index.php\/wp-json\/wp\/v2\/posts\/3036\/revisions\/6184"}],"wp:featuredmedia":[{"embeddable":true,"href":"https:\/\/ceas.org.pe\/index.php\/wp-json\/wp\/v2\/media\/7854"}],"wp:attachment":[{"href":"https:\/\/ceas.org.pe\/index.php\/wp-json\/wp\/v2\/media?parent=3036"}],"wp:term":[{"taxonomy":"category","embeddable":true,"href":"https:\/\/ceas.org.pe\/index.php\/wp-json\/wp\/v2\/categories?post=3036"},{"taxonomy":"post_tag","embeddable":true,"href":"https:\/\/ceas.org.pe\/index.php\/wp-json\/wp\/v2\/tags?post=3036"}],"curies":[{"name":"wp","href":"https:\/\/api.w.org\/{rel}","templated":true}]}}