{"id":3035,"date":"2018-03-13T00:09:42","date_gmt":"2018-03-13T00:09:42","guid":{"rendered":""},"modified":"2026-03-11T09:11:58","modified_gmt":"2026-03-11T14:11:58","slug":"monsenor-hector-miguel-cabrejos-vidarte-nuevo-presidente-de-la-conferencia-episcopal-peruana","status":"publish","type":"post","link":"https:\/\/ceas.org.pe\/index.php\/2018\/03\/13\/monsenor-hector-miguel-cabrejos-vidarte-nuevo-presidente-de-la-conferencia-episcopal-peruana\/","title":{"rendered":"Monse\u00f1or H\u00e9ctor Miguel Cabrejos Vidarte, nuevo Presidente de la Conferencia Episcopal Peruana"},"content":{"rendered":"<p><span style=\"color: rgb(29, 33, 41);\">Monse\u00f1or H\u00e9ctor Miguel Cabrejos Vidarte, es elegido como nuevo Presidente de la Conferencia Episcopal Peruana<\/span><\/p>\n<p class=\"MsoNormal\" style=\"line-height:normal;background:white\"><span style=\"mso-fareast-font-family:\"Times New Roman\";mso-bidi-font-family:Calibri;\nmso-bidi-theme-font:minor-latin;color:#1D2129;mso-fareast-language:ES-PE\">En el marco de la 111\u00aa Asamblea Plenaria de los Obispos del Per\u00fa, el Arzobispo de Trujillo, Monse\u00f1or H\u00e9ctor Miguel Cabrejos Vidarte, OFM., fue elegido como nuevo Presidente de la Conferencia Episcopal Peruana, para el per\u00edodo 2018 \u20132020. Reemplaza en el cargo a Monse\u00f1or Salvador Pi\u00f1eiro.<o:p><\/o:p><\/span><\/p>\n<p class=\"MsoNormal\" style=\"line-height:normal;background:white\"><span style=\"mso-fareast-font-family:\"Times New Roman\";mso-bidi-font-family:Calibri;\nmso-bidi-theme-font:minor-latin;color:#1D2129;mso-fareast-language:ES-PE\">Monse\u00f1or Miguel Cabrejos naci\u00f3 el 5 de julio de 1948 en el distrito de Llama, Provincia de Chota, Cajamarca. Fue Ordenado sacerdote el 7 de diciembre de 1974. Fue consagrado Obispo el 7 de agosto de 1988. Nombrado Obispo Castrense del Per\u00fa el 6 de febrero de 1996.<o:p><\/o:p><\/span><\/p>\n<p class=\"MsoNormal\" style=\"line-height:normal;background:white\"><span style=\"mso-fareast-font-family:\"Times New Roman\";mso-bidi-font-family:Calibri;\nmso-bidi-theme-font:minor-latin;color:#1D2129;mso-fareast-language:ES-PE\">Luego, el 29 de julio de 1999, fue nombrado Arzobispo Metropolitano de Trujillo y tom\u00f3 posesi\u00f3n de su cargo, el 11 de setiembre de ese mismo a\u00f1o. Ha presidido diversos organismos en la Conferencia Episcopal Peruana. En enero de 2006 los obispos lo eligieron como Presidente de la Conferencia Episcopal Peruana, para un primer per\u00edodo (2006-2009). Luego fue reelegido Presidente de la ConferenciaEpiscopal Peruana hasta enero de 2012.<o:p><\/o:p><\/span><\/p>\n<p class=\"MsoNormal\" style=\"line-height:normal;background:white\"><span style=\"mso-fareast-font-family:\"Times New Roman\";mso-bidi-font-family:Calibri;\nmso-bidi-theme-font:minor-latin;color:#1D2129;mso-fareast-language:ES-PE\">Durante la preparaci\u00f3n para la Visita Apost\u00f3lica del Papa Francisco al Per\u00fa,Monse\u00f1or Miguel Cabrejos ocup\u00f3 el cargo de Coordinador de Medios de la Visita Papal.<o:p><\/o:p><\/span><\/p>\n<p class=\"MsoNormal\" style=\"line-height:normal;background:white\"><span style=\"mso-fareast-font-family:\"Times New Roman\";mso-bidi-font-family:Calibri;\nmso-bidi-theme-font:minor-latin;color:#1D2129;mso-fareast-language:ES-PE\">En estas elecciones tambi\u00e9n se eligi\u00f3 a Monse\u00f1or Pedro Barreto Jimeno, Arzobispo de Huancayo, como Primer Vicepresidente de la Conferencia Episcopal, y a Monse\u00f1or Robert Francis Prevost, Obispo de Chiclayo, como Segundo Vicepresidente del Episcopado Peruano.<o:p><\/o:p><\/span><\/p>\n<p class=\"MsoNormal\" style=\"line-height:normal;background:white\"><span style=\"mso-fareast-font-family:\"Times New Roman\";mso-bidi-font-family:Calibri;\nmso-bidi-theme-font:minor-latin;color:#1D2129;mso-fareast-language:ES-PE\">Agradecemos por su difusi\u00f3n,<o:p><\/o:p><\/span><\/p>\n<p class=\"MsoNormal\" style=\"line-height:normal;background:white\"><span style=\"mso-fareast-font-family:\"Times New Roman\";mso-bidi-font-family:Calibri;\nmso-bidi-theme-font:minor-latin;color:#1D2129;mso-fareast-language:ES-PE\">Oficina de Prensa de la Conferencia Episcopal Peruana<o:p><\/o:p><\/span><\/p>\n<p class=\"MsoNormal\" style=\"line-height:normal;background:white\"><span style=\"mso-fareast-font-family:\"Times New Roman\";mso-bidi-font-family:Calibri;\nmso-bidi-theme-font:minor-latin;color:#1D2129;mso-fareast-language:ES-PE\">Lima, 7 de marzo de 2018<o:p><\/o:p><\/span><\/p>\n<p class=\"MsoNormal\"><o:p>\u00a0<\/o:p><\/p>\n<p><a href=\"http:\/\/web.hilo.org.pe\/wp-content\/uploads\/PRESIDENTE DE LA CEP.jpg\" target=\"_blank\" rel=\"noopener\">Ver archivo adjunto<\/a><\/p>\n","protected":false},"excerpt":{"rendered":"<p>En el marco de la 111\u00aa Asamblea Plenaria de los Obispos del Per\u00fa, el Arzobispo de Trujillo, Monse\u00f1or H\u00e9ctor Miguel Cabrejos Vidarte, OFM., fue elegido como nuevo Presidente de la Conferencia Episcopal Peruana, para el per\u00edodo 2018 \u20132020.<\/p>\n","protected":false},"author":1,"featured_media":5502,"comment_status":"closed","ping_status":"closed","sticky":false,"template":"","format":"standard","meta":{"footnotes":""},"categories":[9],"tags":[],"class_list":["post-3035","post","type-post","status-publish","format-standard","has-post-thumbnail","hentry","category-noticias"],"_links":{"self":[{"href":"https:\/\/ceas.org.pe\/index.php\/wp-json\/wp\/v2\/posts\/3035","targetHints":{"allow":["GET"]}}],"collection":[{"href":"https:\/\/ceas.org.pe\/index.php\/wp-json\/wp\/v2\/posts"}],"about":[{"href":"https:\/\/ceas.org.pe\/index.php\/wp-json\/wp\/v2\/types\/post"}],"author":[{"embeddable":true,"href":"https:\/\/ceas.org.pe\/index.php\/wp-json\/wp\/v2\/users\/1"}],"replies":[{"embeddable":true,"href":"https:\/\/ceas.org.pe\/index.php\/wp-json\/wp\/v2\/comments?post=3035"}],"version-history":[{"count":1,"href":"https:\/\/ceas.org.pe\/index.php\/wp-json\/wp\/v2\/posts\/3035\/revisions"}],"predecessor-version":[{"id":6185,"href":"https:\/\/ceas.org.pe\/index.php\/wp-json\/wp\/v2\/posts\/3035\/revisions\/6185"}],"wp:featuredmedia":[{"embeddable":true,"href":"https:\/\/ceas.org.pe\/index.php\/wp-json\/wp\/v2\/media\/5502"}],"wp:attachment":[{"href":"https:\/\/ceas.org.pe\/index.php\/wp-json\/wp\/v2\/media?parent=3035"}],"wp:term":[{"taxonomy":"category","embeddable":true,"href":"https:\/\/ceas.org.pe\/index.php\/wp-json\/wp\/v2\/categories?post=3035"},{"taxonomy":"post_tag","embeddable":true,"href":"https:\/\/ceas.org.pe\/index.php\/wp-json\/wp\/v2\/tags?post=3035"}],"curies":[{"name":"wp","href":"https:\/\/api.w.org\/{rel}","templated":true}]}}