{"id":3034,"date":"2018-03-13T00:07:37","date_gmt":"2018-03-13T00:07:37","guid":{"rendered":""},"modified":"2026-03-11T09:11:58","modified_gmt":"2026-03-11T14:11:58","slug":"iglesia-catolica-llama-a-la-unidad-a-todos-los-peruanos","status":"publish","type":"post","link":"https:\/\/ceas.org.pe\/index.php\/2018\/03\/13\/iglesia-catolica-llama-a-la-unidad-a-todos-los-peruanos\/","title":{"rendered":"Iglesia cat\u00f3lica llama a la unidad a todos los peruanos"},"content":{"rendered":"<p><span style=\"color: rgb(29, 33, 41);\">Iglesia cat\u00f3lica llama a la unidad a todos los peruanos<\/span><\/p>\n<p class=\"MsoNormal\"><o:p><\/o:p><\/p>\n<p class=\"MsoNormal\" style=\"line-height:normal;background:white\"><span style=\"mso-fareast-font-family:\"Times New Roman\";mso-bidi-font-family:Calibri;\nmso-bidi-theme-font:minor-latin;color:#1D2129;mso-fareast-language:ES-PE;\nmso-bidi-font-weight:bold\">El 9 de marzo<\/span><span style=\"mso-fareast-font-family:\n\"Times New Roman\";mso-bidi-font-family:Calibri;mso-bidi-theme-font:minor-latin;\ncolor:#1D2129;mso-fareast-language:ES-PE\"> en conferencia de prensa, se anunciaron las autoridades elegidas de la Conferencia Episcopal Peruana \u2013CEP para la gesti\u00f3n 2018-2020, as\u00ed como los retos asumidos para este periodo, que tienen como referencia previa la visita del Papa Francisco al Per\u00fa, acontecida en enero del presente a\u00f1o.<o:p><\/o:p><\/span><\/p>\n<p class=\"MsoNormal\" style=\"line-height:normal;background:white\"><span style=\"mso-fareast-font-family:\"Times New Roman\";mso-bidi-font-family:Calibri;\nmso-bidi-theme-font:minor-latin;color:#1D2129;mso-fareast-language:ES-PE\">Las autoridades de la Conferencia Episcopal para el periodo mencionado son: Monse\u00f1or Miguel Cabrejos Vidarte, Arzobispo de Trujillo quien asume la Presidencia, Monse\u00f1or Pedro Barreto Jimeno, Arzobispo de Huancayo como Primer Vicepresidente, y Monse\u00f1or Robert Prevost, Obispo de Chiclayo, segundo vicepresidente.<o:p><\/o:p><\/span><\/p>\n<p class=\"MsoNormal\" style=\"line-height:normal;background:white\"><span style=\"mso-fareast-font-family:\"Times New Roman\";mso-bidi-font-family:Calibri;\nmso-bidi-theme-font:minor-latin;color:#1D2129;mso-fareast-language:ES-PE\">En ese sentido, la m\u00e1xima autoridad de la Conferencia Episcopal Peruana, Monse\u00f1or Miguel Cabrejos Vidarte, precis\u00f3 que esta gesti\u00f3n tiene como meta principal <i>caminar por la unidad<\/i> del pa\u00eds frente las dificultades de orden pol\u00edtico, social y moral por las que viene atravesando la naci\u00f3n. <o:p><\/o:p><\/span><\/p>\n<p class=\"MsoNormal\" style=\"line-height:normal;background:white\"><span style=\"mso-fareast-font-family:\"Times New Roman\";mso-bidi-font-family:Calibri;\nmso-bidi-theme-font:minor-latin;color:#1D2129;mso-fareast-language:ES-PE\">Asimismo, la acci\u00f3n social en las zonas marginales del Per\u00fa, ser\u00e1 una de las principales tareas en su gesti\u00f3n, refiri\u00f3 Monse\u00f1or Cabrejos Vidarte, como parte de las acciones que cumple la Iglesia Cat\u00f3lica Peruana para ayudar a los m\u00e1s necesitados, solidarizarse frente a sus dificultades, y acompa\u00f1arlos en su fe.<o:p><\/o:p><\/span><\/p>\n<p class=\"MsoNormal\" style=\"line-height:normal;background:white\"><span style=\"mso-fareast-font-family:\"Times New Roman\";mso-bidi-font-family:Calibri;\nmso-bidi-theme-font:minor-latin;color:#1D2129;mso-fareast-language:ES-PE\">De igual manera, en el marco de la implementaci\u00f3n del S\u00ednodo Panamaz\u00f3nico, a realizarse en el 2019 en nuestro pa\u00eds, se inform\u00f3 sobre la conformaci\u00f3n de la comisi\u00f3n pre sinodal de la CEP, integrada por Monse\u00f1or David Mart\u00ednez de Aguirre Guinea, Vicario Apost\u00f3lico de Madre de Dios y Monse\u00f1or Pedro Barreto, primer vicepresidente de la CEP y Arzobispo de Huancayo. <o:p><\/o:p><\/span><\/p>\n<p class=\"MsoNormal\" style=\"line-height:normal;background:white\"><span style=\"mso-fareast-font-family:\"Times New Roman\";mso-bidi-font-family:Calibri;\nmso-bidi-theme-font:minor-latin;color:#1D2129;mso-fareast-language:ES-PE\">Esta comisi\u00f3n realizar\u00e1 acciones preparatorias para el S\u00ednodo Panamaz\u00f3nico que se convertir\u00e1 en un espacio de di\u00e1logo para impulsar y desarrollar la protecci\u00f3n ecol\u00f3gica a nivel mundial.<o:p><\/o:p><\/span><\/p>\n<p class=\"MsoNormal\" style=\"line-height:normal;background:white\"><span style=\"mso-fareast-font-family:\"Times New Roman\";mso-bidi-font-family:Calibri;\nmso-bidi-theme-font:minor-latin;color:#1D2129;mso-fareast-language:ES-PE\">De igual manera, la CEP expres\u00f3 su fraternidad con el pueblo venezolano y envi\u00f3 una misiva al presidente de la Conferencia Episcopal de Venezuela, se\u00f1alando que en acuerdo de asamblea permanente de obispos se decidi\u00f3 donar las ganancias obtenidas de la campa\u00f1a <b><i>Compartir<\/i><\/b> del 2017 al pueblo venezolano.<o:p><\/o:p><\/span><\/p>\n<p class=\"MsoNormal\" style=\"line-height:normal;background:white\"><span style=\"mso-fareast-font-family:\"Times New Roman\";mso-bidi-font-family:Calibri;\nmso-bidi-theme-font:minor-latin;color:#1D2129;mso-fareast-language:ES-PE\">Oficina de Prensa Conferencia Episcopal Peruana<br \/>\n9 de marzo de 2018<o:p><\/o:p><\/span><\/p>\n<p><a href=\"http:\/\/web.hilo.org.pe\/wp-content\/uploads\/LLAMADOS A LA UNIDAD.jpg\" target=\"_blank\" rel=\"noopener\">Ver archivo adjunto<\/a><\/p>\n","protected":false},"excerpt":{"rendered":"<p>El 9 de marzo en conferencia de prensa, se anunciaron las autoridades elegidas de la Conferencia Episcopal Peruana \u2013CEP para la gesti\u00f3n 2018-2020, as\u00ed como los retos asumidos para este periodo, que tienen como referencia previa la visita del Papa Francisco al Per\u00fa, acontecida en enero del presente a\u00f1o.<\/p>\n","protected":false},"author":1,"featured_media":7857,"comment_status":"closed","ping_status":"closed","sticky":false,"template":"","format":"standard","meta":{"footnotes":""},"categories":[9],"tags":[],"class_list":["post-3034","post","type-post","status-publish","format-standard","has-post-thumbnail","hentry","category-noticias"],"_links":{"self":[{"href":"https:\/\/ceas.org.pe\/index.php\/wp-json\/wp\/v2\/posts\/3034","targetHints":{"allow":["GET"]}}],"collection":[{"href":"https:\/\/ceas.org.pe\/index.php\/wp-json\/wp\/v2\/posts"}],"about":[{"href":"https:\/\/ceas.org.pe\/index.php\/wp-json\/wp\/v2\/types\/post"}],"author":[{"embeddable":true,"href":"https:\/\/ceas.org.pe\/index.php\/wp-json\/wp\/v2\/users\/1"}],"replies":[{"embeddable":true,"href":"https:\/\/ceas.org.pe\/index.php\/wp-json\/wp\/v2\/comments?post=3034"}],"version-history":[{"count":1,"href":"https:\/\/ceas.org.pe\/index.php\/wp-json\/wp\/v2\/posts\/3034\/revisions"}],"predecessor-version":[{"id":6186,"href":"https:\/\/ceas.org.pe\/index.php\/wp-json\/wp\/v2\/posts\/3034\/revisions\/6186"}],"wp:featuredmedia":[{"embeddable":true,"href":"https:\/\/ceas.org.pe\/index.php\/wp-json\/wp\/v2\/media\/7857"}],"wp:attachment":[{"href":"https:\/\/ceas.org.pe\/index.php\/wp-json\/wp\/v2\/media?parent=3034"}],"wp:term":[{"taxonomy":"category","embeddable":true,"href":"https:\/\/ceas.org.pe\/index.php\/wp-json\/wp\/v2\/categories?post=3034"},{"taxonomy":"post_tag","embeddable":true,"href":"https:\/\/ceas.org.pe\/index.php\/wp-json\/wp\/v2\/tags?post=3034"}],"curies":[{"name":"wp","href":"https:\/\/api.w.org\/{rel}","templated":true}]}}