{"id":3033,"date":"2018-03-13T00:06:40","date_gmt":"2018-03-13T00:06:40","guid":{"rendered":""},"modified":"2026-03-11T09:11:58","modified_gmt":"2026-03-11T14:11:58","slug":"unidos-por-la-esperanza","status":"publish","type":"post","link":"https:\/\/ceas.org.pe\/index.php\/2018\/03\/13\/unidos-por-la-esperanza\/","title":{"rendered":"Unidos por la esperanza"},"content":{"rendered":"<p><span style=\"color: rgb(29, 33, 41);\">Unidos por la esperanza<\/span><\/p>\n<p class=\"MsoNormal\"><o:p><\/o:p><\/p>\n<p class=\"MsoNormal\" style=\"line-height:normal;background:white\"><span style=\"mso-fareast-font-family:\"Times New Roman\";mso-bidi-font-family:Calibri;\nmso-bidi-theme-font:minor-latin;color:#1D2129;mso-fareast-language:ES-PE\">Los obispos del Per\u00fa, reunidos en nuestra 111\u00aa Asamblea Ordinaria, queremos manifestar nuestro agradecimiento por el acontecimiento extraordinario que, como Pueblo de Dios, hemos vivido durante la visita del Santo Padre Francisco. Fueron los esfuerzos generosos de muchas personas, comunidades, parroquias, organizaciones de la sociedad civil, fuerzas armadas y policiales, y gobierno los que permitieron que este encuentro suscitara la expresi\u00f3n viva de la fe, los gestos fraternos y de afecto que emocionaron al Santo Padre.<o:p><\/o:p><\/span><\/p>\n<p class=\"MsoNormal\" style=\"line-height:normal;background:white\"><span style=\"mso-fareast-font-family:\"Times New Roman\";mso-bidi-font-family:Calibri;\nmso-bidi-theme-font:minor-latin;color:#1D2129;mso-fareast-language:ES-PE\">Ante las dificultades de orden pol\u00edtico, social y moral por las que atraviesa nuestra patria, haciendo eco de las palabras y gestos del Santo Padre, queremos dirigir nuestra palabra de hermanos, para que la fuerza movilizadora que nos dej\u00f3 su visita contin\u00fae despertando en nosotros procesos de conversi\u00f3n hacia una mayor uni\u00f3n entre los peruanos, a fin de que podamos <b><i>\u201csentir que el Per\u00fa es un espacio de esperanza y oportunidad\u201d<\/i><\/b><i>.<\/i><o:p><\/o:p><\/span><\/p>\n<p class=\"MsoNormal\" style=\"line-height:normal;background:white\"><span style=\"mso-fareast-font-family:\"Times New Roman\";mso-bidi-font-family:Calibri;\nmso-bidi-theme-font:minor-latin;color:#1D2129;mso-fareast-language:ES-PE\">El Papa nos record\u00f3 c\u00f3mo \u201c<b><i>Jes\u00fas camina con sus disc\u00edpulos y comienza a develar muchas situaciones que asfixiaban la esperanza de su pueblo, suscitando una nueva esperanza\u2026 Convi\u00e9rtanse, les dice, el Reino de los Cielos es encontrar en Jes\u00fas a Dios que se mezcla vitalmente con su pueblo, e invita a otros a no tener miedo de hacer de esta historia, una historia de salvaci\u00f3n\u201d<\/i><\/b>.<o:p><\/o:p><\/span><\/p>\n<p class=\"MsoNormal\" style=\"line-height:normal;background:white\"><span style=\"mso-fareast-font-family:\"Times New Roman\";mso-bidi-font-family:Calibri;\nmso-bidi-theme-font:minor-latin;color:#1D2129;mso-fareast-language:ES-PE\">Una vez m\u00e1s, nos ha invitado a ser una Iglesia en salida hacia las fronteras de aquellos <b><i>\u201cque est\u00e1n al borde de nuestros caminos\u201d<\/i><\/b>: Amazon\u00eda, pueblos ind\u00edgenas y cuidado del medio ambiente; pobreza y exclusi\u00f3n; trata de personas y violencia contra la mujer; corrupci\u00f3n generalizada. Nos dijo con toda claridad que tenemos que asumir con valent\u00eda el reto del momento hist\u00f3rico en el que estamos, sin caer en la tentaci\u00f3n de huir o de zafarnos de las dificultades. <o:p><\/o:p><\/span><\/p>\n<p class=\"MsoNormal\" style=\"line-height:normal;background:white\"><span style=\"mso-fareast-font-family:\"Times New Roman\";mso-bidi-font-family:Calibri;\nmso-bidi-theme-font:minor-latin;color:#1D2129;mso-fareast-language:ES-PE\">Nos dijo que \u201cunidos para defender la esperanza\u201d consiste en: impulsar y desarrollar una ecolog\u00eda integral como alternativa a <b><i>\u201cun modelo de desarrollo ya caduco pero que sigue provocando degradaci\u00f3n humana, social y ambiental\u201d<\/i><\/b>; desarrollar <b><i>\u201cuna mayor cultura de la transparencia,\u2026<\/i><\/b> porque <b><i>la corrupci\u00f3n es evitable y exige el compromiso de todos\u201d<\/i><\/b>; salir de la cultura de la exclusi\u00f3n, porque <b><i>\u201ces una cultura an\u00f3nima, sin lazos y sin rostros,\u2026 sin madre, que lo \u00fanico que quiere es consumir<\/i>\u201d<\/b>; luchar juntos contra el feminicidio, porque <b><i>\u201cson muchas las situaciones de violencia que quedan silenciadas\u2026 luchar contra esta fuente de sufrimiento, pidiendo que se promueva una legislaci\u00f3n y una cultura de repudio a toda forma de violencia\u201d<\/i><\/b><o:p><\/o:p><\/span><\/p>\n<p class=\"MsoNormal\" style=\"line-height:normal;background:white\"><span style=\"mso-fareast-font-family:\"Times New Roman\";mso-bidi-font-family:Calibri;\nmso-bidi-theme-font:minor-latin;color:#1D2129;mso-fareast-language:ES-PE\">Queremos expresar nuestra fraternidad con el pueblo venezolano. En d\u00e9cadas pasadas miles de nuestros compatriotas tuvieron que emigrar a Venezuela; las circunstancias actuales nos exigen actuar con solidaridad cristiana hacia nuestros hermanos de este pa\u00eds, que por diversas razones se han visto obligados a abandonar su patria y, hoy, se encuentran entre nosotros. Que el Per\u00fa sea para ellos un segundo hogar, donde se sientan bienvenidos y seguros.<o:p><\/o:p><\/span><\/p>\n<p class=\"MsoNormal\" style=\"line-height:normal;background:white\"><span style=\"mso-fareast-font-family:\"Times New Roman\";mso-bidi-font-family:Calibri;\nmso-bidi-theme-font:minor-latin;color:#1D2129;mso-fareast-language:ES-PE\">El Per\u00fa es una tierra <b><i>\u201censantada\u201d<\/i><\/b>, nos dijo el Papa. Inspirados por nuestros santos, seguros de su intercesi\u00f3n, acojamos con confianza el desaf\u00edo de la unidad por la esperanza.<o:p><\/o:p><\/span><\/p>\n<p class=\"MsoNormal\" style=\"line-height:normal;background:white\"><b><span style=\"mso-fareast-font-family:\"Times New Roman\";mso-bidi-font-family:Calibri;\nmso-bidi-theme-font:minor-latin;color:#1D2129;mso-fareast-language:ES-PE\">LOS OBISPOS DEL PERU<\/span><\/b><span style=\"mso-fareast-font-family:\"Times New Roman\";\nmso-bidi-font-family:Calibri;mso-bidi-theme-font:minor-latin;color:#1D2129;\nmso-fareast-language:ES-PE\"><o:p><\/o:p><\/span><\/p>\n<p><a href=\"http:\/\/web.hilo.org.pe\/wp-content\/uploads\/UNIDOS POR LA ESPERANZA.jpg\" target=\"_blank\" rel=\"noopener\">Ver archivo adjunto<\/a><\/p>\n","protected":false},"excerpt":{"rendered":"<p>Los obispos del Per\u00fa, reunidos en nuestra 111\u00aa Asamblea Ordinaria, queremos manifestar nuestro agradecimiento por el acontecimiento extraordinario que, como Pueblo de Dios, hemos vivido durante la visita del Santo Padre Francisco.<\/p>\n","protected":false},"author":1,"featured_media":8121,"comment_status":"closed","ping_status":"closed","sticky":false,"template":"","format":"standard","meta":{"footnotes":""},"categories":[9],"tags":[],"class_list":["post-3033","post","type-post","status-publish","format-standard","has-post-thumbnail","hentry","category-noticias"],"_links":{"self":[{"href":"https:\/\/ceas.org.pe\/index.php\/wp-json\/wp\/v2\/posts\/3033","targetHints":{"allow":["GET"]}}],"collection":[{"href":"https:\/\/ceas.org.pe\/index.php\/wp-json\/wp\/v2\/posts"}],"about":[{"href":"https:\/\/ceas.org.pe\/index.php\/wp-json\/wp\/v2\/types\/post"}],"author":[{"embeddable":true,"href":"https:\/\/ceas.org.pe\/index.php\/wp-json\/wp\/v2\/users\/1"}],"replies":[{"embeddable":true,"href":"https:\/\/ceas.org.pe\/index.php\/wp-json\/wp\/v2\/comments?post=3033"}],"version-history":[{"count":1,"href":"https:\/\/ceas.org.pe\/index.php\/wp-json\/wp\/v2\/posts\/3033\/revisions"}],"predecessor-version":[{"id":6187,"href":"https:\/\/ceas.org.pe\/index.php\/wp-json\/wp\/v2\/posts\/3033\/revisions\/6187"}],"wp:featuredmedia":[{"embeddable":true,"href":"https:\/\/ceas.org.pe\/index.php\/wp-json\/wp\/v2\/media\/8121"}],"wp:attachment":[{"href":"https:\/\/ceas.org.pe\/index.php\/wp-json\/wp\/v2\/media?parent=3033"}],"wp:term":[{"taxonomy":"category","embeddable":true,"href":"https:\/\/ceas.org.pe\/index.php\/wp-json\/wp\/v2\/categories?post=3033"},{"taxonomy":"post_tag","embeddable":true,"href":"https:\/\/ceas.org.pe\/index.php\/wp-json\/wp\/v2\/tags?post=3033"}],"curies":[{"name":"wp","href":"https:\/\/api.w.org\/{rel}","templated":true}]}}