{"id":3027,"date":"2016-12-05T10:25:15","date_gmt":"2016-12-05T10:25:15","guid":{"rendered":""},"modified":"2026-03-11T09:11:58","modified_gmt":"2026-03-11T14:11:58","slug":"religioso-comboniano-sera-consagrado-obispo-de-tarma-el-18-de-diciembre","status":"publish","type":"post","link":"https:\/\/ceas.org.pe\/index.php\/2016\/12\/05\/religioso-comboniano-sera-consagrado-obispo-de-tarma-el-18-de-diciembre\/","title":{"rendered":"Religioso comboniano ser\u00e1 consagrado obispo de Tarma el 18 de diciembre"},"content":{"rendered":"<div>El pr\u00f3ximo 18 de diciembre, el Padre Luis Alberto Barrera Pacheco MCCJ., religioso Comboniano, recibir\u00e1 la Consagraci\u00f3n Episcopal y toma de posesi\u00f3n como nuevo Obispo de Tarma, jurisdicci\u00f3n eclesi\u00e1stica ubicada en la zona centro del Per\u00fa.<\/div>\n<div>\u00a0<\/div>\n<div>La ceremonia se llevar\u00e1 a cabo ese d\u00eda, a las 11:00 a.m., en la Iglesia Catedral del Santa Ana, en Tarma, y ser\u00e1 presidida por Monse\u00f1or Pedro Barreto Jimeno SJ., Arzobispo de Huancayo, y concelebrado por Monse\u00f1or Salvador Pi\u00f1eiro Garc\u00eda Calder\u00f3n, Arzobispo de Ayacucho y Presidente de la Conferencia Episcopal Peruana; y por Monse\u00f1or Miguel Cabrejos Vidarte, OFM., Arzobispo de Trujillo.<\/div>\n<div>\u00a0<\/div>\n<div>Como se recordar\u00e1 a finales de octubre, el Papa Francisco nombr\u00f3 al Padre Luis Alberto Barrera Pacheco MCCJ., como nuevo Obispo de Tarma, en reemplazo del Padre Felipe Ochante Lozano, OFM., qui\u00e9n se ven\u00eda desempe\u00f1ando como Administrador Diocesano.<\/div>\n<div>\u00a0<\/div>\n<div>El nuevo Obispo naci\u00f3 en 1966 en Gorgor, distrito de la Provincia de Cajatambo, ubicada en el Departamento de Lima. Pronunci\u00f3 los votos solemnes en 1994 y fue ordenado sacerdote en 1995. Estudi\u00f3 Filosof\u00eda y Teolog\u00eda en el Instituto de Estudios Superiores Juan XXIII de Lima. En su ministerio pastoral ha desempe\u00f1ado diversos cargos, como p\u00e1rroco y formador de postulantes Combonianos en la Rep\u00fablica Centroafricana.<\/div>\n<div>\u00a0<\/div>\n<div>Antes de su designaci\u00f3n como Obispo de Tarma, se desempe\u00f1aba como Superior Provincial de la Provincia de los Misioneros Combonianos para Per\u00fa y Chile, y tambi\u00e9n como Vicepresidente de la Conferencia de los Superiores Mayores de Religiosos en Per\u00fa. (Fuente CEP)\u00a0<\/div>\n<div>\u00a0<\/div>\n<p><a href=\"http:\/\/web.hilo.org.pe\/wp-content\/uploads\/Francisco.jpg\" target=\"_blank\" rel=\"noopener\">Ver archivo adjunto<\/a><\/p>\n","protected":false},"excerpt":{"rendered":"<p>El pr\u00f3ximo 18 de diciembre, el Padre Luis Alberto Barrera Pacheco MCCJ., religioso Comboniano, recibir\u00e1 la Consagraci\u00f3n Episcopal y toma de posesi\u00f3n como nuevo Obispo de Tarma, jurisdicci\u00f3n eclesi\u00e1stica ubicada en la zona centro del Per\u00fa.<\/p>\n","protected":false},"author":1,"featured_media":7884,"comment_status":"closed","ping_status":"closed","sticky":false,"template":"","format":"standard","meta":{"footnotes":""},"categories":[9],"tags":[],"class_list":["post-3027","post","type-post","status-publish","format-standard","has-post-thumbnail","hentry","category-noticias"],"_links":{"self":[{"href":"https:\/\/ceas.org.pe\/index.php\/wp-json\/wp\/v2\/posts\/3027","targetHints":{"allow":["GET"]}}],"collection":[{"href":"https:\/\/ceas.org.pe\/index.php\/wp-json\/wp\/v2\/posts"}],"about":[{"href":"https:\/\/ceas.org.pe\/index.php\/wp-json\/wp\/v2\/types\/post"}],"author":[{"embeddable":true,"href":"https:\/\/ceas.org.pe\/index.php\/wp-json\/wp\/v2\/users\/1"}],"replies":[{"embeddable":true,"href":"https:\/\/ceas.org.pe\/index.php\/wp-json\/wp\/v2\/comments?post=3027"}],"version-history":[{"count":1,"href":"https:\/\/ceas.org.pe\/index.php\/wp-json\/wp\/v2\/posts\/3027\/revisions"}],"predecessor-version":[{"id":6193,"href":"https:\/\/ceas.org.pe\/index.php\/wp-json\/wp\/v2\/posts\/3027\/revisions\/6193"}],"wp:featuredmedia":[{"embeddable":true,"href":"https:\/\/ceas.org.pe\/index.php\/wp-json\/wp\/v2\/media\/7884"}],"wp:attachment":[{"href":"https:\/\/ceas.org.pe\/index.php\/wp-json\/wp\/v2\/media?parent=3027"}],"wp:term":[{"taxonomy":"category","embeddable":true,"href":"https:\/\/ceas.org.pe\/index.php\/wp-json\/wp\/v2\/categories?post=3027"},{"taxonomy":"post_tag","embeddable":true,"href":"https:\/\/ceas.org.pe\/index.php\/wp-json\/wp\/v2\/tags?post=3027"}],"curies":[{"name":"wp","href":"https:\/\/api.w.org\/{rel}","templated":true}]}}