{"id":3023,"date":"2018-03-12T21:38:13","date_gmt":"2018-03-12T21:38:13","guid":{"rendered":""},"modified":"2026-03-11T09:11:58","modified_gmt":"2026-03-11T14:11:58","slug":"iglesia-catolica-reclama-al-gobierno-cubano-mas-espacios-en-escuelas-y-medios","status":"publish","type":"post","link":"https:\/\/ceas.org.pe\/index.php\/2018\/03\/12\/iglesia-catolica-reclama-al-gobierno-cubano-mas-espacios-en-escuelas-y-medios\/","title":{"rendered":"Iglesia Cat\u00f3lica reclama al Gobierno cubano m\u00e1s espacios en escuelas y medios"},"content":{"rendered":"<p>La Habana, Cuba.- El nuevo arzobispo de La Habana, Juan de la Caridad, hizo un llamado Gobierno cubano a que conceda acceso al sistema educativo y mayor espacio en los medios de comunicaci\u00f3n para llegar a m\u00e1s gente. El pedido lo hizo p\u00fablico por primera vez luego de que fue posesionado como arzobispo de la Habana, en reemplazo del cardenal Jaime Ortega, quien se retir\u00f3 del ejercicio pastoral en mayo pasado.<\/p>\n<p>En una entrevista, Mons. Juan de la Caridad declar\u00f3 a la revista \u00abPalabra Nueva\u00bb -que publica el arzobispado- que la Iglesia \u00abquiere tener escuelas o espacios en las escuelas, lo que tambi\u00e9n desea una parte considerable del pueblo\u00bb.<\/p>\n<div>La Iglesia \u00abdesea tener parte activa y p\u00fablica en la educaci\u00f3n para las virtudes que quiten vicios y en el fomento de la concordia entre todos los cubanos, y quiere dialogar sobre todo esto o al menos paulatinamente\u00bb, afirm\u00f3 De la Caridad.<\/div>\n<div>\u00a0<\/div>\n<div>El nuevo arzobispo de La Habana, que antes estaba a cargo de la archidi\u00f3cesis de Camag\u00fcey, tambi\u00e9n insisti\u00f3 en que la Iglesia Cat\u00f3lica quiere tener \u00abacceso a los medios de comunicaci\u00f3n social de manera continua\u00bb.<\/div>\n<div>\u00a0<\/div>\n<div>En Cuba la prensa est\u00e1 desde los a\u00f1os sesenta bajo control estatal y solo la Iglesia tiene algunos modestos medios para la difusi\u00f3n de la fe en templos.<\/div>\n<div>\u00a0<\/div>\n<div>La relaci\u00f3n entre la Iglesia Cat\u00f3lica y el Gobierno cubano fue tensa desde los inicios de la Revoluci\u00f3n, que se incaut\u00f3 de algunos de sus inmuebles y expuls\u00f3 a sacerdotes, aunque la visita del papa Juan Pablo II en 1998 inici\u00f3 una etapa de distensi\u00f3n.<\/div>\n<div>\u00a0<\/div>\n<div>Fuente: radioevangelizacion.org<\/div>\n<p><a href=\"http:\/\/web.hilo.org.pe\/wp-content\/uploads\/mons_juan_de_la_caridad.jpg\" target=\"_blank\" rel=\"noopener\">Ver archivo adjunto<\/a><\/p>\n","protected":false},"excerpt":{"rendered":"<p>La Habana, Cuba.- El nuevo arzobispo de La Habana, Juan de la Caridad, hizo un llamado Gobierno cubano a que conceda acceso al sistema educativo y mayor espacio en los medios de comunicaci\u00f3n para llegar a m\u00e1s gente. El pedido lo hizo p\u00fablico por primera vez luego de que fue posesionado como arzobispo de la Habana&#8230;<\/p>\n<p>\u00a0<\/p>\n","protected":false},"author":1,"featured_media":8120,"comment_status":"closed","ping_status":"closed","sticky":false,"template":"","format":"standard","meta":{"footnotes":""},"categories":[9],"tags":[],"class_list":["post-3023","post","type-post","status-publish","format-standard","has-post-thumbnail","hentry","category-noticias"],"_links":{"self":[{"href":"https:\/\/ceas.org.pe\/index.php\/wp-json\/wp\/v2\/posts\/3023","targetHints":{"allow":["GET"]}}],"collection":[{"href":"https:\/\/ceas.org.pe\/index.php\/wp-json\/wp\/v2\/posts"}],"about":[{"href":"https:\/\/ceas.org.pe\/index.php\/wp-json\/wp\/v2\/types\/post"}],"author":[{"embeddable":true,"href":"https:\/\/ceas.org.pe\/index.php\/wp-json\/wp\/v2\/users\/1"}],"replies":[{"embeddable":true,"href":"https:\/\/ceas.org.pe\/index.php\/wp-json\/wp\/v2\/comments?post=3023"}],"version-history":[{"count":1,"href":"https:\/\/ceas.org.pe\/index.php\/wp-json\/wp\/v2\/posts\/3023\/revisions"}],"predecessor-version":[{"id":6188,"href":"https:\/\/ceas.org.pe\/index.php\/wp-json\/wp\/v2\/posts\/3023\/revisions\/6188"}],"wp:featuredmedia":[{"embeddable":true,"href":"https:\/\/ceas.org.pe\/index.php\/wp-json\/wp\/v2\/media\/8120"}],"wp:attachment":[{"href":"https:\/\/ceas.org.pe\/index.php\/wp-json\/wp\/v2\/media?parent=3023"}],"wp:term":[{"taxonomy":"category","embeddable":true,"href":"https:\/\/ceas.org.pe\/index.php\/wp-json\/wp\/v2\/categories?post=3023"},{"taxonomy":"post_tag","embeddable":true,"href":"https:\/\/ceas.org.pe\/index.php\/wp-json\/wp\/v2\/tags?post=3023"}],"curies":[{"name":"wp","href":"https:\/\/api.w.org\/{rel}","templated":true}]}}