{"id":3022,"date":"2016-11-30T11:11:54","date_gmt":"2016-11-30T11:11:54","guid":{"rendered":""},"modified":"2026-03-11T09:11:58","modified_gmt":"2026-03-11T14:11:58","slug":"trujillo-internos-del-penal-clausuraron-aoo-de-la-misericordia","status":"publish","type":"post","link":"https:\/\/ceas.org.pe\/index.php\/2016\/11\/30\/trujillo-internos-del-penal-clausuraron-aoo-de-la-misericordia\/","title":{"rendered":"Trujillo: internos del penal clausuraron A\u00f3o de la Misericordia"},"content":{"rendered":"<p>\u00a0En un clima de alegr\u00eda y reflexi\u00f3n los internos del penal El Milagro clausuraron el \u201cA\u00f1o de la Misericordia\u201d en la Arquidi\u00f3cesis de Trujillo participando de la Solemne Celebraron Eucar\u00edstica, presidida por el Arzobispo, Mons. H\u00e9ctor Miguel Cabrejos Vidarte OFM, y concelebrada por sacerdotes de esta jurisdicci\u00f3n eclesi\u00e1stica.<\/p>\n<div>\u00a0<\/div>\n<div>La Santa Misa, acompa\u00f1ada por j\u00f3venes seminaristas, congreg\u00f3 al presidente del Instituto Nacional Penitenciario (INPE), Dr. Carlos V\u00e1squez Ganoza, a los directores de ambos reclusorios y principales autoridades policiales, militares y culturales de la regi\u00f3n.<\/div>\n<div>\u00a0<\/div>\n<div>Durante la Homil\u00eda, el pastor de nuestra grey trujillana destac\u00f3 la misericordia de Dios hacia nosotros y el perd\u00f3n que debemos tener hacia el pr\u00f3jimo.<\/div>\n<div>La jornada por la clausura de este a\u00f1o jubilar prosigui\u00f3 con una representaci\u00f3n art\u00edstica dedicada a la Virgen Mar\u00eda, animada por un grupo de internas del penal de mujeres.<\/div>\n<div>\u00a0<\/div>\n<div>Durante su alocuci\u00f3n, el presidente del Inpe, Carlos V\u00e1squez reflexion\u00f3 las palabras del Arzobispo y anim\u00f3 a los reclusos a trabajar con \u201cpasi\u00f3n\u201d, para ver que realmente la reinserci\u00f3n tambi\u00e9n se puede dar desde un penal.<\/div>\n<div>\u00a0<\/div>\n<div>Tras ello, el prelado trujillano, acompa\u00f1ado por las autoridades del INPE, tuvo un gesto de misericordia con los ancianos de este centro penitenciario, a quienes les reparti\u00f3 el almuerzo preparado con cari\u00f1o y amor por la Pastoral Carcelaria de la Arquidi\u00f3cesis de Trujillo.<\/div>\n<div>\u00a0<\/div>\n<div>La ma\u00f1ana culmin\u00f3 con una visita guiada por el presidente del Inpe a los talleres de Cer\u00e1mica y Calzado, en donde los internos le obsequiaron al Arzobispo una artesan\u00eda y un par de calzado de cuero como gesto de gratitud hacia ellos. En respuesta, el pastor de esta grey los consider\u00f3 tambi\u00e9n \u201camigos de Jes\u00fas\u201d.<\/div>\n<div>\u00a0<\/div>\n<div>Fuente: arzobispadodetrujillo.org<\/div>\n<p><a href=\"http:\/\/web.hilo.org.pe\/wp-content\/uploads\/clausura.JPG\" target=\"_blank\" rel=\"noopener\">Ver archivo adjunto<\/a><\/p>\n","protected":false},"excerpt":{"rendered":"<p>En un clima de alegr?a y reflexi?n los internos del penal El Milagro clausuraron el ?A?o de la Misericordia? en la Arquidi?cesis de Trujillo participando de la Solemne Celebraron Eucar?stica, presidida por el Arzobispo, Mons. H?ctor Miguel Cabrejos Vidarte OFM, y concelebrada por sacerdotes de esta jurisdicci?n eclesi?stica.<\/p>\n","protected":false},"author":1,"featured_media":7880,"comment_status":"closed","ping_status":"closed","sticky":false,"template":"","format":"standard","meta":{"footnotes":""},"categories":[9],"tags":[],"class_list":["post-3022","post","type-post","status-publish","format-standard","has-post-thumbnail","hentry","category-noticias"],"_links":{"self":[{"href":"https:\/\/ceas.org.pe\/index.php\/wp-json\/wp\/v2\/posts\/3022","targetHints":{"allow":["GET"]}}],"collection":[{"href":"https:\/\/ceas.org.pe\/index.php\/wp-json\/wp\/v2\/posts"}],"about":[{"href":"https:\/\/ceas.org.pe\/index.php\/wp-json\/wp\/v2\/types\/post"}],"author":[{"embeddable":true,"href":"https:\/\/ceas.org.pe\/index.php\/wp-json\/wp\/v2\/users\/1"}],"replies":[{"embeddable":true,"href":"https:\/\/ceas.org.pe\/index.php\/wp-json\/wp\/v2\/comments?post=3022"}],"version-history":[{"count":1,"href":"https:\/\/ceas.org.pe\/index.php\/wp-json\/wp\/v2\/posts\/3022\/revisions"}],"predecessor-version":[{"id":6196,"href":"https:\/\/ceas.org.pe\/index.php\/wp-json\/wp\/v2\/posts\/3022\/revisions\/6196"}],"wp:featuredmedia":[{"embeddable":true,"href":"https:\/\/ceas.org.pe\/index.php\/wp-json\/wp\/v2\/media\/7880"}],"wp:attachment":[{"href":"https:\/\/ceas.org.pe\/index.php\/wp-json\/wp\/v2\/media?parent=3022"}],"wp:term":[{"taxonomy":"category","embeddable":true,"href":"https:\/\/ceas.org.pe\/index.php\/wp-json\/wp\/v2\/categories?post=3022"},{"taxonomy":"post_tag","embeddable":true,"href":"https:\/\/ceas.org.pe\/index.php\/wp-json\/wp\/v2\/tags?post=3022"}],"curies":[{"name":"wp","href":"https:\/\/api.w.org\/{rel}","templated":true}]}}