{"id":3021,"date":"2016-11-29T11:18:07","date_gmt":"2016-11-29T11:18:07","guid":{"rendered":""},"modified":"2026-03-11T09:11:58","modified_gmt":"2026-03-11T14:11:58","slug":"santo-padre-pide-que-la-ciencia-esto-al-servicio-del-equilibrio-ecologico-mundial","status":"publish","type":"post","link":"https:\/\/ceas.org.pe\/index.php\/2016\/11\/29\/santo-padre-pide-que-la-ciencia-esto-al-servicio-del-equilibrio-ecologico-mundial\/","title":{"rendered":"Santo Padre pide que la ciencia est\u00f3 al servicio del equilibrio ecol\u00f3gico mundial"},"content":{"rendered":"<p>El Papa Francisco se reuni\u00f3 con el conocido cient\u00edfico ingl\u00e9s Stephen Hawking, quien particip\u00f3 en la asamblea plenaria de la Academia Pontificia de las Ciencias.<\/p>\n<p>En su discurso, el Papa destac\u00f3 que \u201cnunca antes como en nuestro tiempo se ha hecho evidente la misi\u00f3n de la ciencia al servicio de un nuevo equilibrio ecol\u00f3gico mundial.\u00a0<\/p>\n<div>\u00a0<\/div>\n<div>Y al mismo tiempo se est\u00e1 manifestando una alianza renovada entre la comunidad cient\u00edfica y la comunidad cristiana que notan la convergencia de sus diferentes enfoques de la realidad en el objetivo compartido de proteger la casa com\u00fan, amenazada por el colapso ecol\u00f3gico y el consiguiente aumento de la pobreza y de la exclusi\u00f3n social\u201d.\u00a0<\/div>\n<div>\u00a0<\/div>\n<div>El Papa Francisco record\u00f3 que \u00abestamos llamados a ser los instrumentos del Padre Dios para que nuestro planeta sea lo que \u00c9l so\u00f1\u00f3 al crearlo y responda a su proyecto de paz, belleza y plenitud\u201d.\u00a0<\/div>\n<div>\u00a0<\/div>\n<div>\u201cHay muchos signos alentadores de una humanidad que quiere reaccionar, elegir el bien com\u00fan, regenerarse con responsabilidad y solidaridad.\u00a0<\/div>\n<div>\u00a0<\/div>\n<div>Junto con los valores morales, el proyecto de desarrollo sostenible e integral, es capaz de proporcionar a todos los cient\u00edficos, especialmente a los creyentes, un fuerte impulso en la investigaci\u00f3n\u201d. \u00a0(Fuente: News va)<\/div>\n<p><a href=\"http:\/\/web.hilo.org.pe\/wp-content\/uploads\/Papa francisco.jpg\" target=\"_blank\" rel=\"noopener\">Ver archivo adjunto<\/a><\/p>\n","protected":false},"excerpt":{"rendered":"<p>\u00a0El Papa Francisco se reuni\u00f3 con el conocido cient\u00edfico ingl\u00e9s Stephen Hawking, quien particip\u00f3 en la asamblea plenaria de la Academia Pontificia de las Ciencias.\u00a0En su discurso, el Papa destac\u00f3 que \u201cnunca antes como en nuestro tiempo se ha hecho evidente la misi\u00f3n de la ciencia al servicio de un nuevo equilibrio ecol\u00f3gico mundial.\u00a0<\/p>\n","protected":false},"author":1,"featured_media":8064,"comment_status":"closed","ping_status":"closed","sticky":false,"template":"","format":"standard","meta":{"footnotes":""},"categories":[9],"tags":[],"class_list":["post-3021","post","type-post","status-publish","format-standard","has-post-thumbnail","hentry","category-noticias"],"_links":{"self":[{"href":"https:\/\/ceas.org.pe\/index.php\/wp-json\/wp\/v2\/posts\/3021","targetHints":{"allow":["GET"]}}],"collection":[{"href":"https:\/\/ceas.org.pe\/index.php\/wp-json\/wp\/v2\/posts"}],"about":[{"href":"https:\/\/ceas.org.pe\/index.php\/wp-json\/wp\/v2\/types\/post"}],"author":[{"embeddable":true,"href":"https:\/\/ceas.org.pe\/index.php\/wp-json\/wp\/v2\/users\/1"}],"replies":[{"embeddable":true,"href":"https:\/\/ceas.org.pe\/index.php\/wp-json\/wp\/v2\/comments?post=3021"}],"version-history":[{"count":1,"href":"https:\/\/ceas.org.pe\/index.php\/wp-json\/wp\/v2\/posts\/3021\/revisions"}],"predecessor-version":[{"id":6197,"href":"https:\/\/ceas.org.pe\/index.php\/wp-json\/wp\/v2\/posts\/3021\/revisions\/6197"}],"wp:featuredmedia":[{"embeddable":true,"href":"https:\/\/ceas.org.pe\/index.php\/wp-json\/wp\/v2\/media\/8064"}],"wp:attachment":[{"href":"https:\/\/ceas.org.pe\/index.php\/wp-json\/wp\/v2\/media?parent=3021"}],"wp:term":[{"taxonomy":"category","embeddable":true,"href":"https:\/\/ceas.org.pe\/index.php\/wp-json\/wp\/v2\/categories?post=3021"},{"taxonomy":"post_tag","embeddable":true,"href":"https:\/\/ceas.org.pe\/index.php\/wp-json\/wp\/v2\/tags?post=3021"}],"curies":[{"name":"wp","href":"https:\/\/api.w.org\/{rel}","templated":true}]}}