{"id":3020,"date":"2016-11-25T11:16:31","date_gmt":"2016-11-25T11:16:31","guid":{"rendered":""},"modified":"2026-03-11T09:11:58","modified_gmt":"2026-03-11T14:11:58","slug":"temas-para-el-itinerario-de-tres-aoos-de-jornadas-mundiales-de-la-juventud","status":"publish","type":"post","link":"https:\/\/ceas.org.pe\/index.php\/2016\/11\/25\/temas-para-el-itinerario-de-tres-aoos-de-jornadas-mundiales-de-la-juventud\/","title":{"rendered":"Temas para el itinerario de tres a\u00f3os de Jornadas Mundiales de la Juventud"},"content":{"rendered":"<p>El Vaticano ha anunciado que el Papa ha escogido los temas \u201cpara el itinerario de tres a\u00f1os de las Jornadas Mundiales de la Juventud, que culminar\u00e1 con la celebraci\u00f3n internacional del evento, programada en Panam\u00e1 para el a\u00f1o 2019\u201d.<\/p>\n<div>\u00a0<\/div>\n<div>\u201cEl camino espiritual indicado por el Santo Padre contin\u00faa coherentemente la reflexi\u00f3n iniciada con las \u00faltimas tres Jornadas Mundiales de la Juventud (2014-2016), centradas en las Bienaventuranzas\u201d.<\/div>\n<div>\u00a0<\/div>\n<div>\u201cEl Papa Francisco, en su discurso preparado para el encuentro con los voluntarios de la JMJ de Cracovia, ilustraba las actitudes de la Madre de Jes\u00fas, mostr\u00e1ndola como modelo a imitar. Hablando despu\u00e9s espont\u00e1neamente en aquella ocasi\u00f3n, el Santo Padre invit\u00f3 a los j\u00f3venes a tener memoria del pasado, tener valent\u00eda en el presente y tener\/ser esperanza para el futuro\u201d.<\/div>\n<div>\u00a0<\/div>\n<div>Por ello, los tres temas anunciados \u201ctienden a dar al itinerario espiritual de las pr\u00f3ximas JMJ una fuerte connotaci\u00f3n mariana, subrayando al mismo tiempo la imagen de una juventud en camino entre el pasado (2017), el presente (2018) y el futuro (2019), animada por las tres virtudes teologales: fe, caridad y esperanza\u201d.<\/div>\n<div>\u00a0<\/div>\n<div>El camino propuesto a los j\u00f3venes muestra tambi\u00e9n una evidente sinton\u00eda con la reflexi\u00f3n que el papa Francisco ha encomendado al pr\u00f3ximo S\u00ednodo de los Obispos: Los j\u00f3venes, la fe y el discernimiento vocacional\u201d.<\/div>\n<div>\u00a0<\/div>\n<div>Los temas para las JMJ pr\u00f3ximas son:<\/div>\n<div>\u00a0<\/div>\n<div>XXXII Jornada Mundial de la Juventud, 2017\u00a0<\/div>\n<div>\u201cEl Todopoderoso ha hecho cosas grandes en m\u00ed\u201d (Lc 1,49)<\/div>\n<div>\u00a0<\/div>\n<div>XXXIII Jornada Mundial de la Juventud, 2018<\/div>\n<div>\u201cNo temas, Mar\u00eda, porque has hallado gracia delante de Dios\u201d (Lc 1,30)<\/div>\n<div>\u00a0<\/div>\n<div>XXXIV Jornada Mundial de la Juventud, 2019 (Panam\u00e1)\u00a0<\/div>\n<div>\u201cHe aqu\u00ed la sierva del Se\u00f1or; h\u00e1gase en m\u00ed seg\u00fan tu palabra\u201d (Lc 1,38)<\/div>\n<div>\u00a0<\/div>\n<div>Fuente: ACI Prensa\u00a0<\/div>\n<p><a href=\"http:\/\/web.hilo.org.pe\/wp-content\/uploads\/JMJ2019.JPG\" target=\"_blank\" rel=\"noopener\">Ver archivo adjunto<\/a><\/p>\n","protected":false},"excerpt":{"rendered":"<p>El Vaticano ha anunciado que el Papa ha escogido los temas ?para el itinerario de tres a?os de las Jornadas Mundiales de la Juventud, que culminar? con la celebraci?n internacional del evento, programada en Panam? para el a?o 2019?.<\/p>\n","protected":false},"author":1,"featured_media":8112,"comment_status":"closed","ping_status":"closed","sticky":false,"template":"","format":"standard","meta":{"footnotes":""},"categories":[9],"tags":[],"class_list":["post-3020","post","type-post","status-publish","format-standard","has-post-thumbnail","hentry","category-noticias"],"_links":{"self":[{"href":"https:\/\/ceas.org.pe\/index.php\/wp-json\/wp\/v2\/posts\/3020","targetHints":{"allow":["GET"]}}],"collection":[{"href":"https:\/\/ceas.org.pe\/index.php\/wp-json\/wp\/v2\/posts"}],"about":[{"href":"https:\/\/ceas.org.pe\/index.php\/wp-json\/wp\/v2\/types\/post"}],"author":[{"embeddable":true,"href":"https:\/\/ceas.org.pe\/index.php\/wp-json\/wp\/v2\/users\/1"}],"replies":[{"embeddable":true,"href":"https:\/\/ceas.org.pe\/index.php\/wp-json\/wp\/v2\/comments?post=3020"}],"version-history":[{"count":1,"href":"https:\/\/ceas.org.pe\/index.php\/wp-json\/wp\/v2\/posts\/3020\/revisions"}],"predecessor-version":[{"id":6198,"href":"https:\/\/ceas.org.pe\/index.php\/wp-json\/wp\/v2\/posts\/3020\/revisions\/6198"}],"wp:featuredmedia":[{"embeddable":true,"href":"https:\/\/ceas.org.pe\/index.php\/wp-json\/wp\/v2\/media\/8112"}],"wp:attachment":[{"href":"https:\/\/ceas.org.pe\/index.php\/wp-json\/wp\/v2\/media?parent=3020"}],"wp:term":[{"taxonomy":"category","embeddable":true,"href":"https:\/\/ceas.org.pe\/index.php\/wp-json\/wp\/v2\/categories?post=3020"},{"taxonomy":"post_tag","embeddable":true,"href":"https:\/\/ceas.org.pe\/index.php\/wp-json\/wp\/v2\/tags?post=3020"}],"curies":[{"name":"wp","href":"https:\/\/api.w.org\/{rel}","templated":true}]}}