{"id":3019,"date":"2016-11-23T11:40:23","date_gmt":"2016-11-23T11:40:23","guid":{"rendered":""},"modified":"2026-03-11T09:11:59","modified_gmt":"2026-03-11T14:11:59","slug":"santo-padre-destaca-importancia-del-diologo-acercamiento-y-fraternidad-con-el-islam","status":"publish","type":"post","link":"https:\/\/ceas.org.pe\/index.php\/2016\/11\/23\/santo-padre-destaca-importancia-del-diologo-acercamiento-y-fraternidad-con-el-islam\/","title":{"rendered":"Santo Padre destaca importancia del di\u00f3logo, acercamiento y fraternidad con el Islam"},"content":{"rendered":"<p>El papa Francisco ha recibido a los participantes del Coloquio promovido por el Pontificio Consejo para el Di\u00e1logo Interreligioso con el Islamic culture and relations organization de Teher\u00e1n, Ir\u00e1n. El encuentro ha tenido lugar esta ma\u00f1ana, antes de la audiencia general, en una sala cercana al Aula Pablo VI.<\/p>\n<div>\u00a0<\/div>\n<div>En la breve intervenci\u00f3n del Santo Padre, adem\u00e1s de dar las gracias a los presentes, ha manifestado su \u201cgran alegr\u00eda\u201d cuando recibi\u00f3 la visita del presidente de Ir\u00e1n. Tambi\u00e9n en esa ocasi\u00f3n \u2013ha indicado\u2013 tuvo una impresi\u00f3n muy buena de vuestra cultura cuando me visit\u00f3 la se\u00f1ora vicepresidente con un grupo de profesoras. El Pont\u00edfice ha precisado que esto le \u201cconmovi\u00f3 positivamente\u201d y qued\u00f3 \u201csatisfecho\u201d. \u00a0<\/div>\n<div>\u00a0<\/div>\n<div>Por otro lado, ha asegurado que le gusta \u201cveros hoy aqu\u00ed\u201d y tambi\u00e9n \u201cque haya un di\u00e1logo tan importante\u201d. Finalmente les ha agradecido \u201cesta buena voluntad de di\u00e1logo, de acercamiento, de fraternidad\u201d.<\/div>\n<div>\u00a0<\/div>\n<div>El papa Francisco se reuni\u00f3 con el presidente de Ir\u00e1n, Hassan Rohani, el pasado 26 de enero. Tras el encuentro privado, que dur\u00f3 40 minutos, el mandatario iran\u00ed le pidi\u00f3 al Pont\u00edfice que rezara por \u00e9l, le ha asegur\u00f3 que hab\u00eda sido un gusto encontrarse y le dese\u00f3 \u201cbuen trabajo\u201d.<\/div>\n<div>\u00a0<\/div>\n<div>Fuente: zenit.org<\/div>\n<p><a href=\"http:\/\/web.hilo.org.pe\/wp-content\/uploads\/Francisco y fraternidadconel islam.jpg\" target=\"_blank\" rel=\"noopener\">Ver archivo adjunto<\/a><\/p>\n","protected":false},"excerpt":{"rendered":"<p>El papa Francisco ha recibido a los participantes del Coloquio promovido por el Pontificio Consejo para el Di?logo Interreligioso con el Islamic culture and relations organization de Teher?n, Ir?n. El encuentro ha tenido lugar esta ma?ana, antes de la audiencia general, en una sala cercana al Aula Pablo VI.<\/p>\n","protected":false},"author":1,"featured_media":7885,"comment_status":"closed","ping_status":"closed","sticky":false,"template":"","format":"standard","meta":{"footnotes":""},"categories":[9],"tags":[],"class_list":["post-3019","post","type-post","status-publish","format-standard","has-post-thumbnail","hentry","category-noticias"],"_links":{"self":[{"href":"https:\/\/ceas.org.pe\/index.php\/wp-json\/wp\/v2\/posts\/3019","targetHints":{"allow":["GET"]}}],"collection":[{"href":"https:\/\/ceas.org.pe\/index.php\/wp-json\/wp\/v2\/posts"}],"about":[{"href":"https:\/\/ceas.org.pe\/index.php\/wp-json\/wp\/v2\/types\/post"}],"author":[{"embeddable":true,"href":"https:\/\/ceas.org.pe\/index.php\/wp-json\/wp\/v2\/users\/1"}],"replies":[{"embeddable":true,"href":"https:\/\/ceas.org.pe\/index.php\/wp-json\/wp\/v2\/comments?post=3019"}],"version-history":[{"count":1,"href":"https:\/\/ceas.org.pe\/index.php\/wp-json\/wp\/v2\/posts\/3019\/revisions"}],"predecessor-version":[{"id":6199,"href":"https:\/\/ceas.org.pe\/index.php\/wp-json\/wp\/v2\/posts\/3019\/revisions\/6199"}],"wp:featuredmedia":[{"embeddable":true,"href":"https:\/\/ceas.org.pe\/index.php\/wp-json\/wp\/v2\/media\/7885"}],"wp:attachment":[{"href":"https:\/\/ceas.org.pe\/index.php\/wp-json\/wp\/v2\/media?parent=3019"}],"wp:term":[{"taxonomy":"category","embeddable":true,"href":"https:\/\/ceas.org.pe\/index.php\/wp-json\/wp\/v2\/categories?post=3019"},{"taxonomy":"post_tag","embeddable":true,"href":"https:\/\/ceas.org.pe\/index.php\/wp-json\/wp\/v2\/tags?post=3019"}],"curies":[{"name":"wp","href":"https:\/\/api.w.org\/{rel}","templated":true}]}}