{"id":3018,"date":"2016-11-23T11:30:56","date_gmt":"2016-11-23T11:30:56","guid":{"rendered":""},"modified":"2026-03-11T09:11:59","modified_gmt":"2026-03-11T14:11:59","slug":"olos-jovenes-la-fe-y-el-discernimiento-vocacionalo-tema-del-sonodo-de-los-obispos-2018","status":"publish","type":"post","link":"https:\/\/ceas.org.pe\/index.php\/2016\/11\/23\/olos-jovenes-la-fe-y-el-discernimiento-vocacionalo-tema-del-sonodo-de-los-obispos-2018\/","title":{"rendered":"\u00f3Los j\u00f3venes, la fe y el discernimiento vocacional\u00f3: tema del S\u00f3nodo de los Obispos 2018"},"content":{"rendered":"<p>La Secretar\u00eda General del S\u00ednodo de los Obispos ha celebrado esta semana una reuni\u00f3n en el Vaticano, el lunes y martes, presidida por el Santo Padre. El trabajo \u2013informa la sala de prensa de la Santa Sede\u2013 comenz\u00f3 con la intervenci\u00f3n del secretario general, el cardenal Lorenzo Baldisseri. El purpurado fue el encargado de dar las gracias al Santo Padre por su presencia y felicitar a los nuevos purpurados presentes en la reuni\u00f3n. Se trata de los cardenales Se\u0301rgio Da Rocha y Carlos Osoro Sierra.<\/p>\n<div>\u00a0<\/div>\n<div>Adem\u00e1s, participaron tambi\u00e9n en el encuentro los prefectos de los tres dicasterios de la Curia Romana, por su competencias respecto al argumento del pr\u00f3ximo s\u00ednodo: el cardenal Joa\u0303o Braz de Aviz, prefecto de la Congregaci\u00f3n para los Institutos de Vida Consagrada y las sociedades de Vida Apost\u00f3lica; el cardenal Beniamino Stella, prefecto de la Congregaci\u00f3n para el Clero; y Kevin Farrell, prefecto del dicasterio para los Laicos, Familia y la Vida.<\/div>\n<div>\u00a0<\/div>\n<div>Sucesivamente, se examin\u00f3 el proyecto del Documento preparatorio para la XV Asamblea General Ordinaria, elaborado por la Secretar\u00eda General con la ayuda de los expertos competentes en el tema sinodal: \u201cLos j\u00f3venes, la fe y el discernimiento vocacional\u201d. Al respecto, los miembros del consejo \u201chan manifestado su aprecio por el proyecto del documento y ofrecido sus sugerencias para mejorarlo\u201d, indica el comunicado de prensa.<\/div>\n<div>\u00a0<\/div>\n<div>El documento, que incluye un cuestionario, est\u00e1 destinado a las Conferencias Episcopales, a los S\u00ednodos de las Iglesias Cat\u00f3licas Orientales sui iuris y a otros Organismos de derecho, para que sean transmitidos a las di\u00f3cesis y a otras instituciones eclesiales.<\/div>\n<div>\u00a0<\/div>\n<div>Adem\u00e1s, los miembros del consejo se reunieron en c\u00edrculos menores divididos por continentes con el fin de formular algunas preguntas espec\u00edficas sobre los j\u00f3venes en los distintos contextos geogr\u00e1fico-culturales. Para concluir, \u201clas propuestas sobre el texto y el cuestionario han sido recogidas e incluidas en el documento base, que fue aprobado un\u00e1nimemente\u201d.<\/div>\n<div>\u00a0<\/div>\n<div>Finalmente, los miembros del Consejo comentaron la revisi\u00f3n del Ordo Synodi Episcoporum. Al respecto, monse\u00f1or Fabio Fabene, subsecretario del S\u00ednodo de los Obispos, habl\u00f3 sobre el trabajo que la Secretar\u00eda General est\u00e1 desarrollando con la ayuda de expertos, en vista a la revisi\u00f3n de la normativa sinodal, a lo que sigui\u00f3 un \u201cfruct\u00edfero intercambio de opiniones\u201d.<\/div>\n<div>\u00a0<\/div>\n<div>\u00a0Fuente: zenit.org<\/div>\n<p><a href=\"http:\/\/web.hilo.org.pe\/wp-content\/uploads\/Sinodoobispos.jpg\" target=\"_blank\" rel=\"noopener\">Ver archivo adjunto<\/a><\/p>\n","protected":false},"excerpt":{"rendered":"<p>La Secretar?a General del S?nodo de los Obispos ha celebrado esta semana una reuni?n en el Vaticano, el lunes y martes, presidida por el Santo Padre. El trabajo ?informa la sala de prensa de la Santa Sede? comenz? con la intervenci?n del secretario general, el cardenal Lorenzo Baldisseri. El purpurado fue el encargado de dar las gracias al Santo Padre por su presencia y felicitar a los nuevos purpurados presentes en la reuni?n. Se trata de los cardenales Se&#769;rgio Da Rocha y Carlos Osoro Sierra.<\/p>\n","protected":false},"author":1,"featured_media":7854,"comment_status":"closed","ping_status":"closed","sticky":false,"template":"","format":"standard","meta":{"footnotes":""},"categories":[9],"tags":[],"class_list":["post-3018","post","type-post","status-publish","format-standard","has-post-thumbnail","hentry","category-noticias"],"_links":{"self":[{"href":"https:\/\/ceas.org.pe\/index.php\/wp-json\/wp\/v2\/posts\/3018","targetHints":{"allow":["GET"]}}],"collection":[{"href":"https:\/\/ceas.org.pe\/index.php\/wp-json\/wp\/v2\/posts"}],"about":[{"href":"https:\/\/ceas.org.pe\/index.php\/wp-json\/wp\/v2\/types\/post"}],"author":[{"embeddable":true,"href":"https:\/\/ceas.org.pe\/index.php\/wp-json\/wp\/v2\/users\/1"}],"replies":[{"embeddable":true,"href":"https:\/\/ceas.org.pe\/index.php\/wp-json\/wp\/v2\/comments?post=3018"}],"version-history":[{"count":1,"href":"https:\/\/ceas.org.pe\/index.php\/wp-json\/wp\/v2\/posts\/3018\/revisions"}],"predecessor-version":[{"id":6200,"href":"https:\/\/ceas.org.pe\/index.php\/wp-json\/wp\/v2\/posts\/3018\/revisions\/6200"}],"wp:featuredmedia":[{"embeddable":true,"href":"https:\/\/ceas.org.pe\/index.php\/wp-json\/wp\/v2\/media\/7854"}],"wp:attachment":[{"href":"https:\/\/ceas.org.pe\/index.php\/wp-json\/wp\/v2\/media?parent=3018"}],"wp:term":[{"taxonomy":"category","embeddable":true,"href":"https:\/\/ceas.org.pe\/index.php\/wp-json\/wp\/v2\/categories?post=3018"},{"taxonomy":"post_tag","embeddable":true,"href":"https:\/\/ceas.org.pe\/index.php\/wp-json\/wp\/v2\/tags?post=3018"}],"curies":[{"name":"wp","href":"https:\/\/api.w.org\/{rel}","templated":true}]}}