{"id":3016,"date":"2016-11-21T12:14:00","date_gmt":"2016-11-21T12:14:00","guid":{"rendered":""},"modified":"2026-03-11T09:11:59","modified_gmt":"2026-03-11T14:11:59","slug":"francisco-a-caritas-internationalis-que-la-sociedad-aprenda-el-oarte-de-la-solidaridado","status":"publish","type":"post","link":"https:\/\/ceas.org.pe\/index.php\/2016\/11\/21\/francisco-a-caritas-internationalis-que-la-sociedad-aprenda-el-oarte-de-la-solidaridado\/","title":{"rendered":"Francisco a Caritas Internationalis: que la sociedad aprenda el \u00f3arte de la solidaridad\u00f3"},"content":{"rendered":"<p>La Iglesia \u201cexiste para evangelizar\u201d, pero la evangelizaci\u00f3n requiere adaptarse a las distintas situaciones, teniendo en cuenta la vida familiar y la social, como tambi\u00e9n la vida internacional con especial atenci\u00f3n a la paz, a la justicia, al desarrollo. As\u00ed lo explica el papa Francisco en su mensaje a los miembros del Consejo de Representaci\u00f3n de Caritas Internationalis. Durante el encuentro, \u00a0el Santo Padre ha querido dejar de lado el discurso preparado y ha hablado improvisando y respondiendo a las preguntas planteadas por algunos participantes.<\/p>\n<div>\u00a0<\/div>\n<div>En el discurso preparado y entregado a los presentes, el Pont\u00edfice recuerda que en la apertura del S\u00ednodo sobre la Nueva Evangelizaci\u00f3n, el papa Benedicto XVI recordaba que los dos pilares de la evangelizaci\u00f3n son \u201cconfesi\u00f3n y caridad\u201d.<\/div>\n<div>\u00a0<\/div>\n<div>De este modo, recuerda que \u201cestamos llamados a actuar contra la exclusi\u00f3n social de los m\u00e1s d\u00e9biles\u201d y \u201ctrabajar por su integraci\u00f3n\u201d. \u00a0Asimismo, advierte de que nuestras sociedades est\u00e1n a menudo dominadas por la cultura \u201cdel descarte\u201d y necesitan \u201csuperar la indiferencia\u201d y \u201cel repliegue sobre s\u00ed mismas\u201d para \u201caprender el arte de la solidaridad\u201d.<\/div>\n<div>\u00a0<\/div>\n<div>El Pont\u00edfice subraya lo fundamental de la misi\u00f3n de las distintas C\u00e1ritas nacionales y \u201cel rol espec\u00edfico en la Iglesia\u201d. No son \u201cdelegaciones sociales\u201d, asegura, sino \u201corganismos eclesiales que comparten la misi\u00f3n de la Iglesia\u201d.<\/div>\n<div>\u00a0<\/div>\n<div>Adem\u00e1s, les da las gracias \u201cen nombre de toda la Iglesia\u201d por lo que hacen por los \u00faltimos. Y les anima a \u201cproseguir en esta misi\u00f3n\u201d. El Santo Padre les anima a llevar el mensaje del Evangelio de la alegr\u00eda en todo el mundo, sobre todo a quien es dejado atr\u00e1s, pero tambi\u00e9n \u201ca quien tiene el poder de cambiar las cosas, porque es posible cambiar\u201d.<\/div>\n<div>\u00a0<\/div>\n<div>La pobreza, el hambre, las enfermedades, la opresi\u00f3n no son una \u201cfatalidad\u201d y no pueden \u201crepresentar situaciones permanentes\u201d.<\/div>\n<div>\u00a0<\/div>\n<div>Por otro lado les ha invitado a tener siempre \u201cvalent\u00eda prof\u00e9tica\u201d, a \u201crechazar todo lo que humilla al hombre\u201d y \u201ctodo tipo de explotaci\u00f3n que lo degrada\u201d. Al mismo tiempo que les ha pedido que contin\u00faen proponiendo esos \u201cpeque\u00f1os y grandes signos\u201d de hospitalidad y de solidaridad que tienen la capacidad de iluminar la vida de ni\u00f1os y ancianos, de migrantes y refugiados que buscan paz.<\/div>\n<div>\u00a0<\/div>\n<div>El Pont\u00edfice se muestra contento por que Caritas Internationalis llevar\u00e1 adelante una campa\u00f1a precisamente sobre el tema de las migraciones. Por eso espera que esta iniciativa \u201cabra los corazones de muchos a la acogida de los refugiados y de los migrantes\u201d, para que \u201cpuedan sentirse realmente en casa en nuestras comunidades\u201d.<\/div>\n<div>\u00a0<\/div>\n<div>Indica tambi\u00e9n que son \u201cartesanos de paz y de reconciliaci\u00f3n entre los pueblos, entre las comunidades, entre los creyentes\u201d. De este modo, les pide que trabajen con todas sus fuerzas para \u201ctrabajar en sinergia con las otras comunidades de fe\u201d que, como ellos, \u201cponen la dignidad de las personas al centro de su atenci\u00f3n\u201d.<\/div>\n<div>\u00a0<\/div>\n<div>Finalmente, el Santo Padre les pide que luchen contra la pobreza y al mismo tiempo aprendan de los pobres.<\/div>\n<div>\u00a0<\/div>\n<div>Fuente: zenit.org<\/div>\n<p><a href=\"http:\/\/web.hilo.org.pe\/wp-content\/uploads\/Artesolidaridad.jpg\" target=\"_blank\" rel=\"noopener\">Ver archivo adjunto<\/a><\/p>\n","protected":false},"excerpt":{"rendered":"<p>La Iglesia ?existe para evangelizar?, pero la evangelizaci?n requiere adaptarse a las distintas situaciones, teniendo en cuenta la vida familiar y la social, como tambi?n la vida internacional con especial atenci?n a la paz, a la justicia, al desarrollo.<\/p>\n","protected":false},"author":1,"featured_media":7878,"comment_status":"closed","ping_status":"closed","sticky":false,"template":"","format":"standard","meta":{"footnotes":""},"categories":[9],"tags":[],"class_list":["post-3016","post","type-post","status-publish","format-standard","has-post-thumbnail","hentry","category-noticias"],"_links":{"self":[{"href":"https:\/\/ceas.org.pe\/index.php\/wp-json\/wp\/v2\/posts\/3016","targetHints":{"allow":["GET"]}}],"collection":[{"href":"https:\/\/ceas.org.pe\/index.php\/wp-json\/wp\/v2\/posts"}],"about":[{"href":"https:\/\/ceas.org.pe\/index.php\/wp-json\/wp\/v2\/types\/post"}],"author":[{"embeddable":true,"href":"https:\/\/ceas.org.pe\/index.php\/wp-json\/wp\/v2\/users\/1"}],"replies":[{"embeddable":true,"href":"https:\/\/ceas.org.pe\/index.php\/wp-json\/wp\/v2\/comments?post=3016"}],"version-history":[{"count":1,"href":"https:\/\/ceas.org.pe\/index.php\/wp-json\/wp\/v2\/posts\/3016\/revisions"}],"predecessor-version":[{"id":6202,"href":"https:\/\/ceas.org.pe\/index.php\/wp-json\/wp\/v2\/posts\/3016\/revisions\/6202"}],"wp:featuredmedia":[{"embeddable":true,"href":"https:\/\/ceas.org.pe\/index.php\/wp-json\/wp\/v2\/media\/7878"}],"wp:attachment":[{"href":"https:\/\/ceas.org.pe\/index.php\/wp-json\/wp\/v2\/media?parent=3016"}],"wp:term":[{"taxonomy":"category","embeddable":true,"href":"https:\/\/ceas.org.pe\/index.php\/wp-json\/wp\/v2\/categories?post=3016"},{"taxonomy":"post_tag","embeddable":true,"href":"https:\/\/ceas.org.pe\/index.php\/wp-json\/wp\/v2\/tags?post=3016"}],"curies":[{"name":"wp","href":"https:\/\/api.w.org\/{rel}","templated":true}]}}