{"id":3014,"date":"2016-11-17T18:21:51","date_gmt":"2016-11-17T18:21:51","guid":{"rendered":""},"modified":"2026-03-11T09:11:59","modified_gmt":"2026-03-11T14:11:59","slug":"santo-padre-escribe-al-cop22-y-pide-salvaguardar-el-ambiente","status":"publish","type":"post","link":"https:\/\/ceas.org.pe\/index.php\/2016\/11\/17\/santo-padre-escribe-al-cop22-y-pide-salvaguardar-el-ambiente\/","title":{"rendered":"Santo Padre escribe al COP22 y pide salvaguardar el ambiente"},"content":{"rendered":"<p>El papa Francisco ha enviado un mensaje al ministro del Exterior y de la Cooperaci\u00f3n del Reino de Marruecos y presidente de la 22\u00aa Sesi\u00f3n de la Conferencia sobre los Estados que forman parte de la Convenci\u00f3n de las Naciones Unidas sobre el Cambio Clim\u00e1tico (COP22) que se realiza en Marrakech del 7 al 18 de noviembre de 2016.<\/p>\n<div>\u00a0<\/div>\n<div>El Reino de Marruecos hospeda la COP22 tras la entrada en vigor hace pocos d\u00edas del Acuerdo de Par\u00eds, adoptado hace menos de un a\u00f1o.<\/div>\n<div>\u00a0<\/div>\n<div>\u201cLa situaci\u00f3n actual \u2013se lee en la misiva del Obispo de Roma- de la degradaci\u00f3n del medio ambiente, fuertemente relacionada con la degradaci\u00f3n humana, la \u00e9tica y social (Laudato Si, 48.56.122), que por desgracia experimentamos a diario, interroga a todos nosotros, cada uno con sus propias funciones y responsabilidades, y nos lleva a estar aqu\u00ed junto con un renovado sentido de conciencia y responsabilidad\u201d.<\/div>\n<div>\u00a0<\/div>\n<div>El Pont\u00edfice considera que firmar este acuerdo representa una fuerte toma de conciencia de que alrededor de las \u201ccomplejas tem\u00e1ticas\u201d sobre el cambio clim\u00e1tico, es importante salir de l\u00f3gicas individuales y nacionales para dar respuestas \u201ccolectivas\u201d a favor de \u201cconstruir nuestra casa com\u00fan\u201d.<\/div>\n<div>\u00a0<\/div>\n<div>Asimismo, explica que a trav\u00e9s del Acuerdo que ha entrado en r\u00e1pido vigor es posible \u201cvehicular la inteligencia para dirigir la tecnolog\u00eda, cultivar y limitar el propio poder y poner esto al servicio de otro tipo de progreso, m\u00e1s sano, m\u00e1s humano, m\u00e1s social y m\u00e1s integral (Enc. Laudato si ibid.,112) que sea capaz de poner la econom\u00eda al servicio de la persona humana, de construir la paz y la justicia, y de salvaguardar el ambiente\u201c.<\/div>\n<div>\u00a0<\/div>\n<div>Por su parte, el secretario general de Naciones Unidas, Ban Ki-moon, dijo estar optimista en referencia a la lucha contra el cambio clim\u00e1tico tras hablar hace unos d\u00edas con el presidente electo de Estados Unidos, Donald Trump, quien manifest\u00f3 que tiene entre sus planes dar marcha atr\u00e1s al Acuerdo del Clima de Par\u00eds, firmado por Barack Obama.<\/div>\n<div>\u00a0<\/div>\n<div>Ban Ki-moon ha declarado en una rueda de prensa este martes que en el marco de la Cumbre de Naciones Unidas sobre el cambio clim\u00e1tico (COP22) retomar\u00e1 el tema con Trump.<\/div>\n<div>\u00a0<\/div>\n<div>El l\u00edder surcoreano considera que podr\u00e1 hacer entender a Trump el \u201cpeligro\u201d que supone el cambio clim\u00e1tico y las consecuencias de su rechazo a lo pactado ya que \u201ccomo un hombre de negocios exitoso, entender\u00e1 la fuerza del mercado en la que ya nos encontramos trabajando\u201d ante el calentamiento global.<\/div>\n<div>\u00a0<\/div>\n<div>Estados Unidos, China y Rus\u00eda forman parte de las superpotencias industriales que m\u00e1s contaminan. Por lo tanto, es importante continuar con Acuerdo del cambio clim\u00e1tico que entr\u00f3 en vigor el 4 de noviembre.<\/div>\n<div>\u00a0<\/div>\n<div>Por su parte, el Papa escribe que \u201cel acuerdo de Par\u00eds, ha trazado un camino claro sobre el cual la entera comunidad internacional est\u00e1 llamada a comprometerse; la COP22 representa una etapa central de este recorrido\u201d.<\/div>\n<div>\u00a0<\/div>\n<div>\u201cEste incide sobre toda la humanidad, en particular sobre los m\u00e1s pobres y las generaciones futuras, que representan el componente m\u00e1s vulnerable del preocupante impacto de los cambios clim\u00e1ticos y vuelve a llamar a la grave responsabilidad \u00e9tica y moral de actuar sin demora, de la manera m\u00e1s libre posible de presiones pol\u00edticas y econ\u00f3micas, superando los intereses y los comportamientos particularistas\u201d, abund\u00f3 Francisco.<\/div>\n<div>\u00a0<\/div>\n<div>El Obispo de Roma ha augurado sus mejores deseos a los participantes de la COP22 para que los trabajos \u201cest\u00e9n guiados por una conciencia de responsabilidad que impulse a cada uno a promover de modo serio una cultura del cuidado de la creaci\u00f3n y del pr\u00f3jimo que impregne toda la sociedad\u201d.<\/div>\n<div>\u00a0<\/div>\n<div>\u201cEl estilo de vida basado en la cultura del descarte es insostenible y no debe tener lugar en nuestros modelos de desarrollo y de educaci\u00f3n\u201d, reitera, e indica, por \u00faltimo, el desaf\u00edo educativo y cultural al cual \u201cno se puede dejar de responder\u201d durante el proceso de implementaci\u00f3n del Acuerdo de Par\u00eds.<\/div>\n<div>\u00a0<\/div>\n<div>Fuente: es.aleteia.org<\/div>\n<p><a href=\"http:\/\/web.hilo.org.pe\/wp-content\/uploads\/Salvenalmedioambiente.jpg\" target=\"_blank\" rel=\"noopener\">Ver archivo adjunto<\/a><\/p>\n","protected":false},"excerpt":{"rendered":"<p>El papa Francisco ha enviado un mensaje al ministro del Exterior y de la Cooperaci?n del Reino de Marruecos y presidente de la 22? Sesi?n de la Conferencia sobre los Estados que forman parte de la Convenci?n de las Naciones Unidas sobre el Cambio Clim?tico (COP22) que se realiza en Marrakech del 7 al 18 de noviembre de 2016.<\/p>\n","protected":false},"author":1,"featured_media":7907,"comment_status":"closed","ping_status":"closed","sticky":false,"template":"","format":"standard","meta":{"footnotes":""},"categories":[9],"tags":[],"class_list":["post-3014","post","type-post","status-publish","format-standard","has-post-thumbnail","hentry","category-noticias"],"_links":{"self":[{"href":"https:\/\/ceas.org.pe\/index.php\/wp-json\/wp\/v2\/posts\/3014","targetHints":{"allow":["GET"]}}],"collection":[{"href":"https:\/\/ceas.org.pe\/index.php\/wp-json\/wp\/v2\/posts"}],"about":[{"href":"https:\/\/ceas.org.pe\/index.php\/wp-json\/wp\/v2\/types\/post"}],"author":[{"embeddable":true,"href":"https:\/\/ceas.org.pe\/index.php\/wp-json\/wp\/v2\/users\/1"}],"replies":[{"embeddable":true,"href":"https:\/\/ceas.org.pe\/index.php\/wp-json\/wp\/v2\/comments?post=3014"}],"version-history":[{"count":1,"href":"https:\/\/ceas.org.pe\/index.php\/wp-json\/wp\/v2\/posts\/3014\/revisions"}],"predecessor-version":[{"id":6204,"href":"https:\/\/ceas.org.pe\/index.php\/wp-json\/wp\/v2\/posts\/3014\/revisions\/6204"}],"wp:featuredmedia":[{"embeddable":true,"href":"https:\/\/ceas.org.pe\/index.php\/wp-json\/wp\/v2\/media\/7907"}],"wp:attachment":[{"href":"https:\/\/ceas.org.pe\/index.php\/wp-json\/wp\/v2\/media?parent=3014"}],"wp:term":[{"taxonomy":"category","embeddable":true,"href":"https:\/\/ceas.org.pe\/index.php\/wp-json\/wp\/v2\/categories?post=3014"},{"taxonomy":"post_tag","embeddable":true,"href":"https:\/\/ceas.org.pe\/index.php\/wp-json\/wp\/v2\/tags?post=3014"}],"curies":[{"name":"wp","href":"https:\/\/api.w.org\/{rel}","templated":true}]}}