{"id":3012,"date":"2016-11-17T18:15:29","date_gmt":"2016-11-17T18:15:29","guid":{"rendered":""},"modified":"2026-03-11T09:11:59","modified_gmt":"2026-03-11T14:11:59","slug":"francisco-hace-un-llamado-a-resplandecer-la-caridad-y-la-justicia","status":"publish","type":"post","link":"https:\/\/ceas.org.pe\/index.php\/2016\/11\/17\/francisco-hace-un-llamado-a-resplandecer-la-caridad-y-la-justicia\/","title":{"rendered":"Francisco hace un llamado a resplandecer la caridad y la justicia"},"content":{"rendered":"<p>El Papa Francisco agradeci\u00f3 la misi\u00f3n que desplegan las Caritas nacionales en el mundo y destac\u00f3 que, con el poder del Evangelio, se puede ayudar a cambiar y mejorar el mundo: el hambre y la pobreza \u00abno son una fatalidad\u00bb. \u00a0As\u00ed se expres\u00f3 al recibir a los miembros del Consejo de Representaci\u00f3n y al personal de Caritas Internacional, encabezados por su Presidente, el Cardenal Antonio Tagle. El Pont\u00edfice hizo un llamado a testimoniar el ministerio de la caridad con coraje evang\u00e9lico, impulsar la acogida de los migrantes, la paz entre los pueblos y los creyentes.<\/p>\n<p>El Obispo de Roma destac\u00f3 la importancia \u00abfundamental\u00bb de la misi\u00f3n de las Caritas as\u00ed como su papel espec\u00edfico en la Iglesia, e hizo hincapi\u00e9 en que \u00abno son agencias sociales, sino organismos eclesiales que comparten la misi\u00f3n de la Iglesia\u00bb y en que est\u00e1n llamados, seg\u00fan sus estatutos, a \u00abasistir al Papa y a los Obispos en su ministerio de la caridad\u00bb (art.14). \u00a0Evocando a San Juan Pablo II, reiter\u00f3 que \u00ablas urgencias sociales de hoy\u00bb requieren que se ponga en marcha una \u00abnueva fantas\u00eda de la caridad\u00bb (Novo milenio ineunte, 50):<\/p>\n<p>\u00abElla se vuelve concreta no s\u00f3lo en la eficacia de las ayudas brindadas, sino sobre todo en la capacidad de hacerse pr\u00f3jimo, acompa\u00f1ando a los m\u00e1s necesitados con la actitud fraterna del compartir. Se trata de hacer resplandecer la caridad y la justicia en el mundo, a la luz del Evangelio y de las ense\u00f1anzas de la Iglesia, implicando a los mismos pobres, para que sean los verdaderos protagonistas de su desarrollo\u00bb.<\/p>\n<p>\u00a0\u00abLes agradezco tanto, en nombre de toda la Iglesia, por lo que hacen por los \u00faltimos. Los aliento a proseguir en esta misi\u00f3n, que hace sentir a la Iglesia como verdadera compa\u00f1era de viaje, cercana al coraz\u00f3n y a las esperanzas de os hombres y de las mujeres de este mundo. Sigan llevando el mensaje del Evangelio de la alegr\u00eda, sobre todo a los marginados, pero tambi\u00e9n a los que tienen el poder de cambiar las cosas, porque es posible cambiar. La pobreza, el hambre, las enfermedades, la opresi\u00f3n no son una fatalidad y no pueden representar situaciones permanentes. Con fiando en el poder del Evangelio, podemos contribuir verdaderamente a cambiar las cosas o al menos a mejorarlas. Podemos reafirmar la dignidad de cuantos esperan una se\u00f1al de nuestro amor y proteger y construir juntos nuestra casa com\u00fan.<\/p>\n<p>\u00a0Asimismo, en las palabras del Papa, un especial aliento a Caritas Internacional en lo que se refiere al tema de las migraciones, invitando a perseverar en \u00abel coraje evang\u00e9lico, a rechazar todo lo que humilla al hombre y toda forma de explotaci\u00f3n que lo degrada\u00bb, e impulsando la paz:<\/p>\n<p>\u00a0\u00abMe alegra mucho saber que Caritas Internacional llevar\u00e1 adelante una campa\u00f1a sobre el tema de la migraci\u00f3n. Espero que esta bella iniciativa abra los corazones de tantos a la acogida de los refugiados y de los migrantes, para que realmente puedan sentirse \u00aben casa\u00bb en nuestras comunidades. Impulsen con esmero y renovado compromiso los procesos de desarrollo y los caminos de la paz en los pa\u00edses de los que estos hermanos y hermanas huyen o dejan buscando un futuro mejor\u00bb.<\/p>\n<p>Impulsen la paz para toda la humanidad, luchen contra la pobreza y aprendan de los pobres, fue tambi\u00e9n la exhortaci\u00f3n del Obispo de Roma:<\/p>\n<p>\u00a0\u00abSean artesanos de paz y de reconciliaci\u00f3n entre los pueblos, entre las comunidades, entre los creyentes. Pongan en marcha todas sus energ\u00edas, su compromiso, para trabajar en sinergia con las otras comunidades de fe, que como ustedes, centran su atenci\u00f3n en la dignidad de la persona. Luchen contra la pobreza y, al mismo tiempo, aprendan de los pobres. D\u00e9jense inspirar y guiar por su vida sencilla y esencial, por sus valores, por su sentido de solidaridad y su compartir, su capacidad de levantarse en las dificultades, y, sobre todo, por su experiencia vivida del Cristo sufriente, \u00c9l que es el \u00fanico Se\u00f1or y Salvador. Aprendan, por lo tanto tambi\u00e9n de su vida de oraci\u00f3n y de su confianza en Dios\u00bb.<\/p>\n<p>\u00a0Fuente: Radio Vaticana<\/p>\n<p>\u00a0<\/p>\n<p><a href=\"http:\/\/web.hilo.org.pe\/wp-content\/uploads\/papafrancisco.jpg\" target=\"_blank\" rel=\"noopener\">Ver archivo adjunto<\/a><\/p>\n","protected":false},"excerpt":{"rendered":"<p>El Papa Francisco agradeci? la misi?n que desplegan las Caritas nacionales en el mundo y destac? que, con el poder del Evangelio, se puede ayudar a cambiar y mejorar el mundo: el hambre y la pobreza \u00abno son una fatalidad\u00bb.<\/p>\n","protected":false},"author":1,"featured_media":7855,"comment_status":"closed","ping_status":"closed","sticky":false,"template":"","format":"standard","meta":{"footnotes":""},"categories":[9],"tags":[],"class_list":["post-3012","post","type-post","status-publish","format-standard","has-post-thumbnail","hentry","category-noticias"],"_links":{"self":[{"href":"https:\/\/ceas.org.pe\/index.php\/wp-json\/wp\/v2\/posts\/3012","targetHints":{"allow":["GET"]}}],"collection":[{"href":"https:\/\/ceas.org.pe\/index.php\/wp-json\/wp\/v2\/posts"}],"about":[{"href":"https:\/\/ceas.org.pe\/index.php\/wp-json\/wp\/v2\/types\/post"}],"author":[{"embeddable":true,"href":"https:\/\/ceas.org.pe\/index.php\/wp-json\/wp\/v2\/users\/1"}],"replies":[{"embeddable":true,"href":"https:\/\/ceas.org.pe\/index.php\/wp-json\/wp\/v2\/comments?post=3012"}],"version-history":[{"count":1,"href":"https:\/\/ceas.org.pe\/index.php\/wp-json\/wp\/v2\/posts\/3012\/revisions"}],"predecessor-version":[{"id":6206,"href":"https:\/\/ceas.org.pe\/index.php\/wp-json\/wp\/v2\/posts\/3012\/revisions\/6206"}],"wp:featuredmedia":[{"embeddable":true,"href":"https:\/\/ceas.org.pe\/index.php\/wp-json\/wp\/v2\/media\/7855"}],"wp:attachment":[{"href":"https:\/\/ceas.org.pe\/index.php\/wp-json\/wp\/v2\/media?parent=3012"}],"wp:term":[{"taxonomy":"category","embeddable":true,"href":"https:\/\/ceas.org.pe\/index.php\/wp-json\/wp\/v2\/categories?post=3012"},{"taxonomy":"post_tag","embeddable":true,"href":"https:\/\/ceas.org.pe\/index.php\/wp-json\/wp\/v2\/tags?post=3012"}],"curies":[{"name":"wp","href":"https:\/\/api.w.org\/{rel}","templated":true}]}}