{"id":3011,"date":"2016-11-16T10:41:41","date_gmt":"2016-11-16T10:41:41","guid":{"rendered":""},"modified":"2026-03-11T09:11:59","modified_gmt":"2026-03-11T14:11:59","slug":"eligen-a-nuevo-presidente-de-la-conferencia-episcopal-de-estados-unidos","status":"publish","type":"post","link":"https:\/\/ceas.org.pe\/index.php\/2016\/11\/16\/eligen-a-nuevo-presidente-de-la-conferencia-episcopal-de-estados-unidos\/","title":{"rendered":"Eligen a nuevo presidente de la Conferencia Episcopal de Estados Unidos"},"content":{"rendered":"<p>Cada tres a\u00f1os los obispos de Estados Unidos renuevan el cargo de presidente y vice. Normalmente, quien fue vicepresidente en el per\u00edodo anterior, es elegido presidente por los pr\u00f3ximos tres a\u00f1os. No fue excepci\u00f3n esta vez. El cardenal Daniel DiNardo, actual vicepresidente de la Conferencia Episcopal de EEUU, arzobispo de Galverston-Houston, acaba de ser elegido presidente del mencionado cuerpo. DiNardo, que cuenta con una maestr\u00eda en filosof\u00eda por la Universidad Cat\u00f3lica de Estados Unidos, una licenciatura en teolog\u00eda por la Pontificia Universidad Gregoriana y en patr\u00edstica por el Instituto Patr\u00edstico Augustinianum, fue creado y proclamado cardenal por el papa Benedicto XVI en 2007.<\/p>\n<div>\u00a0<\/div>\n<div>\u00a0<\/div>\n<div>El Card Daniel DiNardo Mons. Jos\u00e9 G\u00f3mez (Foto ZENIT cc)<\/div>\n<div>La vicepresidencia de la Conferencia Episcopal de Estados Unidos estar\u00e1 a cargo del arzobispo Jos\u00e9 G\u00f3mez, oriundo de Monterrey, M\u00e9xico, quien fuera nombrado en 2011 arzobispo de Los Angeles, cargo que sigue ocupando actualmente.<\/div>\n<div>\u00a0<\/div>\n<div>Mons. G\u00f3mez es un importante referente de la comunidad hispana en Estados Unidos, grupo \u00e9tnico que conforma actualmente el 42 por ciento de la Iglesia cat\u00f3lica del pa\u00eds. En 2001 el papa Juan Pablo II lo nombr\u00f3 obispo auxiliar de Denver. Entre 2004 y 2010 fue arzobispo de San Antonio, Texas. Es licenciado en Teolog\u00eda por la Universidad de Navarra en la ciudad de Pamplona.<\/div>\n<div>\u00a0<\/div>\n<div>Entre sus numerosas responsabilidades, el arzobispo G\u00f3mez es miembro de la comisi\u00f3n directiva del Quinto Encuentro del Ministerio Hispano de Estados Unidos, que convoca a un mill\u00f3n de agentes pastorales de 175 di\u00f3cesis del pa\u00eds.<\/div>\n<div>\u00a0<\/div>\n<div>Al cerrar la actual Asamblea General de Obispos de Estados Unidos, el arzobispo Joseph Kurtz entregar\u00e1 la presidencia al cardenal DiNardo, quien asumir\u00e1 su nuevo cargo, junto con el arzobispo G\u00f3mez.<\/div>\n<div>\u00a0<\/div>\n<div>Fuente: zenit.org<\/div>\n<p><a href=\"http:\/\/web.hilo.org.pe\/wp-content\/uploads\/Card-Dinardo.jpg\" target=\"_blank\" rel=\"noopener\">Ver archivo adjunto<\/a><\/p>\n","protected":false},"excerpt":{"rendered":"<p>Cada tres a?os los obispos de Estados Unidos renuevan el cargo de presidente y vice. Normalmente, quien fue vicepresidente en el per?odo anterior, es elegido presidente por los pr?ximos tres a?os. No fue excepci?n esta vez. El cardenal Daniel DiNardo, actual vicepresidente de la Conferencia Episcopal de EEUU, arzobispo de Galverston-Houston, acaba de ser elegido presidente del mencionado cuerpo. DiNardo, que cuenta con una maestr?a en filosof?a por la Universidad Cat?lica de Estados Unidos, una licenciatura en teolog?a por la Pontificia Universidad Gregoriana y en patr?stica por el Instituto Patr?stico Augustinianum, fue creado y proclamado cardenal por el papa Benedicto XVI en 2007.<\/p>\n","protected":false},"author":1,"featured_media":5502,"comment_status":"closed","ping_status":"closed","sticky":false,"template":"","format":"standard","meta":{"footnotes":""},"categories":[9],"tags":[],"class_list":["post-3011","post","type-post","status-publish","format-standard","has-post-thumbnail","hentry","category-noticias"],"_links":{"self":[{"href":"https:\/\/ceas.org.pe\/index.php\/wp-json\/wp\/v2\/posts\/3011","targetHints":{"allow":["GET"]}}],"collection":[{"href":"https:\/\/ceas.org.pe\/index.php\/wp-json\/wp\/v2\/posts"}],"about":[{"href":"https:\/\/ceas.org.pe\/index.php\/wp-json\/wp\/v2\/types\/post"}],"author":[{"embeddable":true,"href":"https:\/\/ceas.org.pe\/index.php\/wp-json\/wp\/v2\/users\/1"}],"replies":[{"embeddable":true,"href":"https:\/\/ceas.org.pe\/index.php\/wp-json\/wp\/v2\/comments?post=3011"}],"version-history":[{"count":1,"href":"https:\/\/ceas.org.pe\/index.php\/wp-json\/wp\/v2\/posts\/3011\/revisions"}],"predecessor-version":[{"id":6207,"href":"https:\/\/ceas.org.pe\/index.php\/wp-json\/wp\/v2\/posts\/3011\/revisions\/6207"}],"wp:featuredmedia":[{"embeddable":true,"href":"https:\/\/ceas.org.pe\/index.php\/wp-json\/wp\/v2\/media\/5502"}],"wp:attachment":[{"href":"https:\/\/ceas.org.pe\/index.php\/wp-json\/wp\/v2\/media?parent=3011"}],"wp:term":[{"taxonomy":"category","embeddable":true,"href":"https:\/\/ceas.org.pe\/index.php\/wp-json\/wp\/v2\/categories?post=3011"},{"taxonomy":"post_tag","embeddable":true,"href":"https:\/\/ceas.org.pe\/index.php\/wp-json\/wp\/v2\/tags?post=3011"}],"curies":[{"name":"wp","href":"https:\/\/api.w.org\/{rel}","templated":true}]}}